{"id":19104,"date":"2025-02-24T12:58:30","date_gmt":"2025-02-24T11:58:30","guid":{"rendered":"https:\/\/www.radicicarpet.it\/press\/teklan-x-telva-living-marzo-25\/"},"modified":"2025-02-24T13:00:59","modified_gmt":"2025-02-24T12:00:59","slug":"teklan-x-telva-living-marzo-25","status":"publish","type":"press","link":"https:\/\/www.radicicarpet.it\/fr\/press\/teklan-x-telva-living-marzo-25\/","title":{"rendered":"Teklan x Telva Living Mars &#8217;25"},"content":{"rendered":"\n<p><em>Telva Living<\/em>, magazine espagnol d\u00e9di\u00e9 \u00e0 l&#8217;int\u00e9rieur, explore dans son num\u00e9ro de mars l&#8217;univers chromatique de Teklan, designer su\u00e9doise qui joue avec des contrastes audacieux et des g\u00e9om\u00e9tries inspir\u00e9es des ann\u00e9es 60 et 70. Entre les carpettes tridimensionnelles de la collection Newstalgia pour Radici, les clins d&#8217;\u0153il \u00e0 l\u2019Op Art et les tissus outdoor \u00e9coresponsables, les images c\u00e9l\u00e8brent sa vision sophistiqu\u00e9e et innovante de la couleur dans le design d\u2019int\u00e9rieur.<\/p>\n\n\n\n<figure class=\"wp-block-gallery has-nested-images columns-default is-cropped wp-block-gallery-1 is-layout-flex wp-block-gallery-is-layout-flex\">\n<figure class=\"wp-block-image size-large\"><img decoding=\"async\" width=\"783\" height=\"1024\" data-id=\"19078\" src=\"https:\/\/www.radicicarpet.it\/app\/uploads\/2025\/02\/TelvaLiving003JMAR25-TELVA-20_02_2025-1_page-0001-783x1024.jpg\" alt=\"\" class=\"wp-image-19078\" srcset=\"https:\/\/www.radicicarpet.it\/app\/uploads\/2025\/02\/TelvaLiving003JMAR25-TELVA-20_02_2025-1_page-0001-783x1024.jpg 783w, https:\/\/www.radicicarpet.it\/app\/uploads\/2025\/02\/TelvaLiving003JMAR25-TELVA-20_02_2025-1_page-0001-229x300.jpg 229w, https:\/\/www.radicicarpet.it\/app\/uploads\/2025\/02\/TelvaLiving003JMAR25-TELVA-20_02_2025-1_page-0001-768x1005.jpg 768w, https:\/\/www.radicicarpet.it\/app\/uploads\/2025\/02\/TelvaLiving003JMAR25-TELVA-20_02_2025-1_page-0001-1174x1536.jpg 1174w, https:\/\/www.radicicarpet.it\/app\/uploads\/2025\/02\/TelvaLiving003JMAR25-TELVA-20_02_2025-1_page-0001.jpg 1264w\" sizes=\"(max-width: 783px) 100vw, 783px\" \/><\/figure>\n\n\n\n<figure class=\"wp-block-image size-large\"><img decoding=\"async\" width=\"783\" height=\"1024\" data-id=\"19091\" src=\"https:\/\/www.radicicarpet.it\/app\/uploads\/2025\/02\/TelvaLiving003JMAR25-TELVA-20_02_2025-60_page-0001-783x1024.jpg\" alt=\"\" class=\"wp-image-19091\" srcset=\"https:\/\/www.radicicarpet.it\/app\/uploads\/2025\/02\/TelvaLiving003JMAR25-TELVA-20_02_2025-60_page-0001-783x1024.jpg 783w, https:\/\/www.radicicarpet.it\/app\/uploads\/2025\/02\/TelvaLiving003JMAR25-TELVA-20_02_2025-60_page-0001-229x300.jpg 229w, https:\/\/www.radicicarpet.it\/app\/uploads\/2025\/02\/TelvaLiving003JMAR25-TELVA-20_02_2025-60_page-0001-768x1005.jpg 768w, https:\/\/www.radicicarpet.it\/app\/uploads\/2025\/02\/TelvaLiving003JMAR25-TELVA-20_02_2025-60_page-0001-1174x1536.jpg 1174w, https:\/\/www.radicicarpet.it\/app\/uploads\/2025\/02\/TelvaLiving003JMAR25-TELVA-20_02_2025-60_page-0001.jpg 1264w\" sizes=\"(max-width: 783px) 100vw, 783px\" \/><\/figure>\n\n\n\n<figure class=\"wp-block-image size-large\"><img decoding=\"async\" width=\"783\" height=\"1024\" data-id=\"19087\" src=\"https:\/\/www.radicicarpet.it\/app\/uploads\/2025\/02\/TelvaLiving003JMAR25-TELVA-20_02_2025-62_page-0001-783x1024.jpg\" alt=\"\" class=\"wp-image-19087\" srcset=\"https:\/\/www.radicicarpet.it\/app\/uploads\/2025\/02\/TelvaLiving003JMAR25-TELVA-20_02_2025-62_page-0001-783x1024.jpg 783w, https:\/\/www.radicicarpet.it\/app\/uploads\/2025\/02\/TelvaLiving003JMAR25-TELVA-20_02_2025-62_page-0001-229x300.jpg 229w, https:\/\/www.radicicarpet.it\/app\/uploads\/2025\/02\/TelvaLiving003JMAR25-TELVA-20_02_2025-62_page-0001-768x1005.jpg 768w, https:\/\/www.radicicarpet.it\/app\/uploads\/2025\/02\/TelvaLiving003JMAR25-TELVA-20_02_2025-62_page-0001-1174x1536.jpg 1174w, https:\/\/www.radicicarpet.it\/app\/uploads\/2025\/02\/TelvaLiving003JMAR25-TELVA-20_02_2025-62_page-0001.jpg 1264w\" sizes=\"(max-width: 783px) 100vw, 783px\" \/><\/figure>\n\n\n\n<figure class=\"wp-block-image size-large\"><img decoding=\"async\" width=\"783\" height=\"1024\" data-id=\"19082\" src=\"https:\/\/www.radicicarpet.it\/app\/uploads\/2025\/02\/TelvaLiving003JMAR25-TELVA-20_02_2025-61_page-0001-783x1024.jpg\" alt=\"\" class=\"wp-image-19082\" srcset=\"https:\/\/www.radicicarpet.it\/app\/uploads\/2025\/02\/TelvaLiving003JMAR25-TELVA-20_02_2025-61_page-0001-783x1024.jpg 783w, https:\/\/www.radicicarpet.it\/app\/uploads\/2025\/02\/TelvaLiving003JMAR25-TELVA-20_02_2025-61_page-0001-229x300.jpg 229w, https:\/\/www.radicicarpet.it\/app\/uploads\/2025\/02\/TelvaLiving003JMAR25-TELVA-20_02_2025-61_page-0001-768x1005.jpg 768w, https:\/\/www.radicicarpet.it\/app\/uploads\/2025\/02\/TelvaLiving003JMAR25-TELVA-20_02_2025-61_page-0001-1174x1536.jpg 1174w, https:\/\/www.radicicarpet.it\/app\/uploads\/2025\/02\/TelvaLiving003JMAR25-TELVA-20_02_2025-61_page-0001.jpg 1264w\" sizes=\"(max-width: 783px) 100vw, 783px\" \/><\/figure>\n\n\n\n<figure class=\"wp-block-image size-large\"><img decoding=\"async\" width=\"783\" height=\"1024\" data-id=\"19086\" src=\"https:\/\/www.radicicarpet.it\/app\/uploads\/2025\/02\/TelvaLiving003JMAR25-TELVA-20_02_2025-63_page-0001-783x1024.jpg\" alt=\"\" class=\"wp-image-19086\" srcset=\"https:\/\/www.radicicarpet.it\/app\/uploads\/2025\/02\/TelvaLiving003JMAR25-TELVA-20_02_2025-63_page-0001-783x1024.jpg 783w, https:\/\/www.radicicarpet.it\/app\/uploads\/2025\/02\/TelvaLiving003JMAR25-TELVA-20_02_2025-63_page-0001-229x300.jpg 229w, https:\/\/www.radicicarpet.it\/app\/uploads\/2025\/02\/TelvaLiving003JMAR25-TELVA-20_02_2025-63_page-0001-768x1005.jpg 768w, https:\/\/www.radicicarpet.it\/app\/uploads\/2025\/02\/TelvaLiving003JMAR25-TELVA-20_02_2025-63_page-0001-1174x1536.jpg 1174w, https:\/\/www.radicicarpet.it\/app\/uploads\/2025\/02\/TelvaLiving003JMAR25-TELVA-20_02_2025-63_page-0001.jpg 1264w\" sizes=\"(max-width: 783px) 100vw, 783px\" \/><\/figure>\n\n\n\n<figure class=\"wp-block-image size-large\"><img decoding=\"async\" width=\"783\" height=\"1024\" data-id=\"19097\" src=\"https:\/\/www.radicicarpet.it\/app\/uploads\/2025\/02\/TelvaLiving003JMAR25-TELVA-20_02_2025-65_page-0001-783x1024.jpg\" alt=\"\" class=\"wp-image-19097\" srcset=\"https:\/\/www.radicicarpet.it\/app\/uploads\/2025\/02\/TelvaLiving003JMAR25-TELVA-20_02_2025-65_page-0001-783x1024.jpg 783w, https:\/\/www.radicicarpet.it\/app\/uploads\/2025\/02\/TelvaLiving003JMAR25-TELVA-20_02_2025-65_page-0001-229x300.jpg 229w, https:\/\/www.radicicarpet.it\/app\/uploads\/2025\/02\/TelvaLiving003JMAR25-TELVA-20_02_2025-65_page-0001-768x1005.jpg 768w, https:\/\/www.radicicarpet.it\/app\/uploads\/2025\/02\/TelvaLiving003JMAR25-TELVA-20_02_2025-65_page-0001-1174x1536.jpg 1174w, https:\/\/www.radicicarpet.it\/app\/uploads\/2025\/02\/TelvaLiving003JMAR25-TELVA-20_02_2025-65_page-0001.jpg 1264w\" sizes=\"(max-width: 783px) 100vw, 783px\" \/><\/figure>\n<\/figure>\n\n\n\n<p><\/p>\n","protected":false},"excerpt":{"rendered":"<p>Telva Living, magazine espagnol d\u00e9di\u00e9 \u00e0 l&#8217;int\u00e9rieur, explore dans son num\u00e9ro de mars l&#8217;univers chromatique de Teklan, designer su\u00e9doise qui joue avec des contrastes audacieux et des g\u00e9om\u00e9tries inspir\u00e9es des ann\u00e9es 60 et 70. Entre les carpettes tridimensionnelles de la collection Newstalgia pour Radici, les clins d&#8217;\u0153il \u00e0 l\u2019Op Art et les tissus outdoor \u00e9coresponsables, &hellip; <a href=\"https:\/\/www.radicicarpet.it\/fr\/press\/teklan-x-telva-living-marzo-25\/\">Continued<\/a><\/p>\n","protected":false},"featured_media":19080,"template":"","class_list":["post-19104","press","type-press","status-publish","has-post-thumbnail","hentry"],"acf":[],"yoast_head":"<!-- This site is optimized with the Yoast SEO plugin v27.2 - https:\/\/yoast.com\/product\/yoast-seo-wordpress\/ -->\n<title>Teklan x Telva Living Mars &#039;25 | Radici<\/title>\n<meta name=\"robots\" content=\"index, follow, max-snippet:-1, max-image-preview:large, max-video-preview:-1\" \/>\n<link rel=\"canonical\" href=\"https:\/\/www.radicicarpet.it\/fr\/press\/teklan-x-telva-living-marzo-25\/\" \/>\n<meta property=\"og:locale\" content=\"fr_FR\" \/>\n<meta property=\"og:type\" content=\"article\" \/>\n<meta property=\"og:title\" content=\"Teklan x Telva Living Mars &#039;25 | Radici\" \/>\n<meta property=\"og:description\" content=\"Telva Living, magazine espagnol d\u00e9di\u00e9 \u00e0 l&#8217;int\u00e9rieur, explore dans son num\u00e9ro de mars l&#8217;univers chromatique de Teklan, designer su\u00e9doise qui joue avec des contrastes audacieux et des g\u00e9om\u00e9tries inspir\u00e9es des ann\u00e9es 60 et 70. Entre les carpettes tridimensionnelles de la collection Newstalgia pour Radici, les clins d&#8217;\u0153il \u00e0 l\u2019Op Art et les tissus outdoor \u00e9coresponsables, &hellip; Continued\" \/>\n<meta property=\"og:url\" content=\"https:\/\/www.radicicarpet.it\/fr\/press\/teklan-x-telva-living-marzo-25\/\" \/>\n<meta property=\"og:site_name\" content=\"Radici\" \/>\n<meta property=\"article:modified_time\" content=\"2025-02-24T12:00:59+00:00\" \/>\n<meta property=\"og:image\" content=\"https:\/\/www.radicicarpet.it\/app\/uploads\/2025\/02\/TelvaLiving003JMAR25-TELVA-20_02_2025-1_page-0001.jpg\" \/>\n\t<meta property=\"og:image:width\" content=\"1264\" \/>\n\t<meta property=\"og:image:height\" content=\"1654\" \/>\n\t<meta property=\"og:image:type\" content=\"image\/jpeg\" \/>\n<meta name=\"twitter:card\" content=\"summary_large_image\" \/>\n<meta name=\"twitter:label1\" content=\"Est. reading time\" \/>\n\t<meta name=\"twitter:data1\" content=\"2 minutes\" \/>\n<script type=\"application\/ld+json\" class=\"yoast-schema-graph\">{\"@context\":\"https:\/\/schema.org\",\"@graph\":[{\"@type\":\"WebPage\",\"@id\":\"https:\/\/www.radicicarpet.it\/fr\/press\/teklan-x-telva-living-marzo-25\/\",\"url\":\"https:\/\/www.radicicarpet.it\/fr\/press\/teklan-x-telva-living-marzo-25\/\",\"name\":\"Teklan x Telva Living Mars '25 | Radici\",\"isPartOf\":{\"@id\":\"https:\/\/www.radicicarpet.it\/fr\/#website\"},\"primaryImageOfPage\":{\"@id\":\"https:\/\/www.radicicarpet.it\/fr\/press\/teklan-x-telva-living-marzo-25\/#primaryimage\"},\"image\":{\"@id\":\"https:\/\/www.radicicarpet.it\/fr\/press\/teklan-x-telva-living-marzo-25\/#primaryimage\"},\"thumbnailUrl\":\"https:\/\/www.radicicarpet.it\/app\/uploads\/2025\/02\/TelvaLiving003JMAR25-TELVA-20_02_2025-1_page-0001.jpg\",\"datePublished\":\"2025-02-24T11:58:30+00:00\",\"dateModified\":\"2025-02-24T12:00:59+00:00\",\"breadcrumb\":{\"@id\":\"https:\/\/www.radicicarpet.it\/fr\/press\/teklan-x-telva-living-marzo-25\/#breadcrumb\"},\"inLanguage\":\"fr-FR\",\"potentialAction\":[{\"@type\":\"ReadAction\",\"target\":[\"https:\/\/www.radicicarpet.it\/fr\/press\/teklan-x-telva-living-marzo-25\/\"]}]},{\"@type\":\"ImageObject\",\"inLanguage\":\"fr-FR\",\"@id\":\"https:\/\/www.radicicarpet.it\/fr\/press\/teklan-x-telva-living-marzo-25\/#primaryimage\",\"url\":\"https:\/\/www.radicicarpet.it\/app\/uploads\/2025\/02\/TelvaLiving003JMAR25-TELVA-20_02_2025-1_page-0001.jpg\",\"contentUrl\":\"https:\/\/www.radicicarpet.it\/app\/uploads\/2025\/02\/TelvaLiving003JMAR25-TELVA-20_02_2025-1_page-0001.jpg\",\"width\":1264,\"height\":1654},{\"@type\":\"BreadcrumbList\",\"@id\":\"https:\/\/www.radicicarpet.it\/fr\/press\/teklan-x-telva-living-marzo-25\/#breadcrumb\",\"itemListElement\":[{\"@type\":\"ListItem\",\"position\":1,\"name\":\"Home\",\"item\":\"https:\/\/www.radicicarpet.it\/fr\/\"},{\"@type\":\"ListItem\",\"position\":2,\"name\":\"Press\",\"item\":\"https:\/\/www.radicicarpet.it\/fr\/press\/\"},{\"@type\":\"ListItem\",\"position\":3,\"name\":\"Teklan x Telva Living Mars &#8217;25\"}]},{\"@type\":\"WebSite\",\"@id\":\"https:\/\/www.radicicarpet.it\/fr\/#website\",\"url\":\"https:\/\/www.radicicarpet.it\/fr\/\",\"name\":\"Radici Moquette\",\"description\":\"\",\"potentialAction\":[{\"@type\":\"SearchAction\",\"target\":{\"@type\":\"EntryPoint\",\"urlTemplate\":\"https:\/\/www.radicicarpet.it\/fr\/?s={search_term_string}\"},\"query-input\":{\"@type\":\"PropertyValueSpecification\",\"valueRequired\":true,\"valueName\":\"search_term_string\"}}],\"inLanguage\":\"fr-FR\"}]}<\/script>\n<!-- \/ Yoast SEO plugin. -->","yoast_head_json":{"title":"Teklan x Telva Living Mars '25 | Radici","robots":{"index":"index","follow":"follow","max-snippet":"max-snippet:-1","max-image-preview":"max-image-preview:large","max-video-preview":"max-video-preview:-1"},"canonical":"https:\/\/www.radicicarpet.it\/fr\/press\/teklan-x-telva-living-marzo-25\/","og_locale":"fr_FR","og_type":"article","og_title":"Teklan x Telva Living Mars '25 | Radici","og_description":"Telva Living, magazine espagnol d\u00e9di\u00e9 \u00e0 l&#8217;int\u00e9rieur, explore dans son num\u00e9ro de mars l&#8217;univers chromatique de Teklan, designer su\u00e9doise qui joue avec des contrastes audacieux et des g\u00e9om\u00e9tries inspir\u00e9es des ann\u00e9es 60 et 70. Entre les carpettes tridimensionnelles de la collection Newstalgia pour Radici, les clins d&#8217;\u0153il \u00e0 l\u2019Op Art et les tissus outdoor \u00e9coresponsables, &hellip; Continued","og_url":"https:\/\/www.radicicarpet.it\/fr\/press\/teklan-x-telva-living-marzo-25\/","og_site_name":"Radici","article_modified_time":"2025-02-24T12:00:59+00:00","og_image":[{"width":1264,"height":1654,"url":"https:\/\/www.radicicarpet.it\/app\/uploads\/2025\/02\/TelvaLiving003JMAR25-TELVA-20_02_2025-1_page-0001.jpg","type":"image\/jpeg"}],"twitter_card":"summary_large_image","twitter_misc":{"Est. reading time":"2 minutes"},"schema":{"@context":"https:\/\/schema.org","@graph":[{"@type":"WebPage","@id":"https:\/\/www.radicicarpet.it\/fr\/press\/teklan-x-telva-living-marzo-25\/","url":"https:\/\/www.radicicarpet.it\/fr\/press\/teklan-x-telva-living-marzo-25\/","name":"Teklan x Telva Living Mars '25 | Radici","isPartOf":{"@id":"https:\/\/www.radicicarpet.it\/fr\/#website"},"primaryImageOfPage":{"@id":"https:\/\/www.radicicarpet.it\/fr\/press\/teklan-x-telva-living-marzo-25\/#primaryimage"},"image":{"@id":"https:\/\/www.radicicarpet.it\/fr\/press\/teklan-x-telva-living-marzo-25\/#primaryimage"},"thumbnailUrl":"https:\/\/www.radicicarpet.it\/app\/uploads\/2025\/02\/TelvaLiving003JMAR25-TELVA-20_02_2025-1_page-0001.jpg","datePublished":"2025-02-24T11:58:30+00:00","dateModified":"2025-02-24T12:00:59+00:00","breadcrumb":{"@id":"https:\/\/www.radicicarpet.it\/fr\/press\/teklan-x-telva-living-marzo-25\/#breadcrumb"},"inLanguage":"fr-FR","potentialAction":[{"@type":"ReadAction","target":["https:\/\/www.radicicarpet.it\/fr\/press\/teklan-x-telva-living-marzo-25\/"]}]},{"@type":"ImageObject","inLanguage":"fr-FR","@id":"https:\/\/www.radicicarpet.it\/fr\/press\/teklan-x-telva-living-marzo-25\/#primaryimage","url":"https:\/\/www.radicicarpet.it\/app\/uploads\/2025\/02\/TelvaLiving003JMAR25-TELVA-20_02_2025-1_page-0001.jpg","contentUrl":"https:\/\/www.radicicarpet.it\/app\/uploads\/2025\/02\/TelvaLiving003JMAR25-TELVA-20_02_2025-1_page-0001.jpg","width":1264,"height":1654},{"@type":"BreadcrumbList","@id":"https:\/\/www.radicicarpet.it\/fr\/press\/teklan-x-telva-living-marzo-25\/#breadcrumb","itemListElement":[{"@type":"ListItem","position":1,"name":"Home","item":"https:\/\/www.radicicarpet.it\/fr\/"},{"@type":"ListItem","position":2,"name":"Press","item":"https:\/\/www.radicicarpet.it\/fr\/press\/"},{"@type":"ListItem","position":3,"name":"Teklan x Telva Living Mars &#8217;25"}]},{"@type":"WebSite","@id":"https:\/\/www.radicicarpet.it\/fr\/#website","url":"https:\/\/www.radicicarpet.it\/fr\/","name":"Radici Moquette","description":"","potentialAction":[{"@type":"SearchAction","target":{"@type":"EntryPoint","urlTemplate":"https:\/\/www.radicicarpet.it\/fr\/?s={search_term_string}"},"query-input":{"@type":"PropertyValueSpecification","valueRequired":true,"valueName":"search_term_string"}}],"inLanguage":"fr-FR"}]}},"_links":{"self":[{"href":"https:\/\/www.radicicarpet.it\/fr\/wp-json\/wp\/v2\/press\/19104","targetHints":{"allow":["GET"]}}],"collection":[{"href":"https:\/\/www.radicicarpet.it\/fr\/wp-json\/wp\/v2\/press"}],"about":[{"href":"https:\/\/www.radicicarpet.it\/fr\/wp-json\/wp\/v2\/types\/press"}],"wp:featuredmedia":[{"embeddable":true,"href":"https:\/\/www.radicicarpet.it\/fr\/wp-json\/wp\/v2\/media\/19080"}],"wp:attachment":[{"href":"https:\/\/www.radicicarpet.it\/fr\/wp-json\/wp\/v2\/media?parent=19104"}],"curies":[{"name":"wp","href":"https:\/\/api.w.org\/{rel}","templated":true}]}}