{"id":18257,"date":"2024-10-08T09:51:16","date_gmt":"2024-10-08T07:51:16","guid":{"rendered":"https:\/\/www.radicicarpet.it\/press\/door-no-15-inventario\/"},"modified":"2024-10-25T10:33:12","modified_gmt":"2024-10-25T08:33:12","slug":"door-no-15-inventario","status":"publish","type":"press","link":"https:\/\/www.radicicarpet.it\/fr\/press\/door-no-15-inventario\/","title":{"rendered":"DOOR No\u00b0 15 &#8211; Inventario"},"content":{"rendered":"\n<p>Textures qui invitent, couleurs qui enveloppent. Ces images ludiques, captur\u00e9es pour le magazine Door, m\u00e9langent des courbes douces \u00e0 une \u00e9nergie vibrante, le tout pos\u00e9 sur notre tapis <a href=\"https:\/\/www.radicicarpet.it\/fr\/produits\/dolcevita\/\">Dolcevita<\/a>\u2014un tapis glamour \u00e0 poils doux disponible en 26 nuances.<\/p>\n\n\n\n<p>L\u2019esprit italien embl\u00e9matique rencontre le design moderne, o\u00f9 chaque \u00e9l\u00e9ment tisse une histoire de style et de confort.<br>Ici, la beaut\u00e9 ne r\u00e9side pas seulement dans les d\u00e9tails, mais dans la fa\u00e7on dont ils se rassemblent pour cr\u00e9er quelque chose d\u2019inoubliable.<\/p>\n\n\n\n<figure class=\"wp-block-gallery has-nested-images columns-default is-cropped wp-block-gallery-1 is-layout-flex wp-block-gallery-is-layout-flex\">\n<figure class=\"wp-block-image size-large\"><img decoding=\"async\" width=\"861\" height=\"1024\" data-id=\"18216\" src=\"https:\/\/www.radicicarpet.it\/app\/uploads\/2024\/10\/inventario_page-0002-861x1024.webp\" alt=\"Door n15 moquette dolcevita inventario\" class=\"wp-image-18216\" srcset=\"https:\/\/www.radicicarpet.it\/app\/uploads\/2024\/10\/inventario_page-0002-861x1024.webp 861w, https:\/\/www.radicicarpet.it\/app\/uploads\/2024\/10\/inventario_page-0002-252x300.webp 252w, https:\/\/www.radicicarpet.it\/app\/uploads\/2024\/10\/inventario_page-0002-768x914.webp 768w, https:\/\/www.radicicarpet.it\/app\/uploads\/2024\/10\/inventario_page-0002-1291x1536.webp 1291w, https:\/\/www.radicicarpet.it\/app\/uploads\/2024\/10\/inventario_page-0002.webp 1418w\" sizes=\"(max-width: 861px) 100vw, 861px\" \/><\/figure>\n\n\n\n<figure class=\"wp-block-image size-large\"><img decoding=\"async\" width=\"861\" height=\"1024\" data-id=\"18220\" src=\"https:\/\/www.radicicarpet.it\/app\/uploads\/2024\/10\/inventario_page-0003-861x1024.webp\" alt=\"Door n15 moquette dolcevita inventario\" class=\"wp-image-18220\" srcset=\"https:\/\/www.radicicarpet.it\/app\/uploads\/2024\/10\/inventario_page-0003-861x1024.webp 861w, https:\/\/www.radicicarpet.it\/app\/uploads\/2024\/10\/inventario_page-0003-252x300.webp 252w, https:\/\/www.radicicarpet.it\/app\/uploads\/2024\/10\/inventario_page-0003-768x914.webp 768w, https:\/\/www.radicicarpet.it\/app\/uploads\/2024\/10\/inventario_page-0003-1291x1536.webp 1291w, https:\/\/www.radicicarpet.it\/app\/uploads\/2024\/10\/inventario_page-0003.webp 1418w\" sizes=\"(max-width: 861px) 100vw, 861px\" \/><\/figure>\n\n\n\n<figure class=\"wp-block-image size-large\"><img decoding=\"async\" width=\"861\" height=\"1024\" data-id=\"18244\" src=\"https:\/\/www.radicicarpet.it\/app\/uploads\/2024\/10\/inventario_page-0009-861x1024.webp\" alt=\"Door n15 moquette dolcevita inventario\" class=\"wp-image-18244\" srcset=\"https:\/\/www.radicicarpet.it\/app\/uploads\/2024\/10\/inventario_page-0009-861x1024.webp 861w, https:\/\/www.radicicarpet.it\/app\/uploads\/2024\/10\/inventario_page-0009-252x300.webp 252w, https:\/\/www.radicicarpet.it\/app\/uploads\/2024\/10\/inventario_page-0009-768x914.webp 768w, https:\/\/www.radicicarpet.it\/app\/uploads\/2024\/10\/inventario_page-0009-1291x1536.webp 1291w, https:\/\/www.radicicarpet.it\/app\/uploads\/2024\/10\/inventario_page-0009.webp 1418w\" sizes=\"(max-width: 861px) 100vw, 861px\" \/><\/figure>\n\n\n\n<figure class=\"wp-block-image size-large\"><img decoding=\"async\" width=\"861\" height=\"1024\" data-id=\"18236\" src=\"https:\/\/www.radicicarpet.it\/app\/uploads\/2024\/10\/inventario_page-0007-861x1024.webp\" alt=\"Door n15 moquette dolcevita inventario\" class=\"wp-image-18236\" srcset=\"https:\/\/www.radicicarpet.it\/app\/uploads\/2024\/10\/inventario_page-0007-861x1024.webp 861w, https:\/\/www.radicicarpet.it\/app\/uploads\/2024\/10\/inventario_page-0007-252x300.webp 252w, https:\/\/www.radicicarpet.it\/app\/uploads\/2024\/10\/inventario_page-0007-768x914.webp 768w, https:\/\/www.radicicarpet.it\/app\/uploads\/2024\/10\/inventario_page-0007-1291x1536.webp 1291w, https:\/\/www.radicicarpet.it\/app\/uploads\/2024\/10\/inventario_page-0007.webp 1418w\" sizes=\"(max-width: 861px) 100vw, 861px\" \/><\/figure>\n\n\n\n<figure class=\"wp-block-image size-large\"><img decoding=\"async\" width=\"861\" height=\"1024\" data-id=\"18232\" src=\"https:\/\/www.radicicarpet.it\/app\/uploads\/2024\/10\/inventario_page-0006-861x1024.webp\" alt=\"Door n15 moquette dolcevita inventario\" class=\"wp-image-18232\" srcset=\"https:\/\/www.radicicarpet.it\/app\/uploads\/2024\/10\/inventario_page-0006-861x1024.webp 861w, https:\/\/www.radicicarpet.it\/app\/uploads\/2024\/10\/inventario_page-0006-252x300.webp 252w, https:\/\/www.radicicarpet.it\/app\/uploads\/2024\/10\/inventario_page-0006-768x914.webp 768w, https:\/\/www.radicicarpet.it\/app\/uploads\/2024\/10\/inventario_page-0006-1291x1536.webp 1291w, https:\/\/www.radicicarpet.it\/app\/uploads\/2024\/10\/inventario_page-0006.webp 1418w\" sizes=\"(max-width: 861px) 100vw, 861px\" \/><\/figure>\n\n\n\n<figure class=\"wp-block-image size-large\"><img decoding=\"async\" width=\"861\" height=\"1024\" data-id=\"18248\" src=\"https:\/\/www.radicicarpet.it\/app\/uploads\/2024\/10\/inventario_page-0010-861x1024.webp\" alt=\"Door n15 moquette dolcevita inventario\" class=\"wp-image-18248\" srcset=\"https:\/\/www.radicicarpet.it\/app\/uploads\/2024\/10\/inventario_page-0010-861x1024.webp 861w, https:\/\/www.radicicarpet.it\/app\/uploads\/2024\/10\/inventario_page-0010-252x300.webp 252w, https:\/\/www.radicicarpet.it\/app\/uploads\/2024\/10\/inventario_page-0010-768x914.webp 768w, https:\/\/www.radicicarpet.it\/app\/uploads\/2024\/10\/inventario_page-0010-1291x1536.webp 1291w, https:\/\/www.radicicarpet.it\/app\/uploads\/2024\/10\/inventario_page-0010.webp 1418w\" sizes=\"(max-width: 861px) 100vw, 861px\" \/><\/figure>\n\n\n\n<figure class=\"wp-block-image size-large\"><img decoding=\"async\" width=\"861\" height=\"1024\" data-id=\"18228\" src=\"https:\/\/www.radicicarpet.it\/app\/uploads\/2024\/10\/inventario_page-0005-861x1024.webp\" alt=\"Door n15 moquette dolcevita inventario\" class=\"wp-image-18228\" srcset=\"https:\/\/www.radicicarpet.it\/app\/uploads\/2024\/10\/inventario_page-0005-861x1024.webp 861w, https:\/\/www.radicicarpet.it\/app\/uploads\/2024\/10\/inventario_page-0005-252x300.webp 252w, https:\/\/www.radicicarpet.it\/app\/uploads\/2024\/10\/inventario_page-0005-768x914.webp 768w, https:\/\/www.radicicarpet.it\/app\/uploads\/2024\/10\/inventario_page-0005-1291x1536.webp 1291w, https:\/\/www.radicicarpet.it\/app\/uploads\/2024\/10\/inventario_page-0005.webp 1418w\" sizes=\"(max-width: 861px) 100vw, 861px\" \/><\/figure>\n\n\n\n<figure class=\"wp-block-image size-large\"><img decoding=\"async\" width=\"861\" height=\"1024\" data-id=\"18252\" src=\"https:\/\/www.radicicarpet.it\/app\/uploads\/2024\/10\/inventario_page-0011-861x1024.webp\" alt=\"Door n15 moquette dolcevita inventario\" class=\"wp-image-18252\" srcset=\"https:\/\/www.radicicarpet.it\/app\/uploads\/2024\/10\/inventario_page-0011-861x1024.webp 861w, https:\/\/www.radicicarpet.it\/app\/uploads\/2024\/10\/inventario_page-0011-252x300.webp 252w, https:\/\/www.radicicarpet.it\/app\/uploads\/2024\/10\/inventario_page-0011-768x914.webp 768w, https:\/\/www.radicicarpet.it\/app\/uploads\/2024\/10\/inventario_page-0011-1291x1536.webp 1291w, https:\/\/www.radicicarpet.it\/app\/uploads\/2024\/10\/inventario_page-0011.webp 1418w\" sizes=\"(max-width: 861px) 100vw, 861px\" \/><\/figure>\n\n\n\n<figure class=\"wp-block-image size-large\"><img decoding=\"async\" width=\"861\" height=\"1024\" data-id=\"18224\" src=\"https:\/\/www.radicicarpet.it\/app\/uploads\/2024\/10\/inventario_page-0004-861x1024.webp\" alt=\"Door n15 moquette dolcevita inventario\" class=\"wp-image-18224\" srcset=\"https:\/\/www.radicicarpet.it\/app\/uploads\/2024\/10\/inventario_page-0004-861x1024.webp 861w, https:\/\/www.radicicarpet.it\/app\/uploads\/2024\/10\/inventario_page-0004-252x300.webp 252w, https:\/\/www.radicicarpet.it\/app\/uploads\/2024\/10\/inventario_page-0004-768x914.webp 768w, https:\/\/www.radicicarpet.it\/app\/uploads\/2024\/10\/inventario_page-0004-1291x1536.webp 1291w, https:\/\/www.radicicarpet.it\/app\/uploads\/2024\/10\/inventario_page-0004.webp 1418w\" sizes=\"(max-width: 861px) 100vw, 861px\" \/><\/figure>\n<\/figure>\n","protected":false},"excerpt":{"rendered":"<p>Textures qui invitent, couleurs qui enveloppent. Ces images ludiques, captur\u00e9es pour le magazine Door, m\u00e9langent des courbes douces \u00e0 une \u00e9nergie vibrante, le tout pos\u00e9 sur notre tapis Dolcevita\u2014un tapis glamour \u00e0 poils doux disponible en 26 nuances.<\/p>\n","protected":false},"featured_media":18212,"template":"","class_list":["post-18257","press","type-press","status-publish","has-post-thumbnail","hentry"],"acf":[],"yoast_head":"<!-- This site is optimized with the Yoast SEO plugin v27.5 - https:\/\/yoast.com\/product\/yoast-seo-wordpress\/ -->\n<title>DOOR No\u00b0 15 - Inventario | Radici<\/title>\n<meta name=\"robots\" content=\"index, follow, max-snippet:-1, max-image-preview:large, max-video-preview:-1\" \/>\n<link rel=\"canonical\" href=\"https:\/\/www.radicicarpet.it\/fr\/press\/door-no-15-inventario\/\" \/>\n<meta property=\"og:locale\" content=\"fr_FR\" \/>\n<meta property=\"og:type\" content=\"article\" \/>\n<meta property=\"og:title\" content=\"DOOR No\u00b0 15 - Inventario | Radici\" \/>\n<meta property=\"og:description\" content=\"Textures qui invitent, couleurs qui enveloppent. Ces images ludiques, captur\u00e9es pour le magazine Door, m\u00e9langent des courbes douces \u00e0 une \u00e9nergie vibrante, le tout pos\u00e9 sur notre tapis Dolcevita\u2014un tapis glamour \u00e0 poils doux disponible en 26 nuances.\" \/>\n<meta property=\"og:url\" content=\"https:\/\/www.radicicarpet.it\/fr\/press\/door-no-15-inventario\/\" \/>\n<meta property=\"og:site_name\" content=\"Radici\" \/>\n<meta property=\"article:modified_time\" content=\"2024-10-25T08:33:12+00:00\" \/>\n<meta property=\"og:image\" content=\"https:\/\/www.radicicarpet.it\/app\/uploads\/2024\/10\/inventario_page-0001.jpg\" \/>\n\t<meta property=\"og:image:width\" content=\"1418\" \/>\n\t<meta property=\"og:image:height\" content=\"1687\" \/>\n\t<meta property=\"og:image:type\" content=\"image\/jpeg\" \/>\n<meta name=\"twitter:card\" content=\"summary_large_image\" \/>\n<meta name=\"twitter:label1\" content=\"Est. reading time\" \/>\n\t<meta name=\"twitter:data1\" content=\"3 minutes\" \/>\n<script type=\"application\/ld+json\" class=\"yoast-schema-graph\">{\"@context\":\"https:\\\/\\\/schema.org\",\"@graph\":[{\"@type\":\"WebPage\",\"@id\":\"https:\\\/\\\/www.radicicarpet.it\\\/fr\\\/press\\\/door-no-15-inventario\\\/\",\"url\":\"https:\\\/\\\/www.radicicarpet.it\\\/fr\\\/press\\\/door-no-15-inventario\\\/\",\"name\":\"DOOR No\u00b0 15 - Inventario | Radici\",\"isPartOf\":{\"@id\":\"https:\\\/\\\/www.radicicarpet.it\\\/fr\\\/#website\"},\"primaryImageOfPage\":{\"@id\":\"https:\\\/\\\/www.radicicarpet.it\\\/fr\\\/press\\\/door-no-15-inventario\\\/#primaryimage\"},\"image\":{\"@id\":\"https:\\\/\\\/www.radicicarpet.it\\\/fr\\\/press\\\/door-no-15-inventario\\\/#primaryimage\"},\"thumbnailUrl\":\"https:\\\/\\\/www.radicicarpet.it\\\/app\\\/uploads\\\/2024\\\/10\\\/inventario_page-0001.jpg\",\"datePublished\":\"2024-10-08T07:51:16+00:00\",\"dateModified\":\"2024-10-25T08:33:12+00:00\",\"breadcrumb\":{\"@id\":\"https:\\\/\\\/www.radicicarpet.it\\\/fr\\\/press\\\/door-no-15-inventario\\\/#breadcrumb\"},\"inLanguage\":\"fr-FR\",\"potentialAction\":[{\"@type\":\"ReadAction\",\"target\":[\"https:\\\/\\\/www.radicicarpet.it\\\/fr\\\/press\\\/door-no-15-inventario\\\/\"]}]},{\"@type\":\"ImageObject\",\"inLanguage\":\"fr-FR\",\"@id\":\"https:\\\/\\\/www.radicicarpet.it\\\/fr\\\/press\\\/door-no-15-inventario\\\/#primaryimage\",\"url\":\"https:\\\/\\\/www.radicicarpet.it\\\/app\\\/uploads\\\/2024\\\/10\\\/inventario_page-0001.jpg\",\"contentUrl\":\"https:\\\/\\\/www.radicicarpet.it\\\/app\\\/uploads\\\/2024\\\/10\\\/inventario_page-0001.jpg\",\"width\":1418,\"height\":1687,\"caption\":\"Copertina Door n15 moquette dolcevita inventario\"},{\"@type\":\"BreadcrumbList\",\"@id\":\"https:\\\/\\\/www.radicicarpet.it\\\/fr\\\/press\\\/door-no-15-inventario\\\/#breadcrumb\",\"itemListElement\":[{\"@type\":\"ListItem\",\"position\":1,\"name\":\"Home\",\"item\":\"https:\\\/\\\/www.radicicarpet.it\\\/fr\\\/\"},{\"@type\":\"ListItem\",\"position\":2,\"name\":\"Press\",\"item\":\"https:\\\/\\\/www.radicicarpet.it\\\/fr\\\/press\\\/\"},{\"@type\":\"ListItem\",\"position\":3,\"name\":\"DOOR No\u00b0 15 &#8211; Inventario\"}]},{\"@type\":\"WebSite\",\"@id\":\"https:\\\/\\\/www.radicicarpet.it\\\/fr\\\/#website\",\"url\":\"https:\\\/\\\/www.radicicarpet.it\\\/fr\\\/\",\"name\":\"Radici Moquette\",\"description\":\"\",\"potentialAction\":[{\"@type\":\"SearchAction\",\"target\":{\"@type\":\"EntryPoint\",\"urlTemplate\":\"https:\\\/\\\/www.radicicarpet.it\\\/fr\\\/?s={search_term_string}\"},\"query-input\":{\"@type\":\"PropertyValueSpecification\",\"valueRequired\":true,\"valueName\":\"search_term_string\"}}],\"inLanguage\":\"fr-FR\"}]}<\/script>\n<!-- \/ Yoast SEO plugin. -->","yoast_head_json":{"title":"DOOR No\u00b0 15 - Inventario | Radici","robots":{"index":"index","follow":"follow","max-snippet":"max-snippet:-1","max-image-preview":"max-image-preview:large","max-video-preview":"max-video-preview:-1"},"canonical":"https:\/\/www.radicicarpet.it\/fr\/press\/door-no-15-inventario\/","og_locale":"fr_FR","og_type":"article","og_title":"DOOR No\u00b0 15 - Inventario | Radici","og_description":"Textures qui invitent, couleurs qui enveloppent. Ces images ludiques, captur\u00e9es pour le magazine Door, m\u00e9langent des courbes douces \u00e0 une \u00e9nergie vibrante, le tout pos\u00e9 sur notre tapis Dolcevita\u2014un tapis glamour \u00e0 poils doux disponible en 26 nuances.","og_url":"https:\/\/www.radicicarpet.it\/fr\/press\/door-no-15-inventario\/","og_site_name":"Radici","article_modified_time":"2024-10-25T08:33:12+00:00","og_image":[{"width":1418,"height":1687,"url":"https:\/\/www.radicicarpet.it\/app\/uploads\/2024\/10\/inventario_page-0001.jpg","type":"image\/jpeg"}],"twitter_card":"summary_large_image","twitter_misc":{"Est. reading time":"3 minutes"},"schema":{"@context":"https:\/\/schema.org","@graph":[{"@type":"WebPage","@id":"https:\/\/www.radicicarpet.it\/fr\/press\/door-no-15-inventario\/","url":"https:\/\/www.radicicarpet.it\/fr\/press\/door-no-15-inventario\/","name":"DOOR No\u00b0 15 - Inventario | Radici","isPartOf":{"@id":"https:\/\/www.radicicarpet.it\/fr\/#website"},"primaryImageOfPage":{"@id":"https:\/\/www.radicicarpet.it\/fr\/press\/door-no-15-inventario\/#primaryimage"},"image":{"@id":"https:\/\/www.radicicarpet.it\/fr\/press\/door-no-15-inventario\/#primaryimage"},"thumbnailUrl":"https:\/\/www.radicicarpet.it\/app\/uploads\/2024\/10\/inventario_page-0001.jpg","datePublished":"2024-10-08T07:51:16+00:00","dateModified":"2024-10-25T08:33:12+00:00","breadcrumb":{"@id":"https:\/\/www.radicicarpet.it\/fr\/press\/door-no-15-inventario\/#breadcrumb"},"inLanguage":"fr-FR","potentialAction":[{"@type":"ReadAction","target":["https:\/\/www.radicicarpet.it\/fr\/press\/door-no-15-inventario\/"]}]},{"@type":"ImageObject","inLanguage":"fr-FR","@id":"https:\/\/www.radicicarpet.it\/fr\/press\/door-no-15-inventario\/#primaryimage","url":"https:\/\/www.radicicarpet.it\/app\/uploads\/2024\/10\/inventario_page-0001.jpg","contentUrl":"https:\/\/www.radicicarpet.it\/app\/uploads\/2024\/10\/inventario_page-0001.jpg","width":1418,"height":1687,"caption":"Copertina Door n15 moquette dolcevita inventario"},{"@type":"BreadcrumbList","@id":"https:\/\/www.radicicarpet.it\/fr\/press\/door-no-15-inventario\/#breadcrumb","itemListElement":[{"@type":"ListItem","position":1,"name":"Home","item":"https:\/\/www.radicicarpet.it\/fr\/"},{"@type":"ListItem","position":2,"name":"Press","item":"https:\/\/www.radicicarpet.it\/fr\/press\/"},{"@type":"ListItem","position":3,"name":"DOOR No\u00b0 15 &#8211; Inventario"}]},{"@type":"WebSite","@id":"https:\/\/www.radicicarpet.it\/fr\/#website","url":"https:\/\/www.radicicarpet.it\/fr\/","name":"Radici Moquette","description":"","potentialAction":[{"@type":"SearchAction","target":{"@type":"EntryPoint","urlTemplate":"https:\/\/www.radicicarpet.it\/fr\/?s={search_term_string}"},"query-input":{"@type":"PropertyValueSpecification","valueRequired":true,"valueName":"search_term_string"}}],"inLanguage":"fr-FR"}]}},"_links":{"self":[{"href":"https:\/\/www.radicicarpet.it\/fr\/wp-json\/wp\/v2\/press\/18257","targetHints":{"allow":["GET"]}}],"collection":[{"href":"https:\/\/www.radicicarpet.it\/fr\/wp-json\/wp\/v2\/press"}],"about":[{"href":"https:\/\/www.radicicarpet.it\/fr\/wp-json\/wp\/v2\/types\/press"}],"wp:featuredmedia":[{"embeddable":true,"href":"https:\/\/www.radicicarpet.it\/fr\/wp-json\/wp\/v2\/media\/18212"}],"wp:attachment":[{"href":"https:\/\/www.radicicarpet.it\/fr\/wp-json\/wp\/v2\/media?parent=18257"}],"curies":[{"name":"wp","href":"https:\/\/api.w.org\/{rel}","templated":true}]}}