{"id":14972,"date":"2023-12-14T14:28:54","date_gmt":"2023-12-14T13:28:54","guid":{"rendered":"https:\/\/www.radicicarpet.it\/?post_type=press&#038;p=14972"},"modified":"2024-01-10T15:19:56","modified_gmt":"2024-01-10T14:19:56","slug":"casabella-decembre-2023","status":"publish","type":"press","link":"https:\/\/www.radicicarpet.it\/fr\/press\/casabella-decembre-2023\/","title":{"rendered":"Casabella D\u00e9cembre 2023"},"content":{"rendered":"\n<p><strong>Dossier de Recyclage<\/strong><\/p>\n\n\n\n<figure class=\"wp-block-image size-full\"><img decoding=\"async\" width=\"793\" height=\"878\" src=\"https:\/\/www.radicicarpet.it\/app\/uploads\/2024\/01\/Casabella_1.jpg\" alt=\"\" class=\"wp-image-14979\" srcset=\"https:\/\/www.radicicarpet.it\/app\/uploads\/2024\/01\/Casabella_1.jpg 793w, https:\/\/www.radicicarpet.it\/app\/uploads\/2024\/01\/Casabella_1-271x300.jpg 271w, https:\/\/www.radicicarpet.it\/app\/uploads\/2024\/01\/Casabella_1-768x850.jpg 768w\" sizes=\"(max-width: 793px) 100vw, 793px\" \/><\/figure>\n\n\n\n<p>Le rev\u00eatement de sol textile Bloom, au design personnalisable, est fabriqu\u00e9 \u00e0 partir d&#8217;Econyl, un fil de nylon r\u00e9g\u00e9n\u00e9r\u00e9 \u00e0 partir de d\u00e9chets industriels tels que des filets de p\u00eache, des rev\u00eatements de moquette et des chutes de production de tissus et de plastique. La mati\u00e8re premi\u00e8re, provenant \u00e0 100% de d\u00e9chets, prend une nouvelle vie et se transforme en une fibre totalement innovante qui aspire \u00e0 g\u00e9n\u00e9rer un impact positif et \u00e9cologique.<\/p>\n\n\n\n<p>\u00c0 la fin de son cycle de vie, Bloom peut \u00eatre recycl\u00e9, r\u00e9g\u00e9n\u00e9r\u00e9 et r\u00e9utilis\u00e9 comme mati\u00e8re premi\u00e8re pour de nouvelles productions, contribuant ainsi \u00e0 une circularit\u00e9 vertueuse. La fibre, symbole des recherches les plus r\u00e9centes en mati\u00e8re de durabilit\u00e9, conserve ses qualit\u00e9s intrins\u00e8ques, projet apr\u00e8s projet, traitement apr\u00e8s traitement. Ces propri\u00e9t\u00e9s ont conduit \u00e0 l&#8217;obtention de la certification Recyclable Plastic du laboratoire international CSI de Milan.<\/p>\n","protected":false},"excerpt":{"rendered":"<p>Le rev\u00eatement de sol textile Bloom, au design personnalisable, est fabriqu\u00e9 \u00e0 partir d&#8217;Econyl, un fil de nylon r\u00e9g\u00e9n\u00e9r\u00e9 \u00e0 partir de d\u00e9chets industriels tels que des filets de p\u00eache, des rev\u00eatements de moquette et des chutes de production de tissus et de plastique.<\/p>\n","protected":false},"featured_media":14975,"template":"","class_list":["post-14972","press","type-press","status-publish","has-post-thumbnail","hentry"],"acf":[],"yoast_head":"<!-- This site is optimized with the Yoast SEO plugin v27.2 - https:\/\/yoast.com\/product\/yoast-seo-wordpress\/ -->\n<title>Casabella D\u00e9cembre 2023 | Radici<\/title>\n<meta name=\"description\" content=\"Le rev\u00eatement de sol textile Bloom, au design personnalisable, est fabriqu\u00e9 \u00e0 partir d&#039;Econyl, un fil de nylon r\u00e9g\u00e9n\u00e9r\u00e9 \u00e0 partir de d\u00e9chets industriels tels que des filets de p\u00eache, des rev\u00eatements de moquette et des chutes de production de tissus et de plastique.\" \/>\n<meta name=\"robots\" content=\"index, follow, max-snippet:-1, max-image-preview:large, max-video-preview:-1\" \/>\n<link rel=\"canonical\" href=\"https:\/\/www.radicicarpet.it\/fr\/press\/casabella-decembre-2023\/\" \/>\n<meta property=\"og:locale\" content=\"fr_FR\" \/>\n<meta property=\"og:type\" content=\"article\" \/>\n<meta property=\"og:title\" content=\"Casabella D\u00e9cembre 2023 | Radici\" \/>\n<meta property=\"og:description\" content=\"Le rev\u00eatement de sol textile Bloom, au design personnalisable, est fabriqu\u00e9 \u00e0 partir d&#039;Econyl, un fil de nylon r\u00e9g\u00e9n\u00e9r\u00e9 \u00e0 partir de d\u00e9chets industriels tels que des filets de p\u00eache, des rev\u00eatements de moquette et des chutes de production de tissus et de plastique.\" \/>\n<meta property=\"og:url\" content=\"https:\/\/www.radicicarpet.it\/fr\/press\/casabella-decembre-2023\/\" \/>\n<meta property=\"og:site_name\" content=\"Radici\" \/>\n<meta property=\"article:modified_time\" content=\"2024-01-10T14:19:56+00:00\" \/>\n<meta property=\"og:image\" content=\"https:\/\/www.radicicarpet.it\/app\/uploads\/2024\/01\/Casabella_2.jpg\" \/>\n\t<meta property=\"og:image:width\" content=\"793\" \/>\n\t<meta property=\"og:image:height\" content=\"878\" \/>\n\t<meta property=\"og:image:type\" content=\"image\/jpeg\" \/>\n<meta name=\"twitter:card\" content=\"summary_large_image\" \/>\n<meta name=\"twitter:label1\" content=\"Est. reading time\" \/>\n\t<meta name=\"twitter:data1\" content=\"1 minute\" \/>\n<script type=\"application\/ld+json\" class=\"yoast-schema-graph\">{\"@context\":\"https:\/\/schema.org\",\"@graph\":[{\"@type\":\"WebPage\",\"@id\":\"https:\/\/www.radicicarpet.it\/fr\/press\/casabella-decembre-2023\/\",\"url\":\"https:\/\/www.radicicarpet.it\/fr\/press\/casabella-decembre-2023\/\",\"name\":\"Casabella D\u00e9cembre 2023 | Radici\",\"isPartOf\":{\"@id\":\"https:\/\/www.radicicarpet.it\/fr\/#website\"},\"primaryImageOfPage\":{\"@id\":\"https:\/\/www.radicicarpet.it\/fr\/press\/casabella-decembre-2023\/#primaryimage\"},\"image\":{\"@id\":\"https:\/\/www.radicicarpet.it\/fr\/press\/casabella-decembre-2023\/#primaryimage\"},\"thumbnailUrl\":\"https:\/\/www.radicicarpet.it\/app\/uploads\/2024\/01\/Casabella_2.jpg\",\"datePublished\":\"2023-12-14T13:28:54+00:00\",\"dateModified\":\"2024-01-10T14:19:56+00:00\",\"description\":\"Le rev\u00eatement de sol textile Bloom, au design personnalisable, est fabriqu\u00e9 \u00e0 partir d'Econyl, un fil de nylon r\u00e9g\u00e9n\u00e9r\u00e9 \u00e0 partir de d\u00e9chets industriels tels que des filets de p\u00eache, des rev\u00eatements de moquette et des chutes de production de tissus et de plastique.\",\"breadcrumb\":{\"@id\":\"https:\/\/www.radicicarpet.it\/fr\/press\/casabella-decembre-2023\/#breadcrumb\"},\"inLanguage\":\"fr-FR\",\"potentialAction\":[{\"@type\":\"ReadAction\",\"target\":[\"https:\/\/www.radicicarpet.it\/fr\/press\/casabella-decembre-2023\/\"]}]},{\"@type\":\"ImageObject\",\"inLanguage\":\"fr-FR\",\"@id\":\"https:\/\/www.radicicarpet.it\/fr\/press\/casabella-decembre-2023\/#primaryimage\",\"url\":\"https:\/\/www.radicicarpet.it\/app\/uploads\/2024\/01\/Casabella_2.jpg\",\"contentUrl\":\"https:\/\/www.radicicarpet.it\/app\/uploads\/2024\/01\/Casabella_2.jpg\",\"width\":793,\"height\":878},{\"@type\":\"BreadcrumbList\",\"@id\":\"https:\/\/www.radicicarpet.it\/fr\/press\/casabella-decembre-2023\/#breadcrumb\",\"itemListElement\":[{\"@type\":\"ListItem\",\"position\":1,\"name\":\"Home\",\"item\":\"https:\/\/www.radicicarpet.it\/fr\/\"},{\"@type\":\"ListItem\",\"position\":2,\"name\":\"Press\",\"item\":\"https:\/\/www.radicicarpet.it\/fr\/press\/\"},{\"@type\":\"ListItem\",\"position\":3,\"name\":\"Casabella D\u00e9cembre 2023\"}]},{\"@type\":\"WebSite\",\"@id\":\"https:\/\/www.radicicarpet.it\/fr\/#website\",\"url\":\"https:\/\/www.radicicarpet.it\/fr\/\",\"name\":\"Radici Moquette\",\"description\":\"\",\"potentialAction\":[{\"@type\":\"SearchAction\",\"target\":{\"@type\":\"EntryPoint\",\"urlTemplate\":\"https:\/\/www.radicicarpet.it\/fr\/?s={search_term_string}\"},\"query-input\":{\"@type\":\"PropertyValueSpecification\",\"valueRequired\":true,\"valueName\":\"search_term_string\"}}],\"inLanguage\":\"fr-FR\"}]}<\/script>\n<!-- \/ Yoast SEO plugin. -->","yoast_head_json":{"title":"Casabella D\u00e9cembre 2023 | Radici","description":"Le rev\u00eatement de sol textile Bloom, au design personnalisable, est fabriqu\u00e9 \u00e0 partir d'Econyl, un fil de nylon r\u00e9g\u00e9n\u00e9r\u00e9 \u00e0 partir de d\u00e9chets industriels tels que des filets de p\u00eache, des rev\u00eatements de moquette et des chutes de production de tissus et de plastique.","robots":{"index":"index","follow":"follow","max-snippet":"max-snippet:-1","max-image-preview":"max-image-preview:large","max-video-preview":"max-video-preview:-1"},"canonical":"https:\/\/www.radicicarpet.it\/fr\/press\/casabella-decembre-2023\/","og_locale":"fr_FR","og_type":"article","og_title":"Casabella D\u00e9cembre 2023 | Radici","og_description":"Le rev\u00eatement de sol textile Bloom, au design personnalisable, est fabriqu\u00e9 \u00e0 partir d'Econyl, un fil de nylon r\u00e9g\u00e9n\u00e9r\u00e9 \u00e0 partir de d\u00e9chets industriels tels que des filets de p\u00eache, des rev\u00eatements de moquette et des chutes de production de tissus et de plastique.","og_url":"https:\/\/www.radicicarpet.it\/fr\/press\/casabella-decembre-2023\/","og_site_name":"Radici","article_modified_time":"2024-01-10T14:19:56+00:00","og_image":[{"width":793,"height":878,"url":"https:\/\/www.radicicarpet.it\/app\/uploads\/2024\/01\/Casabella_2.jpg","type":"image\/jpeg"}],"twitter_card":"summary_large_image","twitter_misc":{"Est. reading time":"1 minute"},"schema":{"@context":"https:\/\/schema.org","@graph":[{"@type":"WebPage","@id":"https:\/\/www.radicicarpet.it\/fr\/press\/casabella-decembre-2023\/","url":"https:\/\/www.radicicarpet.it\/fr\/press\/casabella-decembre-2023\/","name":"Casabella D\u00e9cembre 2023 | Radici","isPartOf":{"@id":"https:\/\/www.radicicarpet.it\/fr\/#website"},"primaryImageOfPage":{"@id":"https:\/\/www.radicicarpet.it\/fr\/press\/casabella-decembre-2023\/#primaryimage"},"image":{"@id":"https:\/\/www.radicicarpet.it\/fr\/press\/casabella-decembre-2023\/#primaryimage"},"thumbnailUrl":"https:\/\/www.radicicarpet.it\/app\/uploads\/2024\/01\/Casabella_2.jpg","datePublished":"2023-12-14T13:28:54+00:00","dateModified":"2024-01-10T14:19:56+00:00","description":"Le rev\u00eatement de sol textile Bloom, au design personnalisable, est fabriqu\u00e9 \u00e0 partir d'Econyl, un fil de nylon r\u00e9g\u00e9n\u00e9r\u00e9 \u00e0 partir de d\u00e9chets industriels tels que des filets de p\u00eache, des rev\u00eatements de moquette et des chutes de production de tissus et de plastique.","breadcrumb":{"@id":"https:\/\/www.radicicarpet.it\/fr\/press\/casabella-decembre-2023\/#breadcrumb"},"inLanguage":"fr-FR","potentialAction":[{"@type":"ReadAction","target":["https:\/\/www.radicicarpet.it\/fr\/press\/casabella-decembre-2023\/"]}]},{"@type":"ImageObject","inLanguage":"fr-FR","@id":"https:\/\/www.radicicarpet.it\/fr\/press\/casabella-decembre-2023\/#primaryimage","url":"https:\/\/www.radicicarpet.it\/app\/uploads\/2024\/01\/Casabella_2.jpg","contentUrl":"https:\/\/www.radicicarpet.it\/app\/uploads\/2024\/01\/Casabella_2.jpg","width":793,"height":878},{"@type":"BreadcrumbList","@id":"https:\/\/www.radicicarpet.it\/fr\/press\/casabella-decembre-2023\/#breadcrumb","itemListElement":[{"@type":"ListItem","position":1,"name":"Home","item":"https:\/\/www.radicicarpet.it\/fr\/"},{"@type":"ListItem","position":2,"name":"Press","item":"https:\/\/www.radicicarpet.it\/fr\/press\/"},{"@type":"ListItem","position":3,"name":"Casabella D\u00e9cembre 2023"}]},{"@type":"WebSite","@id":"https:\/\/www.radicicarpet.it\/fr\/#website","url":"https:\/\/www.radicicarpet.it\/fr\/","name":"Radici Moquette","description":"","potentialAction":[{"@type":"SearchAction","target":{"@type":"EntryPoint","urlTemplate":"https:\/\/www.radicicarpet.it\/fr\/?s={search_term_string}"},"query-input":{"@type":"PropertyValueSpecification","valueRequired":true,"valueName":"search_term_string"}}],"inLanguage":"fr-FR"}]}},"_links":{"self":[{"href":"https:\/\/www.radicicarpet.it\/fr\/wp-json\/wp\/v2\/press\/14972","targetHints":{"allow":["GET"]}}],"collection":[{"href":"https:\/\/www.radicicarpet.it\/fr\/wp-json\/wp\/v2\/press"}],"about":[{"href":"https:\/\/www.radicicarpet.it\/fr\/wp-json\/wp\/v2\/types\/press"}],"wp:featuredmedia":[{"embeddable":true,"href":"https:\/\/www.radicicarpet.it\/fr\/wp-json\/wp\/v2\/media\/14975"}],"wp:attachment":[{"href":"https:\/\/www.radicicarpet.it\/fr\/wp-json\/wp\/v2\/media?parent=14972"}],"curies":[{"name":"wp","href":"https:\/\/api.w.org\/{rel}","templated":true}]}}