{"id":12845,"date":"2023-04-01T15:29:00","date_gmt":"2023-04-01T13:29:00","guid":{"rendered":"https:\/\/www.radicicarpet.it\/press\/elle-decor-design-preview-2023\/"},"modified":"2023-11-30T15:18:35","modified_gmt":"2023-11-30T14:18:35","slug":"elle-decor-design-preview-2023","status":"publish","type":"press","link":"https:\/\/www.radicicarpet.it\/fr\/press\/elle-decor-design-preview-2023\/","title":{"rendered":"Elle Decor Design Preview 2023"},"content":{"rendered":"\n<p>Des \u00e9clectismes possibles. Des architectes et des stylistes signent ensemble des projets textiles. Des artistes et des designers se rencontrent pour l\u2019anniversaire d\u2019une marque historique.<\/p>\n\n\n\n<figure class=\"wp-block-image size-large\"><img decoding=\"async\" width=\"818\" height=\"1024\" src=\"https:\/\/www.radicicarpet.it\/app\/uploads\/2023\/10\/2-11-818x1024.webp\" alt=\"Elle Decor Design Preview 2023\" class=\"wp-image-7240\" srcset=\"https:\/\/www.radicicarpet.it\/app\/uploads\/2023\/10\/2-11-818x1024.webp 818w, https:\/\/www.radicicarpet.it\/app\/uploads\/2023\/10\/2-11-240x300.webp 240w, https:\/\/www.radicicarpet.it\/app\/uploads\/2023\/10\/2-11-768x961.webp 768w, https:\/\/www.radicicarpet.it\/app\/uploads\/2023\/10\/2-11-1227x1536.webp 1227w, https:\/\/www.radicicarpet.it\/app\/uploads\/2023\/10\/2-11-1636x2048.webp 1636w, https:\/\/www.radicicarpet.it\/app\/uploads\/2023\/10\/2-11.webp 1800w\" sizes=\"(max-width: 818px) 100vw, 818px\" \/><\/figure>\n\n\n\n<p>KINK ET TARTAN DOODLES \u2014Les motifs graphiques et les contrastes de couleurs sont tr\u00e8s efficaces, dans un m\u00e9lange de th\u00e8mes apparemment inconciliables \u2014 la rigueur des motifs \u00e9cossais et l\u2019irr\u00e9gularit\u00e9 des marques apparemment al\u00e9atoires \u2014 caract\u00e9risent la collection de rev\u00eatements de sol textiles con\u00e7us par Dwa Design Studio et Arthur Arbesser pour Radici.<br>Pour d\u00e9corer de mani\u00e8re inhabituelle l\u2019int\u00e9rieur.<\/p>\n","protected":false},"excerpt":{"rendered":"<p>Des \u00e9clectismes possibles. Des architectes et des stylistes signent ensemble des projets textiles. Des artistes et des designers se rencontrent pour l\u2019anniversaire d\u2019une marque historique.<\/p>\n","protected":false},"featured_media":12846,"template":"","class_list":["post-12845","press","type-press","status-publish","has-post-thumbnail","hentry"],"acf":[],"yoast_head":"<!-- This site is optimized with the Yoast SEO plugin v27.2 - https:\/\/yoast.com\/product\/yoast-seo-wordpress\/ -->\n<title>Elle Decor Design Preview 2023 | Radici<\/title>\n<meta name=\"description\" content=\"Des \u00e9clectismes possibles. Des architectes et des stylistes signent ensemble des projets textiles. Des artistes et des designers se rencontrent pour l\u2019anniversaire d\u2019une marque historique.\" \/>\n<meta name=\"robots\" content=\"index, follow, max-snippet:-1, max-image-preview:large, max-video-preview:-1\" \/>\n<link rel=\"canonical\" href=\"https:\/\/www.radicicarpet.it\/fr\/press\/elle-decor-design-preview-2023\/\" \/>\n<meta property=\"og:locale\" content=\"fr_FR\" \/>\n<meta property=\"og:type\" content=\"article\" \/>\n<meta property=\"og:title\" content=\"Elle Decor Design Preview 2023 | Radici\" \/>\n<meta property=\"og:description\" content=\"Des \u00e9clectismes possibles. Des architectes et des stylistes signent ensemble des projets textiles. Des artistes et des designers se rencontrent pour l\u2019anniversaire d\u2019une marque historique.\" \/>\n<meta property=\"og:url\" content=\"https:\/\/www.radicicarpet.it\/fr\/press\/elle-decor-design-preview-2023\/\" \/>\n<meta property=\"og:site_name\" content=\"Radici\" \/>\n<meta property=\"article:modified_time\" content=\"2023-11-30T14:18:35+00:00\" \/>\n<meta property=\"og:image\" content=\"https:\/\/www.radicicarpet.it\/app\/uploads\/2023\/10\/Copertina-1.png\" \/>\n\t<meta property=\"og:image:width\" content=\"647\" \/>\n\t<meta property=\"og:image:height\" content=\"823\" \/>\n\t<meta property=\"og:image:type\" content=\"image\/png\" \/>\n<meta name=\"twitter:card\" content=\"summary_large_image\" \/>\n<meta name=\"twitter:label1\" content=\"Est. reading time\" \/>\n\t<meta name=\"twitter:data1\" content=\"1 minute\" \/>\n<script type=\"application\/ld+json\" class=\"yoast-schema-graph\">{\"@context\":\"https:\/\/schema.org\",\"@graph\":[{\"@type\":\"WebPage\",\"@id\":\"https:\/\/www.radicicarpet.it\/fr\/press\/elle-decor-design-preview-2023\/\",\"url\":\"https:\/\/www.radicicarpet.it\/fr\/press\/elle-decor-design-preview-2023\/\",\"name\":\"Elle Decor Design Preview 2023 | Radici\",\"isPartOf\":{\"@id\":\"https:\/\/www.radicicarpet.it\/fr\/#website\"},\"primaryImageOfPage\":{\"@id\":\"https:\/\/www.radicicarpet.it\/fr\/press\/elle-decor-design-preview-2023\/#primaryimage\"},\"image\":{\"@id\":\"https:\/\/www.radicicarpet.it\/fr\/press\/elle-decor-design-preview-2023\/#primaryimage\"},\"thumbnailUrl\":\"https:\/\/www.radicicarpet.it\/app\/uploads\/2023\/10\/Copertina-1.png\",\"datePublished\":\"2023-04-01T13:29:00+00:00\",\"dateModified\":\"2023-11-30T14:18:35+00:00\",\"description\":\"Des \u00e9clectismes possibles. Des architectes et des stylistes signent ensemble des projets textiles. Des artistes et des designers se rencontrent pour l\u2019anniversaire d\u2019une marque historique.\",\"breadcrumb\":{\"@id\":\"https:\/\/www.radicicarpet.it\/fr\/press\/elle-decor-design-preview-2023\/#breadcrumb\"},\"inLanguage\":\"fr-FR\",\"potentialAction\":[{\"@type\":\"ReadAction\",\"target\":[\"https:\/\/www.radicicarpet.it\/fr\/press\/elle-decor-design-preview-2023\/\"]}]},{\"@type\":\"ImageObject\",\"inLanguage\":\"fr-FR\",\"@id\":\"https:\/\/www.radicicarpet.it\/fr\/press\/elle-decor-design-preview-2023\/#primaryimage\",\"url\":\"https:\/\/www.radicicarpet.it\/app\/uploads\/2023\/10\/Copertina-1.png\",\"contentUrl\":\"https:\/\/www.radicicarpet.it\/app\/uploads\/2023\/10\/Copertina-1.png\",\"width\":647,\"height\":823},{\"@type\":\"BreadcrumbList\",\"@id\":\"https:\/\/www.radicicarpet.it\/fr\/press\/elle-decor-design-preview-2023\/#breadcrumb\",\"itemListElement\":[{\"@type\":\"ListItem\",\"position\":1,\"name\":\"Home\",\"item\":\"https:\/\/www.radicicarpet.it\/fr\/\"},{\"@type\":\"ListItem\",\"position\":2,\"name\":\"Press\",\"item\":\"https:\/\/www.radicicarpet.it\/fr\/press\/\"},{\"@type\":\"ListItem\",\"position\":3,\"name\":\"Elle Decor Design Preview 2023\"}]},{\"@type\":\"WebSite\",\"@id\":\"https:\/\/www.radicicarpet.it\/fr\/#website\",\"url\":\"https:\/\/www.radicicarpet.it\/fr\/\",\"name\":\"Radici Moquette\",\"description\":\"\",\"potentialAction\":[{\"@type\":\"SearchAction\",\"target\":{\"@type\":\"EntryPoint\",\"urlTemplate\":\"https:\/\/www.radicicarpet.it\/fr\/?s={search_term_string}\"},\"query-input\":{\"@type\":\"PropertyValueSpecification\",\"valueRequired\":true,\"valueName\":\"search_term_string\"}}],\"inLanguage\":\"fr-FR\"}]}<\/script>\n<!-- \/ Yoast SEO plugin. -->","yoast_head_json":{"title":"Elle Decor Design Preview 2023 | Radici","description":"Des \u00e9clectismes possibles. Des architectes et des stylistes signent ensemble des projets textiles. Des artistes et des designers se rencontrent pour l\u2019anniversaire d\u2019une marque historique.","robots":{"index":"index","follow":"follow","max-snippet":"max-snippet:-1","max-image-preview":"max-image-preview:large","max-video-preview":"max-video-preview:-1"},"canonical":"https:\/\/www.radicicarpet.it\/fr\/press\/elle-decor-design-preview-2023\/","og_locale":"fr_FR","og_type":"article","og_title":"Elle Decor Design Preview 2023 | Radici","og_description":"Des \u00e9clectismes possibles. Des architectes et des stylistes signent ensemble des projets textiles. Des artistes et des designers se rencontrent pour l\u2019anniversaire d\u2019une marque historique.","og_url":"https:\/\/www.radicicarpet.it\/fr\/press\/elle-decor-design-preview-2023\/","og_site_name":"Radici","article_modified_time":"2023-11-30T14:18:35+00:00","og_image":[{"width":647,"height":823,"url":"https:\/\/www.radicicarpet.it\/app\/uploads\/2023\/10\/Copertina-1.png","type":"image\/png"}],"twitter_card":"summary_large_image","twitter_misc":{"Est. reading time":"1 minute"},"schema":{"@context":"https:\/\/schema.org","@graph":[{"@type":"WebPage","@id":"https:\/\/www.radicicarpet.it\/fr\/press\/elle-decor-design-preview-2023\/","url":"https:\/\/www.radicicarpet.it\/fr\/press\/elle-decor-design-preview-2023\/","name":"Elle Decor Design Preview 2023 | Radici","isPartOf":{"@id":"https:\/\/www.radicicarpet.it\/fr\/#website"},"primaryImageOfPage":{"@id":"https:\/\/www.radicicarpet.it\/fr\/press\/elle-decor-design-preview-2023\/#primaryimage"},"image":{"@id":"https:\/\/www.radicicarpet.it\/fr\/press\/elle-decor-design-preview-2023\/#primaryimage"},"thumbnailUrl":"https:\/\/www.radicicarpet.it\/app\/uploads\/2023\/10\/Copertina-1.png","datePublished":"2023-04-01T13:29:00+00:00","dateModified":"2023-11-30T14:18:35+00:00","description":"Des \u00e9clectismes possibles. Des architectes et des stylistes signent ensemble des projets textiles. Des artistes et des designers se rencontrent pour l\u2019anniversaire d\u2019une marque historique.","breadcrumb":{"@id":"https:\/\/www.radicicarpet.it\/fr\/press\/elle-decor-design-preview-2023\/#breadcrumb"},"inLanguage":"fr-FR","potentialAction":[{"@type":"ReadAction","target":["https:\/\/www.radicicarpet.it\/fr\/press\/elle-decor-design-preview-2023\/"]}]},{"@type":"ImageObject","inLanguage":"fr-FR","@id":"https:\/\/www.radicicarpet.it\/fr\/press\/elle-decor-design-preview-2023\/#primaryimage","url":"https:\/\/www.radicicarpet.it\/app\/uploads\/2023\/10\/Copertina-1.png","contentUrl":"https:\/\/www.radicicarpet.it\/app\/uploads\/2023\/10\/Copertina-1.png","width":647,"height":823},{"@type":"BreadcrumbList","@id":"https:\/\/www.radicicarpet.it\/fr\/press\/elle-decor-design-preview-2023\/#breadcrumb","itemListElement":[{"@type":"ListItem","position":1,"name":"Home","item":"https:\/\/www.radicicarpet.it\/fr\/"},{"@type":"ListItem","position":2,"name":"Press","item":"https:\/\/www.radicicarpet.it\/fr\/press\/"},{"@type":"ListItem","position":3,"name":"Elle Decor Design Preview 2023"}]},{"@type":"WebSite","@id":"https:\/\/www.radicicarpet.it\/fr\/#website","url":"https:\/\/www.radicicarpet.it\/fr\/","name":"Radici Moquette","description":"","potentialAction":[{"@type":"SearchAction","target":{"@type":"EntryPoint","urlTemplate":"https:\/\/www.radicicarpet.it\/fr\/?s={search_term_string}"},"query-input":{"@type":"PropertyValueSpecification","valueRequired":true,"valueName":"search_term_string"}}],"inLanguage":"fr-FR"}]}},"_links":{"self":[{"href":"https:\/\/www.radicicarpet.it\/fr\/wp-json\/wp\/v2\/press\/12845","targetHints":{"allow":["GET"]}}],"collection":[{"href":"https:\/\/www.radicicarpet.it\/fr\/wp-json\/wp\/v2\/press"}],"about":[{"href":"https:\/\/www.radicicarpet.it\/fr\/wp-json\/wp\/v2\/types\/press"}],"wp:featuredmedia":[{"embeddable":true,"href":"https:\/\/www.radicicarpet.it\/fr\/wp-json\/wp\/v2\/media\/12846"}],"wp:attachment":[{"href":"https:\/\/www.radicicarpet.it\/fr\/wp-json\/wp\/v2\/media?parent=12845"}],"curies":[{"name":"wp","href":"https:\/\/api.w.org\/{rel}","templated":true}]}}