{"id":23634,"date":"2026-09-02T10:03:00","date_gmt":"2026-09-02T08:03:00","guid":{"rendered":"https:\/\/www.radicicarpet.it\/news-fr\/pavimento-acustico\/"},"modified":"2026-07-02T10:25:01","modified_gmt":"2026-07-02T08:25:01","slug":"revetement-sol-acoustique","status":"publish","type":"post","link":"https:\/\/www.radicicarpet.it\/fr\/news-fr\/revetement-sol-acoustique\/","title":{"rendered":"Rev\u00eatement de Sol Acoustique : Comment Am\u00e9liorer le Confort Sonore des Espaces"},"content":{"rendered":"\n<figure class=\"wp-block-gallery has-nested-images columns-default is-cropped wp-block-gallery-1 is-layout-flex wp-block-gallery-is-layout-flex\">\n<figure class=\"wp-block-image size-large\"><img decoding=\"async\" width=\"1024\" height=\"683\" data-id=\"20485\" src=\"https:\/\/www.radicicarpet.it\/app\/uploads\/2025\/04\/Stone-Island-02-1024x683.webp\" alt=\"Rev\u00eatement textile con\u00e7u pour r\u00e9duire les bruits d'impact et am\u00e9liorer le confort acoustique\" class=\"wp-image-20485\" srcset=\"https:\/\/www.radicicarpet.it\/app\/uploads\/2025\/04\/Stone-Island-02-1024x683.webp 1024w, https:\/\/www.radicicarpet.it\/app\/uploads\/2025\/04\/Stone-Island-02-300x200.webp 300w, https:\/\/www.radicicarpet.it\/app\/uploads\/2025\/04\/Stone-Island-02-768x512.webp 768w, https:\/\/www.radicicarpet.it\/app\/uploads\/2025\/04\/Stone-Island-02-1536x1024.webp 1536w, https:\/\/www.radicicarpet.it\/app\/uploads\/2025\/04\/Stone-Island-02-2048x1365.webp 2048w\" sizes=\"(max-width: 1024px) 100vw, 1024px\" \/><\/figure>\n\n\n\n<figure class=\"wp-block-image size-large\"><img decoding=\"async\" width=\"1024\" height=\"683\" data-id=\"20481\" src=\"https:\/\/www.radicicarpet.it\/app\/uploads\/2025\/04\/Stone-Island-01-1024x683.webp\" alt=\"Solution Radici Carpet avec dossier g\u00e9otextile pour am\u00e9liorer le confort acoustique des espaces\" class=\"wp-image-20481\" srcset=\"https:\/\/www.radicicarpet.it\/app\/uploads\/2025\/04\/Stone-Island-01-1024x683.webp 1024w, https:\/\/www.radicicarpet.it\/app\/uploads\/2025\/04\/Stone-Island-01-300x200.webp 300w, https:\/\/www.radicicarpet.it\/app\/uploads\/2025\/04\/Stone-Island-01-768x512.webp 768w, https:\/\/www.radicicarpet.it\/app\/uploads\/2025\/04\/Stone-Island-01-1536x1024.webp 1536w, https:\/\/www.radicicarpet.it\/app\/uploads\/2025\/04\/Stone-Island-01-2048x1365.webp 2048w\" sizes=\"(max-width: 1024px) 100vw, 1024px\" \/><\/figure>\n<\/figure>\n\n\n\n<h2 class=\"wp-block-heading\">Qu&#8217;entend-on par rev\u00eatement de sol acoustique ?<\/h2>\n\n\n\n<p class=\"wp-block-paragraph\">Lorsqu&#8217;on parle de rev\u00eatement de sol acoustique, on d\u00e9signe une solution con\u00e7ue pour contribuer \u00e0 la ma\u00eetrise du bruit \u00e0 l&#8217;int\u00e9rieur d&#8217;un b\u00e2timent. Pour comprendre son fonctionnement, il est utile de distinguer deux notions souvent confondues : l&#8217;absorption acoustique et l&#8217;isolation acoustique.<\/p>\n\n\n\n<p class=\"wp-block-paragraph\">L&#8217;absorption acoustique correspond \u00e0 la capacit\u00e9 d&#8217;un mat\u00e9riau \u00e0 absorber une partie de l&#8217;\u00e9nergie sonore, r\u00e9duisant ainsi la r\u00e9verb\u00e9ration et am\u00e9liorant la qualit\u00e9 acoustique d&#8217;un espace. L&#8217;isolation acoustique, quant \u00e0 elle, d\u00e9signe la capacit\u00e9 \u00e0 limiter la transmission des bruits d&#8217;un local \u00e0 un autre.<\/p>\n\n\n\n<p class=\"wp-block-paragraph\">Ces deux performances participent au confort sonore, mais r\u00e9pondent \u00e0 des ph\u00e9nom\u00e8nes diff\u00e9rents.<\/p>\n\n\n\n<p class=\"wp-block-paragraph\">La conception acoustique prend \u00e9galement en compte plusieurs types de bruit : le bruit a\u00e9rien, comme les voix ou la musique, le bruit d&#8217;impact ou de pas, ainsi que la r\u00e9verb\u00e9ration, c&#8217;est-\u00e0-dire la persistance du son dans une pi\u00e8ce apr\u00e8s l&#8217;arr\u00eat de la source sonore.<\/p>\n\n\n\n<p class=\"wp-block-paragraph\">Les performances sont g\u00e9n\u00e9ralement exprim\u00e9es \u00e0 l&#8217;aide de param\u00e8tres sp\u00e9cifiques tels que les d\u00e9cibels (dB), la valeur \u0394Lw qui mesure la r\u00e9duction du bruit d&#8217;impact, et le coefficient \u03b1w qui d\u00e9crit la capacit\u00e9 d&#8217;absorption acoustique d&#8217;un mat\u00e9riau.<\/p>\n\n\n\n<h2 class=\"wp-block-heading\">Pourquoi la moquette est naturellement un rev\u00eatement de sol acoustique<\/h2>\n\n\n\n<p class=\"wp-block-paragraph\">Parmi les diff\u00e9rents types de rev\u00eatements de sol, la moquette poss\u00e8de des caract\u00e9ristiques qui lui conf\u00e8rent naturellement d&#8217;excellentes performances acoustiques.<\/p>\n\n\n\n<p class=\"wp-block-paragraph\">Sa structure fibreuse est constitu\u00e9e de milliers de fibres qui, associ\u00e9es \u00e0 l&#8217;air emprisonn\u00e9 entre elles, absorbent une partie de l&#8217;\u00e9nergie sonore. Contrairement aux surfaces dures, qui r\u00e9fl\u00e9chissent le son, le rev\u00eatement textile contribue \u00e0 r\u00e9duire la r\u00e9verb\u00e9ration et \u00e0 cr\u00e9er des espaces plus calmes et plus confortables.<\/p>\n\n\n\n<p class=\"wp-block-paragraph\">Le velours joue \u00e9galement un r\u00f4le essentiel. Sa surface irr\u00e9guli\u00e8re favorise la dissipation des ondes sonores et limite leur propagation dans l&#8217;espace.<\/p>\n\n\n\n<p class=\"wp-block-paragraph\">Il en r\u00e9sulte une ambiance sonore plus \u00e9quilibr\u00e9e, particuli\u00e8rement appr\u00e9ci\u00e9e dans les secteurs de l&#8217;h\u00f4tellerie, des bureaux et des espaces de divertissement.<\/p>\n\n\n\n<h2 class=\"wp-block-heading\">Dans quelle mesure une moquette peut-elle r\u00e9duire le bruit ?<\/h2>\n\n\n\n<p class=\"wp-block-paragraph\">Les performances acoustiques d&#8217;un rev\u00eatement textile d\u00e9pendent de plusieurs facteurs, notamment de sa structure, du poids du fil et du type de dossier utilis\u00e9.<\/p>\n\n\n\n<p class=\"wp-block-paragraph\">La contribution de la moquette au confort sonore se ressent d\u00e8s les premiers pas. Associ\u00e9e \u00e0 des dossiers g\u00e9otextiles sp\u00e9cialement con\u00e7us pour am\u00e9liorer l&#8217;absorption acoustique, elle devient un v\u00e9ritable \u00e9l\u00e9ment de la strat\u00e9gie acoustique du projet.<\/p>\n\n\n\n<p class=\"wp-block-paragraph\">De nombreuses collections Radici Carpet peuvent \u00eatre associ\u00e9es \u00e0 des dossiers g\u00e9otextiles disponibles en diff\u00e9rents poids et caract\u00e9ristiques techniques, capables d&#8217;am\u00e9liorer significativement la r\u00e9duction des bruits d&#8217;impact. Selon la configuration choisie, la r\u00e9duction des bruits de pas peut atteindre des valeurs comprises entre <strong>23 et 34 dB<\/strong>.<\/p>\n\n\n\n<p class=\"wp-block-paragraph\">Au-del\u00e0 de la r\u00e9duction des bruits d&#8217;impact, la moquette contribue \u00e9galement \u00e0 diminuer la r\u00e9verb\u00e9ration, am\u00e9liorant ainsi la qualit\u00e9 acoustique per\u00e7ue et l&#8217;intelligibilit\u00e9 de la parole dans les espaces partag\u00e9s.<\/p>\n\n\n\n<figure class=\"wp-block-gallery has-nested-images columns-default is-cropped wp-block-gallery-2 is-layout-flex wp-block-gallery-is-layout-flex\">\n<figure class=\"wp-block-image size-large\"><img decoding=\"async\" width=\"1024\" height=\"674\" data-id=\"22176\" src=\"https:\/\/www.radicicarpet.it\/app\/uploads\/2025\/06\/heritage-hotel-porin-makarska-makarska-photo-11-1024x674.jpg\" alt=\"Moquette pour couloirs et chambres d'h\u00f4tel offrant d'excellentes performances acoustiques\" class=\"wp-image-22176\" srcset=\"https:\/\/www.radicicarpet.it\/app\/uploads\/2025\/06\/heritage-hotel-porin-makarska-makarska-photo-11-1024x674.jpg 1024w, https:\/\/www.radicicarpet.it\/app\/uploads\/2025\/06\/heritage-hotel-porin-makarska-makarska-photo-11-300x197.jpg 300w, https:\/\/www.radicicarpet.it\/app\/uploads\/2025\/06\/heritage-hotel-porin-makarska-makarska-photo-11-768x506.jpg 768w, https:\/\/www.radicicarpet.it\/app\/uploads\/2025\/06\/heritage-hotel-porin-makarska-makarska-photo-11-1536x1011.jpg 1536w, https:\/\/www.radicicarpet.it\/app\/uploads\/2025\/06\/heritage-hotel-porin-makarska-makarska-photo-11-2048x1348.jpg 2048w\" sizes=\"(max-width: 1024px) 100vw, 1024px\" \/><\/figure>\n\n\n\n<figure class=\"wp-block-image size-large\"><img decoding=\"async\" width=\"515\" height=\"353\" data-id=\"21785\" src=\"https:\/\/www.radicicarpet.it\/app\/uploads\/2025\/09\/9g0OhWZmMeuaJiTs2kxE.webp\" alt=\"Rev\u00eatement textile pour cin\u00e9mas offrant un confort acoustique et une r\u00e9duction des bruits de pas\" class=\"wp-image-21785\" srcset=\"https:\/\/www.radicicarpet.it\/app\/uploads\/2025\/09\/9g0OhWZmMeuaJiTs2kxE.webp 515w, https:\/\/www.radicicarpet.it\/app\/uploads\/2025\/09\/9g0OhWZmMeuaJiTs2kxE-300x206.webp 300w\" sizes=\"(max-width: 515px) 100vw, 515px\" \/><\/figure>\n<\/figure>\n\n\n\n<h3 class=\"wp-block-heading\">O\u00f9 un rev\u00eatement de sol acoustique fait-il r\u00e9ellement la diff\u00e9rence ?<\/h3>\n\n\n\n<p class=\"wp-block-paragraph\">Le confort sonore devient un crit\u00e8re essentiel dans tous les environnements o\u00f9 les personnes passent une grande partie de leur journ\u00e9e.<\/p>\n\n\n\n<p class=\"wp-block-paragraph\"><strong><a href=\"https:\/\/www.radicicarpet.it\/fr\/news-fr\/moquette-per-ufficio\/\">Bureaux et espaces de travail<\/a> :<\/strong> le bruit est l&#8217;une des principales sources de distraction. Un rev\u00eatement textile contribue \u00e0 r\u00e9duire les nuisances li\u00e9es aux d\u00e9placements et am\u00e9liore la qualit\u00e9 globale de l&#8217;environnement de travail.<\/p>\n\n\n\n<p class=\"wp-block-paragraph\"><strong><a href=\"https:\/\/www.radicicarpet.it\/fr\/news-fr\/moquette-pour-hotel-confort-design-et-solutions-sur-mesure-radici-carpet\/\">H\u00f4tels et \u00e9tablissements d&#8217;h\u00e9bergement <\/a>:<\/strong> dans les couloirs, les chambres et les salles de r\u00e9union, le confort acoustique influence directement la perception de la qualit\u00e9 des espaces. R\u00e9duire les bruits de pas et limiter la propagation des sons contribue \u00e0 am\u00e9liorer l&#8217;exp\u00e9rience des clients et favorise la d\u00e9tente.<\/p>\n\n\n\n<p class=\"wp-block-paragraph\"><strong><a href=\"https:\/\/www.radicicarpet.it\/fr\/news-fr\/moquette-cinema\/\">Cin\u00e9mas, auditoriums et salles de conf\u00e9rence <\/a>:<\/strong> dans ces environnements, l&#8217;acoustique fait partie int\u00e9grante de l&#8217;exp\u00e9rience. Le rev\u00eatement textile limite les bruits ind\u00e9sirables et am\u00e9liore la qualit\u00e9 sonore de l&#8217;espace, en compl\u00e9ment des autres dispositifs acoustiques pr\u00e9sents.<\/p>\n\n\n\n<h2 class=\"wp-block-heading\">Le confort acoustique selon Radici Carpet<\/h2>\n\n\n\n<p class=\"wp-block-paragraph\">Pour nous, le confort ne concerne pas uniquement ce que l&#8217;on voit ou ce que l&#8217;on touche. Il concerne aussi ce que l&#8217;on entend.<\/p>\n\n\n\n<p class=\"wp-block-paragraph\">C&#8217;est pourquoi nombre de nos collections offrent naturellement de bonnes performances acoustiques et peuvent \u00eatre associ\u00e9es \u00e0 des dossiers g\u00e9otextiles sp\u00e9cialement d\u00e9velopp\u00e9s pour am\u00e9liorer encore davantage l&#8217;absorption des bruits d&#8217;impact et le confort sonore.<\/p>\n\n\n\n<p class=\"wp-block-paragraph\">Ces solutions r\u00e9pondent aux exigences de projets toujours plus orient\u00e9s vers le bien-\u00eatre des personnes et la qualit\u00e9 des espaces. Elles peuvent \u00e9galement contribuer \u00e0 satisfaire certains crit\u00e8res des certifications internationales d\u00e9di\u00e9es \u00e0 la sant\u00e9 et au confort des occupants, comme le <strong>WELL Building Standard<\/strong>.<\/p>\n\n\n\n<p class=\"wp-block-paragraph\">Les performances acoustiques peuvent \u00e9galement constituer un \u00e9l\u00e9ment important dans le respect des exigences r\u00e9glementaires applicables aux diff\u00e9rents b\u00e2timents, en contribuant aux objectifs d\u00e9finis par la conception acoustique.<\/p>\n\n\n\n<h2 class=\"wp-block-heading\">Quand le silence devient une valeur de projet<\/h2>\n\n\n\n<p class=\"wp-block-paragraph\">Le confort acoustique est l&#8217;un de ces \u00e9l\u00e9ments qui passent souvent inaper\u00e7us lorsqu&#8217;ils fonctionnent parfaitement, mais dont l&#8217;absence est imm\u00e9diatement perceptible.<\/p>\n\n\n\n<p class=\"wp-block-paragraph\">C&#8217;est pourquoi le choix du rev\u00eatement de sol peut avoir un impact bien plus important qu&#8217;on ne l&#8217;imagine, non seulement sur le plan esth\u00e9tique ou fonctionnel, mais aussi sur la qualit\u00e9 de l&#8217;exp\u00e9rience quotidienne des personnes qui occupent un espace.<\/p>\n\n\n\n<p class=\"wp-block-paragraph\">Dans un projet contemporain, le sol n&#8217;est plus une simple surface sur laquelle on marche. Il devient une composante active de l&#8217;environnement, capable de contribuer au bien-\u00eatre, \u00e0 la concentration et au confort des personnes. Parfois, simplement gr\u00e2ce \u00e0 quelque chose d&#8217;aussi pr\u00e9cieux que le silence.<\/p>\n\n\n\n<h2 class=\"wp-block-heading\"><strong>Produits Recommand\u00e9s<\/strong><\/h2>\n\n\n\n<figure class=\"wp-block-gallery has-nested-images columns-default is-cropped wp-block-gallery-3 is-layout-flex wp-block-gallery-is-layout-flex\">\n<figure class=\"wp-block-image size-large\"><a href=\"https:\/\/www.radicicarpet.it\/fr\/produits\/bloom-back\/\"><img decoding=\"async\" width=\"683\" height=\"1024\" data-id=\"18011\" src=\"https:\/\/www.radicicarpet.it\/app\/uploads\/2024\/10\/Bloom_Back_6-683x1024.webp\" alt=\"Rev\u00eatement de sol acoustique pour h\u00f4tels avec moquette Radici Carpet et dossier g\u00e9otextile\" class=\"wp-image-18011\" srcset=\"https:\/\/www.radicicarpet.it\/app\/uploads\/2024\/10\/Bloom_Back_6-683x1024.webp 683w, https:\/\/www.radicicarpet.it\/app\/uploads\/2024\/10\/Bloom_Back_6-200x300.webp 200w, https:\/\/www.radicicarpet.it\/app\/uploads\/2024\/10\/Bloom_Back_6-768x1152.webp 768w, https:\/\/www.radicicarpet.it\/app\/uploads\/2024\/10\/Bloom_Back_6-1024x1536.webp 1024w, https:\/\/www.radicicarpet.it\/app\/uploads\/2024\/10\/Bloom_Back_6-1365x2048.webp 1365w, https:\/\/www.radicicarpet.it\/app\/uploads\/2024\/10\/Bloom_Back_6-scaled.webp 1707w\" sizes=\"(max-width: 683px) 100vw, 683px\" \/><\/a><figcaption class=\"wp-element-caption\">Bloom Back<\/figcaption><\/figure>\n\n\n\n<figure class=\"wp-block-image size-large\"><a href=\"https:\/\/www.radicicarpet.it\/fr\/produits\/dolcevita\/\"><img decoding=\"async\" width=\"819\" height=\"1024\" data-id=\"2535\" src=\"https:\/\/www.radicicarpet.it\/app\/uploads\/2023\/09\/Dolcevita_1-819x1024.webp\" alt=\"Rev\u00eatement textile con\u00e7u pour r\u00e9duire les bruits d'impact et am\u00e9liorer le confort acoustique\" class=\"wp-image-2535\" srcset=\"https:\/\/www.radicicarpet.it\/app\/uploads\/2023\/09\/Dolcevita_1-819x1024.webp 819w, https:\/\/www.radicicarpet.it\/app\/uploads\/2023\/09\/Dolcevita_1-240x300.webp 240w, https:\/\/www.radicicarpet.it\/app\/uploads\/2023\/09\/Dolcevita_1-768x960.webp 768w, https:\/\/www.radicicarpet.it\/app\/uploads\/2023\/09\/Dolcevita_1.webp 1120w\" sizes=\"(max-width: 819px) 100vw, 819px\" \/><\/a><figcaption class=\"wp-element-caption\">Dolcevita<\/figcaption><\/figure>\n\n\n\n<figure class=\"wp-block-image size-large\"><a href=\"https:\/\/www.radicicarpet.it\/fr\/produits\/room-decor\/\"><img decoding=\"async\" width=\"768\" height=\"1024\" data-id=\"5173\" src=\"https:\/\/www.radicicarpet.it\/app\/uploads\/2023\/10\/Room-Decor_2-768x1024.webp\" alt=\"Rev\u00eatement textile Radici Carpet avec dossier g\u00e9otextile pour le confort acoustique\" class=\"wp-image-5173\" srcset=\"https:\/\/www.radicicarpet.it\/app\/uploads\/2023\/10\/Room-Decor_2-768x1024.webp 768w, https:\/\/www.radicicarpet.it\/app\/uploads\/2023\/10\/Room-Decor_2-225x300.webp 225w, https:\/\/www.radicicarpet.it\/app\/uploads\/2023\/10\/Room-Decor_2.webp 1050w\" sizes=\"(max-width: 768px) 100vw, 768px\" \/><\/a><figcaption class=\"wp-element-caption\">Room Decor<\/figcaption><\/figure>\n<\/figure>\n","protected":false},"excerpt":{"rendered":"<p>Certains bruits attirent imm\u00e9diatement notre attention, tandis que d&#8217;autres s&#8217;int\u00e8grent presque imperceptiblement \u00e0 notre quotidien. Le brouhaha d&#8217;un open space, les pas dans un couloir d&#8217;h\u00f4tel, l&#8217;\u00e9cho d&#8217;une salle de r\u00e9union ou le glissement d&#8217;une chaise sur un sol dur.<\/p>\n","protected":false},"author":5,"featured_media":20491,"comment_status":"open","ping_status":"open","sticky":false,"template":"","format":"standard","meta":{"_acf_changed":false,"inline_featured_image":false,"footnotes":""},"categories":[1725],"tags":[],"class_list":["post-23634","post","type-post","status-publish","format-standard","has-post-thumbnail","hentry","category-news-fr"],"acf":[],"yoast_head":"<!-- This site is optimized with the Yoast SEO plugin v28.3 - https:\/\/yoast.com\/product\/yoast-seo-wordpress\/ -->\n<title>Rev\u00eatement de Sol Acoustique : Comment Am\u00e9liorer le Confort Sonore des Espaces | Radici<\/title>\n<meta name=\"description\" content=\"Le rev\u00eatement de sol acoustique r\u00e9duit les bruits de pas et am\u00e9liore l&#039;acoustique int\u00e9rieure. D\u00e9couvrez comment la moquette devient un \u00e9l\u00e9ment essentiel du confort sonore.\" \/>\n<meta name=\"robots\" content=\"index, follow, max-snippet:-1, max-image-preview:large, max-video-preview:-1\" \/>\n<link rel=\"canonical\" href=\"https:\/\/www.radicicarpet.it\/fr\/news-fr\/revetement-sol-acoustique\/\" \/>\n<meta property=\"og:locale\" content=\"fr_FR\" \/>\n<meta property=\"og:type\" content=\"article\" \/>\n<meta property=\"og:title\" content=\"Rev\u00eatement de Sol Acoustique : Comment Am\u00e9liorer le Confort Sonore des Espaces | Radici\" \/>\n<meta property=\"og:description\" content=\"Le rev\u00eatement de sol acoustique r\u00e9duit les bruits de pas et am\u00e9liore l&#039;acoustique int\u00e9rieure. D\u00e9couvrez comment la moquette devient un \u00e9l\u00e9ment essentiel du confort sonore.\" \/>\n<meta property=\"og:url\" content=\"https:\/\/www.radicicarpet.it\/fr\/news-fr\/revetement-sol-acoustique\/\" \/>\n<meta property=\"og:site_name\" content=\"Radici\" \/>\n<meta property=\"article:published_time\" content=\"2026-09-02T08:03:00+00:00\" \/>\n<meta property=\"og:image\" content=\"https:\/\/www.radicicarpet.it\/app\/uploads\/2025\/04\/Stone-Island-03-scaled.webp\" \/>\n\t<meta property=\"og:image:width\" content=\"1706\" \/>\n\t<meta property=\"og:image:height\" content=\"2560\" \/>\n\t<meta property=\"og:image:type\" content=\"image\/webp\" \/>\n<meta name=\"author\" content=\"Valentina Gamba\" \/>\n<meta name=\"twitter:card\" content=\"summary_large_image\" \/>\n<meta name=\"twitter:label1\" content=\"Written by\" \/>\n\t<meta name=\"twitter:data1\" content=\"Valentina Gamba\" \/>\n\t<meta name=\"twitter:label2\" content=\"Est. reading time\" \/>\n\t<meta name=\"twitter:data2\" content=\"1 minute\" \/>\n<script type=\"application\/ld+json\" class=\"yoast-schema-graph\">{\"@context\":\"https:\\\/\\\/schema.org\",\"@graph\":[{\"@type\":\"Article\",\"@id\":\"https:\\\/\\\/www.radicicarpet.it\\\/fr\\\/news-fr\\\/revetement-sol-acoustique\\\/#article\",\"isPartOf\":{\"@id\":\"https:\\\/\\\/www.radicicarpet.it\\\/fr\\\/news-fr\\\/revetement-sol-acoustique\\\/\"},\"author\":{\"name\":\"Valentina Gamba\",\"@id\":\"https:\\\/\\\/www.radicicarpet.it\\\/fr\\\/#\\\/schema\\\/person\\\/17665ade8c4d839cac4f0be6566ddc53\"},\"headline\":\"Rev\u00eatement de Sol Acoustique : Comment Am\u00e9liorer le Confort Sonore des Espaces\",\"datePublished\":\"2026-09-02T08:03:00+00:00\",\"mainEntityOfPage\":{\"@id\":\"https:\\\/\\\/www.radicicarpet.it\\\/fr\\\/news-fr\\\/revetement-sol-acoustique\\\/\"},\"wordCount\":1038,\"commentCount\":0,\"image\":{\"@id\":\"https:\\\/\\\/www.radicicarpet.it\\\/fr\\\/news-fr\\\/revetement-sol-acoustique\\\/#primaryimage\"},\"thumbnailUrl\":\"https:\\\/\\\/www.radicicarpet.it\\\/app\\\/uploads\\\/2025\\\/04\\\/Stone-Island-03-scaled.webp\",\"articleSection\":[\"News\"],\"inLanguage\":\"fr-FR\",\"potentialAction\":[{\"@type\":\"CommentAction\",\"name\":\"Comment\",\"target\":[\"https:\\\/\\\/www.radicicarpet.it\\\/fr\\\/news-fr\\\/revetement-sol-acoustique\\\/#respond\"]}]},{\"@type\":\"WebPage\",\"@id\":\"https:\\\/\\\/www.radicicarpet.it\\\/fr\\\/news-fr\\\/revetement-sol-acoustique\\\/\",\"url\":\"https:\\\/\\\/www.radicicarpet.it\\\/fr\\\/news-fr\\\/revetement-sol-acoustique\\\/\",\"name\":\"Rev\u00eatement de Sol Acoustique : Comment Am\u00e9liorer le Confort Sonore des Espaces | Radici\",\"isPartOf\":{\"@id\":\"https:\\\/\\\/www.radicicarpet.it\\\/fr\\\/#website\"},\"primaryImageOfPage\":{\"@id\":\"https:\\\/\\\/www.radicicarpet.it\\\/fr\\\/news-fr\\\/revetement-sol-acoustique\\\/#primaryimage\"},\"image\":{\"@id\":\"https:\\\/\\\/www.radicicarpet.it\\\/fr\\\/news-fr\\\/revetement-sol-acoustique\\\/#primaryimage\"},\"thumbnailUrl\":\"https:\\\/\\\/www.radicicarpet.it\\\/app\\\/uploads\\\/2025\\\/04\\\/Stone-Island-03-scaled.webp\",\"datePublished\":\"2026-09-02T08:03:00+00:00\",\"author\":{\"@id\":\"https:\\\/\\\/www.radicicarpet.it\\\/fr\\\/#\\\/schema\\\/person\\\/17665ade8c4d839cac4f0be6566ddc53\"},\"description\":\"Le rev\u00eatement de sol acoustique r\u00e9duit les bruits de pas et am\u00e9liore l'acoustique int\u00e9rieure. D\u00e9couvrez comment la moquette devient un \u00e9l\u00e9ment essentiel du confort sonore.\",\"breadcrumb\":{\"@id\":\"https:\\\/\\\/www.radicicarpet.it\\\/fr\\\/news-fr\\\/revetement-sol-acoustique\\\/#breadcrumb\"},\"inLanguage\":\"fr-FR\",\"potentialAction\":[{\"@type\":\"ReadAction\",\"target\":[\"https:\\\/\\\/www.radicicarpet.it\\\/fr\\\/news-fr\\\/revetement-sol-acoustique\\\/\"]}]},{\"@type\":\"ImageObject\",\"inLanguage\":\"fr-FR\",\"@id\":\"https:\\\/\\\/www.radicicarpet.it\\\/fr\\\/news-fr\\\/revetement-sol-acoustique\\\/#primaryimage\",\"url\":\"https:\\\/\\\/www.radicicarpet.it\\\/app\\\/uploads\\\/2025\\\/04\\\/Stone-Island-03-scaled.webp\",\"contentUrl\":\"https:\\\/\\\/www.radicicarpet.it\\\/app\\\/uploads\\\/2025\\\/04\\\/Stone-Island-03-scaled.webp\",\"width\":1706,\"height\":2560},{\"@type\":\"BreadcrumbList\",\"@id\":\"https:\\\/\\\/www.radicicarpet.it\\\/fr\\\/news-fr\\\/revetement-sol-acoustique\\\/#breadcrumb\",\"itemListElement\":[{\"@type\":\"ListItem\",\"position\":1,\"name\":\"Home\",\"item\":\"https:\\\/\\\/www.radicicarpet.it\\\/fr\\\/\"},{\"@type\":\"ListItem\",\"position\":2,\"name\":\"Rev\u00eatement de Sol Acoustique : Comment Am\u00e9liorer le Confort Sonore des Espaces\"}]},{\"@type\":\"WebSite\",\"@id\":\"https:\\\/\\\/www.radicicarpet.it\\\/fr\\\/#website\",\"url\":\"https:\\\/\\\/www.radicicarpet.it\\\/fr\\\/\",\"name\":\"Radici Moquette\",\"description\":\"\",\"potentialAction\":[{\"@type\":\"SearchAction\",\"target\":{\"@type\":\"EntryPoint\",\"urlTemplate\":\"https:\\\/\\\/www.radicicarpet.it\\\/fr\\\/?s={search_term_string}\"},\"query-input\":{\"@type\":\"PropertyValueSpecification\",\"valueRequired\":true,\"valueName\":\"search_term_string\"}}],\"inLanguage\":\"fr-FR\"},{\"@type\":\"Person\",\"@id\":\"https:\\\/\\\/www.radicicarpet.it\\\/fr\\\/#\\\/schema\\\/person\\\/17665ade8c4d839cac4f0be6566ddc53\",\"name\":\"Valentina Gamba\",\"image\":{\"@type\":\"ImageObject\",\"inLanguage\":\"fr-FR\",\"@id\":\"https:\\\/\\\/secure.gravatar.com\\\/avatar\\\/14952b16d336fc85aa3ff8024840b9e1c17781a1ca7c3414c220bf2ec8c7ccb3?s=96&d=mm&r=g\",\"url\":\"https:\\\/\\\/secure.gravatar.com\\\/avatar\\\/14952b16d336fc85aa3ff8024840b9e1c17781a1ca7c3414c220bf2ec8c7ccb3?s=96&d=mm&r=g\",\"contentUrl\":\"https:\\\/\\\/secure.gravatar.com\\\/avatar\\\/14952b16d336fc85aa3ff8024840b9e1c17781a1ca7c3414c220bf2ec8c7ccb3?s=96&d=mm&r=g\",\"caption\":\"Valentina Gamba\"}}]}<\/script>\n<!-- \/ Yoast SEO plugin. -->","yoast_head_json":{"title":"Rev\u00eatement de Sol Acoustique : Comment Am\u00e9liorer le Confort Sonore des Espaces | Radici","description":"Le rev\u00eatement de sol acoustique r\u00e9duit les bruits de pas et am\u00e9liore l'acoustique int\u00e9rieure. D\u00e9couvrez comment la moquette devient un \u00e9l\u00e9ment essentiel du confort sonore.","robots":{"index":"index","follow":"follow","max-snippet":"max-snippet:-1","max-image-preview":"max-image-preview:large","max-video-preview":"max-video-preview:-1"},"canonical":"https:\/\/www.radicicarpet.it\/fr\/news-fr\/revetement-sol-acoustique\/","og_locale":"fr_FR","og_type":"article","og_title":"Rev\u00eatement de Sol Acoustique : Comment Am\u00e9liorer le Confort Sonore des Espaces | Radici","og_description":"Le rev\u00eatement de sol acoustique r\u00e9duit les bruits de pas et am\u00e9liore l'acoustique int\u00e9rieure. D\u00e9couvrez comment la moquette devient un \u00e9l\u00e9ment essentiel du confort sonore.","og_url":"https:\/\/www.radicicarpet.it\/fr\/news-fr\/revetement-sol-acoustique\/","og_site_name":"Radici","article_published_time":"2026-09-02T08:03:00+00:00","og_image":[{"width":1706,"height":2560,"url":"https:\/\/www.radicicarpet.it\/app\/uploads\/2025\/04\/Stone-Island-03-scaled.webp","type":"image\/webp"}],"author":"Valentina Gamba","twitter_card":"summary_large_image","twitter_misc":{"Written by":"Valentina Gamba","Est. reading time":"1 minute"},"schema":{"@context":"https:\/\/schema.org","@graph":[{"@type":"Article","@id":"https:\/\/www.radicicarpet.it\/fr\/news-fr\/revetement-sol-acoustique\/#article","isPartOf":{"@id":"https:\/\/www.radicicarpet.it\/fr\/news-fr\/revetement-sol-acoustique\/"},"author":{"name":"Valentina Gamba","@id":"https:\/\/www.radicicarpet.it\/fr\/#\/schema\/person\/17665ade8c4d839cac4f0be6566ddc53"},"headline":"Rev\u00eatement de Sol Acoustique : Comment Am\u00e9liorer le Confort Sonore des Espaces","datePublished":"2026-09-02T08:03:00+00:00","mainEntityOfPage":{"@id":"https:\/\/www.radicicarpet.it\/fr\/news-fr\/revetement-sol-acoustique\/"},"wordCount":1038,"commentCount":0,"image":{"@id":"https:\/\/www.radicicarpet.it\/fr\/news-fr\/revetement-sol-acoustique\/#primaryimage"},"thumbnailUrl":"https:\/\/www.radicicarpet.it\/app\/uploads\/2025\/04\/Stone-Island-03-scaled.webp","articleSection":["News"],"inLanguage":"fr-FR","potentialAction":[{"@type":"CommentAction","name":"Comment","target":["https:\/\/www.radicicarpet.it\/fr\/news-fr\/revetement-sol-acoustique\/#respond"]}]},{"@type":"WebPage","@id":"https:\/\/www.radicicarpet.it\/fr\/news-fr\/revetement-sol-acoustique\/","url":"https:\/\/www.radicicarpet.it\/fr\/news-fr\/revetement-sol-acoustique\/","name":"Rev\u00eatement de Sol Acoustique : Comment Am\u00e9liorer le Confort Sonore des Espaces | Radici","isPartOf":{"@id":"https:\/\/www.radicicarpet.it\/fr\/#website"},"primaryImageOfPage":{"@id":"https:\/\/www.radicicarpet.it\/fr\/news-fr\/revetement-sol-acoustique\/#primaryimage"},"image":{"@id":"https:\/\/www.radicicarpet.it\/fr\/news-fr\/revetement-sol-acoustique\/#primaryimage"},"thumbnailUrl":"https:\/\/www.radicicarpet.it\/app\/uploads\/2025\/04\/Stone-Island-03-scaled.webp","datePublished":"2026-09-02T08:03:00+00:00","author":{"@id":"https:\/\/www.radicicarpet.it\/fr\/#\/schema\/person\/17665ade8c4d839cac4f0be6566ddc53"},"description":"Le rev\u00eatement de sol acoustique r\u00e9duit les bruits de pas et am\u00e9liore l'acoustique int\u00e9rieure. D\u00e9couvrez comment la moquette devient un \u00e9l\u00e9ment essentiel du confort sonore.","breadcrumb":{"@id":"https:\/\/www.radicicarpet.it\/fr\/news-fr\/revetement-sol-acoustique\/#breadcrumb"},"inLanguage":"fr-FR","potentialAction":[{"@type":"ReadAction","target":["https:\/\/www.radicicarpet.it\/fr\/news-fr\/revetement-sol-acoustique\/"]}]},{"@type":"ImageObject","inLanguage":"fr-FR","@id":"https:\/\/www.radicicarpet.it\/fr\/news-fr\/revetement-sol-acoustique\/#primaryimage","url":"https:\/\/www.radicicarpet.it\/app\/uploads\/2025\/04\/Stone-Island-03-scaled.webp","contentUrl":"https:\/\/www.radicicarpet.it\/app\/uploads\/2025\/04\/Stone-Island-03-scaled.webp","width":1706,"height":2560},{"@type":"BreadcrumbList","@id":"https:\/\/www.radicicarpet.it\/fr\/news-fr\/revetement-sol-acoustique\/#breadcrumb","itemListElement":[{"@type":"ListItem","position":1,"name":"Home","item":"https:\/\/www.radicicarpet.it\/fr\/"},{"@type":"ListItem","position":2,"name":"Rev\u00eatement de Sol Acoustique : Comment Am\u00e9liorer le Confort Sonore des Espaces"}]},{"@type":"WebSite","@id":"https:\/\/www.radicicarpet.it\/fr\/#website","url":"https:\/\/www.radicicarpet.it\/fr\/","name":"Radici Moquette","description":"","potentialAction":[{"@type":"SearchAction","target":{"@type":"EntryPoint","urlTemplate":"https:\/\/www.radicicarpet.it\/fr\/?s={search_term_string}"},"query-input":{"@type":"PropertyValueSpecification","valueRequired":true,"valueName":"search_term_string"}}],"inLanguage":"fr-FR"},{"@type":"Person","@id":"https:\/\/www.radicicarpet.it\/fr\/#\/schema\/person\/17665ade8c4d839cac4f0be6566ddc53","name":"Valentina Gamba","image":{"@type":"ImageObject","inLanguage":"fr-FR","@id":"https:\/\/secure.gravatar.com\/avatar\/14952b16d336fc85aa3ff8024840b9e1c17781a1ca7c3414c220bf2ec8c7ccb3?s=96&d=mm&r=g","url":"https:\/\/secure.gravatar.com\/avatar\/14952b16d336fc85aa3ff8024840b9e1c17781a1ca7c3414c220bf2ec8c7ccb3?s=96&d=mm&r=g","contentUrl":"https:\/\/secure.gravatar.com\/avatar\/14952b16d336fc85aa3ff8024840b9e1c17781a1ca7c3414c220bf2ec8c7ccb3?s=96&d=mm&r=g","caption":"Valentina Gamba"}}]}},"_links":{"self":[{"href":"https:\/\/www.radicicarpet.it\/fr\/wp-json\/wp\/v2\/posts\/23634","targetHints":{"allow":["GET"]}}],"collection":[{"href":"https:\/\/www.radicicarpet.it\/fr\/wp-json\/wp\/v2\/posts"}],"about":[{"href":"https:\/\/www.radicicarpet.it\/fr\/wp-json\/wp\/v2\/types\/post"}],"author":[{"embeddable":true,"href":"https:\/\/www.radicicarpet.it\/fr\/wp-json\/wp\/v2\/users\/5"}],"replies":[{"embeddable":true,"href":"https:\/\/www.radicicarpet.it\/fr\/wp-json\/wp\/v2\/comments?post=23634"}],"version-history":[{"count":6,"href":"https:\/\/www.radicicarpet.it\/fr\/wp-json\/wp\/v2\/posts\/23634\/revisions"}],"predecessor-version":[{"id":23719,"href":"https:\/\/www.radicicarpet.it\/fr\/wp-json\/wp\/v2\/posts\/23634\/revisions\/23719"}],"wp:featuredmedia":[{"embeddable":true,"href":"https:\/\/www.radicicarpet.it\/fr\/wp-json\/wp\/v2\/media\/20491"}],"wp:attachment":[{"href":"https:\/\/www.radicicarpet.it\/fr\/wp-json\/wp\/v2\/media?parent=23634"}],"wp:term":[{"taxonomy":"category","embeddable":true,"href":"https:\/\/www.radicicarpet.it\/fr\/wp-json\/wp\/v2\/categories?post=23634"},{"taxonomy":"post_tag","embeddable":true,"href":"https:\/\/www.radicicarpet.it\/fr\/wp-json\/wp\/v2\/tags?post=23634"}],"curies":[{"name":"wp","href":"https:\/\/api.w.org\/{rel}","templated":true}]}}