{"id":21633,"date":"2025-10-15T10:00:00","date_gmt":"2025-10-15T08:00:00","guid":{"rendered":"https:\/\/www.radicicarpet.it\/?p=21633"},"modified":"2025-08-29T16:52:22","modified_gmt":"2025-08-29T14:52:22","slug":"silent-flooring-il-pavimento-per-isolamento-acustico-ideale-negli-ambienti-contract","status":"publish","type":"post","link":"https:\/\/www.radicicarpet.it\/fr\/news-fr\/silent-flooring-il-pavimento-per-isolamento-acustico-ideale-negli-ambienti-contract\/","title":{"rendered":"Silent Flooring : le rev\u00eatement de sol acoustique id\u00e9al pour les espaces contract"},"content":{"rendered":"\n<figure class=\"wp-block-gallery has-nested-images columns-default is-cropped wp-block-gallery-1 is-layout-flex wp-block-gallery-is-layout-flex\">\n<figure class=\"wp-block-image size-large\"><img decoding=\"async\" width=\"1024\" height=\"674\" data-id=\"21308\" src=\"https:\/\/www.radicicarpet.it\/app\/uploads\/2025\/06\/Porin-soba-7.2-1024x674.jpg\" alt=\"Suite de luxe avec moquette insonorisante\" class=\"wp-image-21308\" srcset=\"https:\/\/www.radicicarpet.it\/app\/uploads\/2025\/06\/Porin-soba-7.2-1024x674.jpg 1024w, https:\/\/www.radicicarpet.it\/app\/uploads\/2025\/06\/Porin-soba-7.2-300x197.jpg 300w, https:\/\/www.radicicarpet.it\/app\/uploads\/2025\/06\/Porin-soba-7.2-768x506.jpg 768w, https:\/\/www.radicicarpet.it\/app\/uploads\/2025\/06\/Porin-soba-7.2-1536x1011.jpg 1536w, https:\/\/www.radicicarpet.it\/app\/uploads\/2025\/06\/Porin-soba-7.2.jpg 1823w\" sizes=\"(max-width: 1024px) 100vw, 1024px\" \/><\/figure>\n\n\n\n<figure class=\"wp-block-image size-large\"><img decoding=\"async\" width=\"1024\" height=\"683\" data-id=\"21126\" src=\"https:\/\/www.radicicarpet.it\/app\/uploads\/2025\/06\/turist_01_14032022_17_photocopyright-by-godar-1024x683.jpg\" alt=\"Chambre d\u2019h\u00f4tel \u00e9l\u00e9gante avec moquette acoustique pour un confort sup\u00e9rieur\" class=\"wp-image-21126\" srcset=\"https:\/\/www.radicicarpet.it\/app\/uploads\/2025\/06\/turist_01_14032022_17_photocopyright-by-godar-1024x683.jpg 1024w, https:\/\/www.radicicarpet.it\/app\/uploads\/2025\/06\/turist_01_14032022_17_photocopyright-by-godar-300x200.jpg 300w, https:\/\/www.radicicarpet.it\/app\/uploads\/2025\/06\/turist_01_14032022_17_photocopyright-by-godar-768x512.jpg 768w, https:\/\/www.radicicarpet.it\/app\/uploads\/2025\/06\/turist_01_14032022_17_photocopyright-by-godar-1536x1024.jpg 1536w, https:\/\/www.radicicarpet.it\/app\/uploads\/2025\/06\/turist_01_14032022_17_photocopyright-by-godar-2048x1365.jpg 2048w\" sizes=\"(max-width: 1024px) 100vw, 1024px\" \/><\/figure>\n<\/figure>\n\n\n\n<p><strong><em>Qu\u2019est-ce qu\u2019un sol acoustique isolant ?<\/em><\/strong><\/p>\n\n\n\n<p>Un sol avec propri\u00e9t\u00e9s d\u2019isolation acoustique est une solution technique con\u00e7ue pour r\u00e9duire la transmission du bruit d\u2019impact et am\u00e9liorer l\u2019absorption sonore dans les int\u00e9rieurs. Il est essentiel de distinguer entre <strong>l\u2019isolation acoustique<\/strong>, qui emp\u00eache le son de se propager \u00e0 travers les structures comme les sols et les murs, et <strong>l\u2019absorption acoustique<\/strong>, la capacit\u00e9 d\u2019un mat\u00e9riau \u00e0 absorber les ondes sonores pr\u00e9sentes dans l\u2019espace, diminuant ainsi la r\u00e9verb\u00e9ration.<\/p>\n\n\n\n<p>Techniquement, l\u2019isolation acoustique se mesure en d\u00e9cibels (dB) et s\u2019obtient gr\u00e2ce \u00e0 des mat\u00e9riaux et des stratifications sp\u00e9cifiques qui att\u00e9nuent la transmission des vibrations sonores. L\u2019absorption acoustique, quant \u00e0 elle, se mesure \u00e0 l\u2019aide de coefficients comme le <strong>NRC (Noise Reduction Coefficient)<\/strong>, qui indique la capacit\u00e9 \u00e0 absorber les sons de diff\u00e9rentes fr\u00e9quences.<\/p>\n\n\n\n<p><strong><em>Pourquoi choisir la moquette comme solution acoustique ?<\/em><\/strong><\/p>\n\n\n\n<p>La moquette est l\u2019un des mat\u00e9riaux les plus efficaces pour am\u00e9liorer l\u2019acoustique des espaces gr\u00e2ce \u00e0 ses propri\u00e9t\u00e9s naturelles. Sa structure fibreuse absorbe efficacement les ondes sonores, r\u00e9duisant le bruit de pas et la r\u00e9verb\u00e9ration, et contribuant \u00e0 une atmosph\u00e8re plus silencieuse et confortable.<\/p>\n\n\n\n<p>Compar\u00e9e \u00e0 d\u2019autres mat\u00e9riaux comme le PVC, le bois ou le gr\u00e8s, la moquette offre un confort tactile unique et une sensation de douceur qui am\u00e9liore l\u2019exp\u00e9rience de l\u2019espace. Contrairement aux sols durs, elle r\u00e9duit les \u00e9chos et am\u00e9liore la confidentialit\u00e9 acoustique, des aspects essentiels dans les espaces partag\u00e9s et les open spaces.<\/p>\n\n\n\n<p>Les applications de la moquette comme solution acoustique sont nombreuses : h\u00f4tels, th\u00e9\u00e2tres, cin\u00e9mas, bureaux open-space et salles de r\u00e9union ne sont que quelques exemples o\u00f9 son utilisation am\u00e9liore consid\u00e9rablement le confort et la fonctionnalit\u00e9 des environnements.<\/p>\n\n\n\n<figure class=\"wp-block-gallery has-nested-images columns-default is-cropped wp-block-gallery-2 is-layout-flex wp-block-gallery-is-layout-flex\">\n<figure class=\"wp-block-image size-large\"><img decoding=\"async\" width=\"1024\" height=\"683\" data-id=\"20485\" src=\"https:\/\/www.radicicarpet.it\/app\/uploads\/2025\/04\/Stone-Island-02-1024x683.webp\" alt=\"Solution de moquette acoustique Radici Carpet pour espaces contract tr\u00e8s fr\u00e9quent\u00e9s\" class=\"wp-image-20485\" srcset=\"https:\/\/www.radicicarpet.it\/app\/uploads\/2025\/04\/Stone-Island-02-1024x683.webp 1024w, https:\/\/www.radicicarpet.it\/app\/uploads\/2025\/04\/Stone-Island-02-300x200.webp 300w, https:\/\/www.radicicarpet.it\/app\/uploads\/2025\/04\/Stone-Island-02-768x512.webp 768w, https:\/\/www.radicicarpet.it\/app\/uploads\/2025\/04\/Stone-Island-02-1536x1024.webp 1536w, https:\/\/www.radicicarpet.it\/app\/uploads\/2025\/04\/Stone-Island-02-2048x1365.webp 2048w\" sizes=\"(max-width: 1024px) 100vw, 1024px\" \/><\/figure>\n\n\n\n<figure class=\"wp-block-image size-large\"><img decoding=\"async\" width=\"1024\" height=\"683\" data-id=\"20481\" src=\"https:\/\/www.radicicarpet.it\/app\/uploads\/2025\/04\/Stone-Island-01-1024x683.webp\" alt=\"Solution de moquette acoustique Radici Carpet pour espaces contract tr\u00e8s fr\u00e9quent\u00e9s\" class=\"wp-image-20481\" srcset=\"https:\/\/www.radicicarpet.it\/app\/uploads\/2025\/04\/Stone-Island-01-1024x683.webp 1024w, https:\/\/www.radicicarpet.it\/app\/uploads\/2025\/04\/Stone-Island-01-300x200.webp 300w, https:\/\/www.radicicarpet.it\/app\/uploads\/2025\/04\/Stone-Island-01-768x512.webp 768w, https:\/\/www.radicicarpet.it\/app\/uploads\/2025\/04\/Stone-Island-01-1536x1024.webp 1536w, https:\/\/www.radicicarpet.it\/app\/uploads\/2025\/04\/Stone-Island-01-2048x1365.webp 2048w\" sizes=\"(max-width: 1024px) 100vw, 1024px\" \/><\/figure>\n<\/figure>\n\n\n\n<h2 class=\"wp-block-heading\">Nos solutions pour l\u2019isolation acoustique<\/h2>\n\n\n\n<p>Nous proposons des moquettes \u00e0 haute performance acoustique, gr\u00e2ce \u00e0 des structures et des mat\u00e9riaux con\u00e7us pour optimiser l\u2019isolation aux bruits d\u2019impact et l\u2019absorption sonore. Dans de nombreux cas, nous int\u00e9grons aux moquettes des g\u00e9otextiles appliqu\u00e9s directement en phase de production, agissant comme sous-couche et am\u00e9liorant encore les performances acoustiques tout en augmentant la durabilit\u00e9 du produit jusqu\u2019\u00e0 30 %.<\/p>\n\n\n\n<p>Nos rev\u00eatements de sol allient fonctionnalit\u00e9 et soin esth\u00e9tique, offrant des solutions qui s\u2019int\u00e8grent parfaitement dans les projets architecturaux, en respectant les crit\u00e8res de qualit\u00e9 et de coh\u00e9rence stylistique. Leur durabilit\u00e9 et leur facilit\u00e9 d\u2019entretien les rendent adapt\u00e9s m\u00eame aux environnements \u00e0 fort passage.<\/p>\n\n\n\n<p>Tous les produits sont enti\u00e8rement r\u00e9alis\u00e9s en Italie, avec une attention constante \u00e0 la qualit\u00e9 artisanale et aux processus de production certifi\u00e9s. Ces caract\u00e9ristiques font de nos solutions une r\u00e9f\u00e9rence pour les projets contract, en alliant performance, esth\u00e9tique et durabilit\u00e9.<\/p>\n\n\n\n<p><strong><em>Conclusion<br><\/em><\/strong>L\u2019isolation acoustique est un facteur essentiel pour le succ\u00e8s de tout projet contract. Le choix d\u2019une moquette \u00e0 hautes performances acoustiques am\u00e9liore consid\u00e9rablement la qualit\u00e9 des espaces, en renfor\u00e7ant confort, intimit\u00e9 et bien-\u00eatre. Nos solutions sont con\u00e7ues pour r\u00e9pondre aux d\u00e9fis de chaque espace contract, en offrant des produits techniquement avanc\u00e9s, personnalisables et durables\u2014id\u00e9aux pour les architectes, designers et professionnels du secteur.<\/p>\n\n\n\n<h2 class=\"wp-block-heading\"><strong>Produits sugg\u00e9r\u00e9s<\/strong><\/h2>\n\n\n\n<figure class=\"wp-block-gallery has-nested-images columns-default is-cropped wp-block-gallery-3 is-layout-flex wp-block-gallery-is-layout-flex\">\n<figure class=\"wp-block-image size-large\"><a href=\"https:\/\/www.radicicarpet.it\/fr\/produits\/dea\/\"><img decoding=\"async\" width=\"805\" height=\"1024\" data-id=\"2475\" src=\"https:\/\/www.radicicarpet.it\/app\/uploads\/2023\/09\/Dea_1-805x1024.webp\" alt=\"Lobby d\u2019h\u00f4tel de luxe avec moquette acoustique am\u00e9liorant confort et style\" class=\"wp-image-2475\" srcset=\"https:\/\/www.radicicarpet.it\/app\/uploads\/2023\/09\/Dea_1-805x1024.webp 805w, https:\/\/www.radicicarpet.it\/app\/uploads\/2023\/09\/Dea_1-236x300.webp 236w, https:\/\/www.radicicarpet.it\/app\/uploads\/2023\/09\/Dea_1-768x977.webp 768w, https:\/\/www.radicicarpet.it\/app\/uploads\/2023\/09\/Dea_1.webp 1100w\" sizes=\"(max-width: 805px) 100vw, 805px\" \/><\/a><figcaption class=\"wp-element-caption\">Dea<\/figcaption><\/figure>\n\n\n\n<figure class=\"wp-block-image size-large\"><a href=\"https:\/\/www.radicicarpet.it\/fr\/produits\/glamour\/\"><img decoding=\"async\" width=\"682\" height=\"1024\" data-id=\"2575\" src=\"https:\/\/www.radicicarpet.it\/app\/uploads\/2023\/09\/Glamour_3-682x1024.webp\" alt=\"Int\u00e9rieur de th\u00e9\u00e2tre avec moquette Radici Carpet pour une absorption sonore optimale\" class=\"wp-image-2575\" srcset=\"https:\/\/www.radicicarpet.it\/app\/uploads\/2023\/09\/Glamour_3-682x1024.webp 682w, https:\/\/www.radicicarpet.it\/app\/uploads\/2023\/09\/Glamour_3-200x300.webp 200w, https:\/\/www.radicicarpet.it\/app\/uploads\/2023\/09\/Glamour_3-768x1152.webp 768w, https:\/\/www.radicicarpet.it\/app\/uploads\/2023\/09\/Glamour_3.webp 933w\" sizes=\"(max-width: 682px) 100vw, 682px\" \/><\/a><figcaption class=\"wp-element-caption\">Glamour<\/figcaption><\/figure>\n\n\n\n<figure class=\"wp-block-image size-large\"><a href=\"https:\/\/www.radicicarpet.it\/fr\/produits\/bari\/\"><img decoding=\"async\" width=\"682\" height=\"1024\" data-id=\"5226\" src=\"https:\/\/www.radicicarpet.it\/app\/uploads\/2023\/10\/Bari_1-682x1024.webp\" alt=\"Magasin moderne avec moquette acoustique am\u00e9liorant l\u2019exp\u00e9rience client\" class=\"wp-image-5226\" srcset=\"https:\/\/www.radicicarpet.it\/app\/uploads\/2023\/10\/Bari_1-682x1024.webp 682w, https:\/\/www.radicicarpet.it\/app\/uploads\/2023\/10\/Bari_1-200x300.webp 200w, https:\/\/www.radicicarpet.it\/app\/uploads\/2023\/10\/Bari_1-768x1152.webp 768w, https:\/\/www.radicicarpet.it\/app\/uploads\/2023\/10\/Bari_1.webp 933w\" sizes=\"(max-width: 682px) 100vw, 682px\" \/><\/a><figcaption class=\"wp-element-caption\">Bari<\/figcaption><\/figure>\n\n\n\n<figure class=\"wp-block-image size-large\"><a href=\"https:\/\/www.radicicarpet.it\/fr\/produits\/bloom-back\/\"><img decoding=\"async\" width=\"683\" height=\"1024\" data-id=\"18011\" src=\"https:\/\/www.radicicarpet.it\/app\/uploads\/2024\/10\/Bloom_Back_6-683x1024.webp\" alt=\"Solution de moquette acoustique Radici Carpet pour espaces contract tr\u00e8s fr\u00e9quent\u00e9s\" class=\"wp-image-18011\" srcset=\"https:\/\/www.radicicarpet.it\/app\/uploads\/2024\/10\/Bloom_Back_6-683x1024.webp 683w, https:\/\/www.radicicarpet.it\/app\/uploads\/2024\/10\/Bloom_Back_6-200x300.webp 200w, https:\/\/www.radicicarpet.it\/app\/uploads\/2024\/10\/Bloom_Back_6-768x1152.webp 768w, https:\/\/www.radicicarpet.it\/app\/uploads\/2024\/10\/Bloom_Back_6-1024x1536.webp 1024w, https:\/\/www.radicicarpet.it\/app\/uploads\/2024\/10\/Bloom_Back_6-1365x2048.webp 1365w, https:\/\/www.radicicarpet.it\/app\/uploads\/2024\/10\/Bloom_Back_6-scaled.webp 1707w\" sizes=\"(max-width: 683px) 100vw, 683px\" \/><\/a><figcaption class=\"wp-element-caption\">Bloom Back<\/figcaption><\/figure>\n\n\n\n<figure class=\"wp-block-image size-large\"><a href=\"https:\/\/www.radicicarpet.it\/fr\/produits\/hi-decor\/\"><img decoding=\"async\" width=\"768\" height=\"1024\" data-id=\"3402\" src=\"https:\/\/www.radicicarpet.it\/app\/uploads\/2023\/09\/fsg6-768x1024.webp\" alt=\"Bureaux open space modernes avec moquette Radici Carpet am\u00e9liorant l\u2019isolation acoustique\" class=\"wp-image-3402\" srcset=\"https:\/\/www.radicicarpet.it\/app\/uploads\/2023\/09\/fsg6-768x1024.webp 768w, https:\/\/www.radicicarpet.it\/app\/uploads\/2023\/09\/fsg6-225x300.webp 225w, https:\/\/www.radicicarpet.it\/app\/uploads\/2023\/09\/fsg6.webp 1050w\" sizes=\"(max-width: 768px) 100vw, 768px\" \/><\/a><figcaption class=\"wp-element-caption\">Hi-Decor<\/figcaption><\/figure>\n\n\n\n<figure class=\"wp-block-image size-large\"><a href=\"https:\/\/www.radicicarpet.it\/fr\/produits\/dolcevita\/\"><img decoding=\"async\" width=\"819\" height=\"1024\" data-id=\"2537\" src=\"https:\/\/www.radicicarpet.it\/app\/uploads\/2023\/09\/Dolcevita_7-819x1024.webp\" alt=\"Boutique de mode avec moquette Radici Carpet am\u00e9liorant le confort acoustique\" class=\"wp-image-2537\" srcset=\"https:\/\/www.radicicarpet.it\/app\/uploads\/2023\/09\/Dolcevita_7-819x1024.webp 819w, https:\/\/www.radicicarpet.it\/app\/uploads\/2023\/09\/Dolcevita_7-240x300.webp 240w, https:\/\/www.radicicarpet.it\/app\/uploads\/2023\/09\/Dolcevita_7-768x960.webp 768w, https:\/\/www.radicicarpet.it\/app\/uploads\/2023\/09\/Dolcevita_7.webp 1120w\" sizes=\"(max-width: 819px) 100vw, 819px\" \/><\/a><figcaption class=\"wp-element-caption\">Dolcevita<\/figcaption><\/figure>\n<\/figure>\n\n\n\n<p><\/p>\n","protected":false},"excerpt":{"rendered":"<p>Un sol avec propri\u00e9t\u00e9s d\u2019isolation acoustique est une solution technique con\u00e7ue pour r\u00e9duire la transmission du bruit d\u2019impact et am\u00e9liorer l\u2019absorption sonore dans les int\u00e9rieurs. Il est essentiel de distinguer entre l\u2019isolation acoustique, qui emp\u00eache le son de se propager \u00e0 travers les structures comme les sols et les murs, et l\u2019absorption acoustique, la capacit\u00e9 d\u2019un mat\u00e9riau \u00e0 absorber les ondes sonores pr\u00e9sentes dans l\u2019espace, diminuant ainsi la r\u00e9verb\u00e9ration.<\/p>\n","protected":false},"author":5,"featured_media":21433,"comment_status":"open","ping_status":"open","sticky":false,"template":"","format":"standard","meta":{"_acf_changed":false,"inline_featured_image":false,"footnotes":""},"categories":[1725],"tags":[],"class_list":["post-21633","post","type-post","status-publish","format-standard","has-post-thumbnail","hentry","category-news-fr"],"acf":[],"yoast_head":"<!-- This site is optimized with the Yoast SEO plugin v27.2 - https:\/\/yoast.com\/product\/yoast-seo-wordpress\/ -->\n<title>Moquette acoustique pour espaces contract | Radici Carpet<\/title>\n<meta name=\"description\" content=\"D\u00e9couvrez les moquettes acoustiques Radici Carpet : des solutions Made in Italy qui r\u00e9duisent le bruit et am\u00e9liorent confort et style.\" \/>\n<meta name=\"robots\" content=\"index, follow, max-snippet:-1, max-image-preview:large, max-video-preview:-1\" \/>\n<link rel=\"canonical\" href=\"https:\/\/www.radicicarpet.it\/fr\/news-fr\/silent-flooring-il-pavimento-per-isolamento-acustico-ideale-negli-ambienti-contract\/\" \/>\n<meta property=\"og:locale\" content=\"fr_FR\" \/>\n<meta property=\"og:type\" content=\"article\" \/>\n<meta property=\"og:title\" content=\"Moquette acoustique pour espaces contract | Radici Carpet\" \/>\n<meta property=\"og:description\" content=\"D\u00e9couvrez les moquettes acoustiques Radici Carpet : des solutions Made in Italy qui r\u00e9duisent le bruit et am\u00e9liorent confort et style.\" \/>\n<meta property=\"og:url\" content=\"https:\/\/www.radicicarpet.it\/fr\/news-fr\/silent-flooring-il-pavimento-per-isolamento-acustico-ideale-negli-ambienti-contract\/\" \/>\n<meta property=\"og:site_name\" content=\"Radici\" \/>\n<meta property=\"article:published_time\" content=\"2025-10-15T08:00:00+00:00\" \/>\n<meta property=\"og:image\" content=\"https:\/\/www.radicicarpet.it\/app\/uploads\/2025\/07\/RADICI_2303160234_-copia.webp\" \/>\n\t<meta property=\"og:image:width\" content=\"1500\" \/>\n\t<meta property=\"og:image:height\" content=\"2000\" \/>\n\t<meta property=\"og:image:type\" content=\"image\/webp\" \/>\n<meta name=\"author\" content=\"Valentina Gamba\" \/>\n<meta name=\"twitter:card\" content=\"summary_large_image\" \/>\n<meta name=\"twitter:label1\" content=\"Written by\" \/>\n\t<meta name=\"twitter:data1\" content=\"Valentina Gamba\" \/>\n\t<meta name=\"twitter:label2\" content=\"Est. reading time\" \/>\n\t<meta name=\"twitter:data2\" content=\"5 minutes\" \/>\n<script type=\"application\/ld+json\" class=\"yoast-schema-graph\">{\"@context\":\"https:\/\/schema.org\",\"@graph\":[{\"@type\":\"Article\",\"@id\":\"https:\/\/www.radicicarpet.it\/fr\/news-fr\/silent-flooring-il-pavimento-per-isolamento-acustico-ideale-negli-ambienti-contract\/#article\",\"isPartOf\":{\"@id\":\"https:\/\/www.radicicarpet.it\/fr\/news-fr\/silent-flooring-il-pavimento-per-isolamento-acustico-ideale-negli-ambienti-contract\/\"},\"author\":{\"name\":\"Valentina Gamba\",\"@id\":\"https:\/\/www.radicicarpet.it\/fr\/#\/schema\/person\/17665ade8c4d839cac4f0be6566ddc53\"},\"headline\":\"Silent Flooring : le rev\u00eatement de sol acoustique id\u00e9al pour les espaces contract\",\"datePublished\":\"2025-10-15T08:00:00+00:00\",\"mainEntityOfPage\":{\"@id\":\"https:\/\/www.radicicarpet.it\/fr\/news-fr\/silent-flooring-il-pavimento-per-isolamento-acustico-ideale-negli-ambienti-contract\/\"},\"wordCount\":588,\"commentCount\":0,\"image\":{\"@id\":\"https:\/\/www.radicicarpet.it\/fr\/news-fr\/silent-flooring-il-pavimento-per-isolamento-acustico-ideale-negli-ambienti-contract\/#primaryimage\"},\"thumbnailUrl\":\"https:\/\/www.radicicarpet.it\/app\/uploads\/2025\/07\/RADICI_2303160234_-copia.webp\",\"articleSection\":[\"News\"],\"inLanguage\":\"fr-FR\",\"potentialAction\":[{\"@type\":\"CommentAction\",\"name\":\"Comment\",\"target\":[\"https:\/\/www.radicicarpet.it\/fr\/news-fr\/silent-flooring-il-pavimento-per-isolamento-acustico-ideale-negli-ambienti-contract\/#respond\"]}]},{\"@type\":\"WebPage\",\"@id\":\"https:\/\/www.radicicarpet.it\/fr\/news-fr\/silent-flooring-il-pavimento-per-isolamento-acustico-ideale-negli-ambienti-contract\/\",\"url\":\"https:\/\/www.radicicarpet.it\/fr\/news-fr\/silent-flooring-il-pavimento-per-isolamento-acustico-ideale-negli-ambienti-contract\/\",\"name\":\"Moquette acoustique pour espaces contract | Radici Carpet\",\"isPartOf\":{\"@id\":\"https:\/\/www.radicicarpet.it\/fr\/#website\"},\"primaryImageOfPage\":{\"@id\":\"https:\/\/www.radicicarpet.it\/fr\/news-fr\/silent-flooring-il-pavimento-per-isolamento-acustico-ideale-negli-ambienti-contract\/#primaryimage\"},\"image\":{\"@id\":\"https:\/\/www.radicicarpet.it\/fr\/news-fr\/silent-flooring-il-pavimento-per-isolamento-acustico-ideale-negli-ambienti-contract\/#primaryimage\"},\"thumbnailUrl\":\"https:\/\/www.radicicarpet.it\/app\/uploads\/2025\/07\/RADICI_2303160234_-copia.webp\",\"datePublished\":\"2025-10-15T08:00:00+00:00\",\"author\":{\"@id\":\"https:\/\/www.radicicarpet.it\/fr\/#\/schema\/person\/17665ade8c4d839cac4f0be6566ddc53\"},\"description\":\"D\u00e9couvrez les moquettes acoustiques Radici Carpet : des solutions Made in Italy qui r\u00e9duisent le bruit et am\u00e9liorent confort et style.\",\"breadcrumb\":{\"@id\":\"https:\/\/www.radicicarpet.it\/fr\/news-fr\/silent-flooring-il-pavimento-per-isolamento-acustico-ideale-negli-ambienti-contract\/#breadcrumb\"},\"inLanguage\":\"fr-FR\",\"potentialAction\":[{\"@type\":\"ReadAction\",\"target\":[\"https:\/\/www.radicicarpet.it\/fr\/news-fr\/silent-flooring-il-pavimento-per-isolamento-acustico-ideale-negli-ambienti-contract\/\"]}]},{\"@type\":\"ImageObject\",\"inLanguage\":\"fr-FR\",\"@id\":\"https:\/\/www.radicicarpet.it\/fr\/news-fr\/silent-flooring-il-pavimento-per-isolamento-acustico-ideale-negli-ambienti-contract\/#primaryimage\",\"url\":\"https:\/\/www.radicicarpet.it\/app\/uploads\/2025\/07\/RADICI_2303160234_-copia.webp\",\"contentUrl\":\"https:\/\/www.radicicarpet.it\/app\/uploads\/2025\/07\/RADICI_2303160234_-copia.webp\",\"width\":1500,\"height\":2000},{\"@type\":\"BreadcrumbList\",\"@id\":\"https:\/\/www.radicicarpet.it\/fr\/news-fr\/silent-flooring-il-pavimento-per-isolamento-acustico-ideale-negli-ambienti-contract\/#breadcrumb\",\"itemListElement\":[{\"@type\":\"ListItem\",\"position\":1,\"name\":\"Home\",\"item\":\"https:\/\/www.radicicarpet.it\/fr\/\"},{\"@type\":\"ListItem\",\"position\":2,\"name\":\"Silent Flooring : le rev\u00eatement de sol acoustique id\u00e9al pour les espaces contract\"}]},{\"@type\":\"WebSite\",\"@id\":\"https:\/\/www.radicicarpet.it\/fr\/#website\",\"url\":\"https:\/\/www.radicicarpet.it\/fr\/\",\"name\":\"Radici Moquette\",\"description\":\"\",\"potentialAction\":[{\"@type\":\"SearchAction\",\"target\":{\"@type\":\"EntryPoint\",\"urlTemplate\":\"https:\/\/www.radicicarpet.it\/fr\/?s={search_term_string}\"},\"query-input\":{\"@type\":\"PropertyValueSpecification\",\"valueRequired\":true,\"valueName\":\"search_term_string\"}}],\"inLanguage\":\"fr-FR\"},{\"@type\":\"Person\",\"@id\":\"https:\/\/www.radicicarpet.it\/fr\/#\/schema\/person\/17665ade8c4d839cac4f0be6566ddc53\",\"name\":\"Valentina Gamba\",\"image\":{\"@type\":\"ImageObject\",\"inLanguage\":\"fr-FR\",\"@id\":\"https:\/\/secure.gravatar.com\/avatar\/14952b16d336fc85aa3ff8024840b9e1c17781a1ca7c3414c220bf2ec8c7ccb3?s=96&d=mm&r=g\",\"url\":\"https:\/\/secure.gravatar.com\/avatar\/14952b16d336fc85aa3ff8024840b9e1c17781a1ca7c3414c220bf2ec8c7ccb3?s=96&d=mm&r=g\",\"contentUrl\":\"https:\/\/secure.gravatar.com\/avatar\/14952b16d336fc85aa3ff8024840b9e1c17781a1ca7c3414c220bf2ec8c7ccb3?s=96&d=mm&r=g\",\"caption\":\"Valentina Gamba\"}}]}<\/script>\n<!-- \/ Yoast SEO plugin. -->","yoast_head_json":{"title":"Moquette acoustique pour espaces contract | Radici Carpet","description":"D\u00e9couvrez les moquettes acoustiques Radici Carpet : des solutions Made in Italy qui r\u00e9duisent le bruit et am\u00e9liorent confort et style.","robots":{"index":"index","follow":"follow","max-snippet":"max-snippet:-1","max-image-preview":"max-image-preview:large","max-video-preview":"max-video-preview:-1"},"canonical":"https:\/\/www.radicicarpet.it\/fr\/news-fr\/silent-flooring-il-pavimento-per-isolamento-acustico-ideale-negli-ambienti-contract\/","og_locale":"fr_FR","og_type":"article","og_title":"Moquette acoustique pour espaces contract | Radici Carpet","og_description":"D\u00e9couvrez les moquettes acoustiques Radici Carpet : des solutions Made in Italy qui r\u00e9duisent le bruit et am\u00e9liorent confort et style.","og_url":"https:\/\/www.radicicarpet.it\/fr\/news-fr\/silent-flooring-il-pavimento-per-isolamento-acustico-ideale-negli-ambienti-contract\/","og_site_name":"Radici","article_published_time":"2025-10-15T08:00:00+00:00","og_image":[{"width":1500,"height":2000,"url":"https:\/\/www.radicicarpet.it\/app\/uploads\/2025\/07\/RADICI_2303160234_-copia.webp","type":"image\/webp"}],"author":"Valentina Gamba","twitter_card":"summary_large_image","twitter_misc":{"Written by":"Valentina Gamba","Est. reading time":"5 minutes"},"schema":{"@context":"https:\/\/schema.org","@graph":[{"@type":"Article","@id":"https:\/\/www.radicicarpet.it\/fr\/news-fr\/silent-flooring-il-pavimento-per-isolamento-acustico-ideale-negli-ambienti-contract\/#article","isPartOf":{"@id":"https:\/\/www.radicicarpet.it\/fr\/news-fr\/silent-flooring-il-pavimento-per-isolamento-acustico-ideale-negli-ambienti-contract\/"},"author":{"name":"Valentina Gamba","@id":"https:\/\/www.radicicarpet.it\/fr\/#\/schema\/person\/17665ade8c4d839cac4f0be6566ddc53"},"headline":"Silent Flooring : le rev\u00eatement de sol acoustique id\u00e9al pour les espaces contract","datePublished":"2025-10-15T08:00:00+00:00","mainEntityOfPage":{"@id":"https:\/\/www.radicicarpet.it\/fr\/news-fr\/silent-flooring-il-pavimento-per-isolamento-acustico-ideale-negli-ambienti-contract\/"},"wordCount":588,"commentCount":0,"image":{"@id":"https:\/\/www.radicicarpet.it\/fr\/news-fr\/silent-flooring-il-pavimento-per-isolamento-acustico-ideale-negli-ambienti-contract\/#primaryimage"},"thumbnailUrl":"https:\/\/www.radicicarpet.it\/app\/uploads\/2025\/07\/RADICI_2303160234_-copia.webp","articleSection":["News"],"inLanguage":"fr-FR","potentialAction":[{"@type":"CommentAction","name":"Comment","target":["https:\/\/www.radicicarpet.it\/fr\/news-fr\/silent-flooring-il-pavimento-per-isolamento-acustico-ideale-negli-ambienti-contract\/#respond"]}]},{"@type":"WebPage","@id":"https:\/\/www.radicicarpet.it\/fr\/news-fr\/silent-flooring-il-pavimento-per-isolamento-acustico-ideale-negli-ambienti-contract\/","url":"https:\/\/www.radicicarpet.it\/fr\/news-fr\/silent-flooring-il-pavimento-per-isolamento-acustico-ideale-negli-ambienti-contract\/","name":"Moquette acoustique pour espaces contract | Radici Carpet","isPartOf":{"@id":"https:\/\/www.radicicarpet.it\/fr\/#website"},"primaryImageOfPage":{"@id":"https:\/\/www.radicicarpet.it\/fr\/news-fr\/silent-flooring-il-pavimento-per-isolamento-acustico-ideale-negli-ambienti-contract\/#primaryimage"},"image":{"@id":"https:\/\/www.radicicarpet.it\/fr\/news-fr\/silent-flooring-il-pavimento-per-isolamento-acustico-ideale-negli-ambienti-contract\/#primaryimage"},"thumbnailUrl":"https:\/\/www.radicicarpet.it\/app\/uploads\/2025\/07\/RADICI_2303160234_-copia.webp","datePublished":"2025-10-15T08:00:00+00:00","author":{"@id":"https:\/\/www.radicicarpet.it\/fr\/#\/schema\/person\/17665ade8c4d839cac4f0be6566ddc53"},"description":"D\u00e9couvrez les moquettes acoustiques Radici Carpet : des solutions Made in Italy qui r\u00e9duisent le bruit et am\u00e9liorent confort et style.","breadcrumb":{"@id":"https:\/\/www.radicicarpet.it\/fr\/news-fr\/silent-flooring-il-pavimento-per-isolamento-acustico-ideale-negli-ambienti-contract\/#breadcrumb"},"inLanguage":"fr-FR","potentialAction":[{"@type":"ReadAction","target":["https:\/\/www.radicicarpet.it\/fr\/news-fr\/silent-flooring-il-pavimento-per-isolamento-acustico-ideale-negli-ambienti-contract\/"]}]},{"@type":"ImageObject","inLanguage":"fr-FR","@id":"https:\/\/www.radicicarpet.it\/fr\/news-fr\/silent-flooring-il-pavimento-per-isolamento-acustico-ideale-negli-ambienti-contract\/#primaryimage","url":"https:\/\/www.radicicarpet.it\/app\/uploads\/2025\/07\/RADICI_2303160234_-copia.webp","contentUrl":"https:\/\/www.radicicarpet.it\/app\/uploads\/2025\/07\/RADICI_2303160234_-copia.webp","width":1500,"height":2000},{"@type":"BreadcrumbList","@id":"https:\/\/www.radicicarpet.it\/fr\/news-fr\/silent-flooring-il-pavimento-per-isolamento-acustico-ideale-negli-ambienti-contract\/#breadcrumb","itemListElement":[{"@type":"ListItem","position":1,"name":"Home","item":"https:\/\/www.radicicarpet.it\/fr\/"},{"@type":"ListItem","position":2,"name":"Silent Flooring : le rev\u00eatement de sol acoustique id\u00e9al pour les espaces contract"}]},{"@type":"WebSite","@id":"https:\/\/www.radicicarpet.it\/fr\/#website","url":"https:\/\/www.radicicarpet.it\/fr\/","name":"Radici Moquette","description":"","potentialAction":[{"@type":"SearchAction","target":{"@type":"EntryPoint","urlTemplate":"https:\/\/www.radicicarpet.it\/fr\/?s={search_term_string}"},"query-input":{"@type":"PropertyValueSpecification","valueRequired":true,"valueName":"search_term_string"}}],"inLanguage":"fr-FR"},{"@type":"Person","@id":"https:\/\/www.radicicarpet.it\/fr\/#\/schema\/person\/17665ade8c4d839cac4f0be6566ddc53","name":"Valentina Gamba","image":{"@type":"ImageObject","inLanguage":"fr-FR","@id":"https:\/\/secure.gravatar.com\/avatar\/14952b16d336fc85aa3ff8024840b9e1c17781a1ca7c3414c220bf2ec8c7ccb3?s=96&d=mm&r=g","url":"https:\/\/secure.gravatar.com\/avatar\/14952b16d336fc85aa3ff8024840b9e1c17781a1ca7c3414c220bf2ec8c7ccb3?s=96&d=mm&r=g","contentUrl":"https:\/\/secure.gravatar.com\/avatar\/14952b16d336fc85aa3ff8024840b9e1c17781a1ca7c3414c220bf2ec8c7ccb3?s=96&d=mm&r=g","caption":"Valentina Gamba"}}]}},"_links":{"self":[{"href":"https:\/\/www.radicicarpet.it\/fr\/wp-json\/wp\/v2\/posts\/21633","targetHints":{"allow":["GET"]}}],"collection":[{"href":"https:\/\/www.radicicarpet.it\/fr\/wp-json\/wp\/v2\/posts"}],"about":[{"href":"https:\/\/www.radicicarpet.it\/fr\/wp-json\/wp\/v2\/types\/post"}],"author":[{"embeddable":true,"href":"https:\/\/www.radicicarpet.it\/fr\/wp-json\/wp\/v2\/users\/5"}],"replies":[{"embeddable":true,"href":"https:\/\/www.radicicarpet.it\/fr\/wp-json\/wp\/v2\/comments?post=21633"}],"version-history":[{"count":3,"href":"https:\/\/www.radicicarpet.it\/fr\/wp-json\/wp\/v2\/posts\/21633\/revisions"}],"predecessor-version":[{"id":21692,"href":"https:\/\/www.radicicarpet.it\/fr\/wp-json\/wp\/v2\/posts\/21633\/revisions\/21692"}],"wp:featuredmedia":[{"embeddable":true,"href":"https:\/\/www.radicicarpet.it\/fr\/wp-json\/wp\/v2\/media\/21433"}],"wp:attachment":[{"href":"https:\/\/www.radicicarpet.it\/fr\/wp-json\/wp\/v2\/media?parent=21633"}],"wp:term":[{"taxonomy":"category","embeddable":true,"href":"https:\/\/www.radicicarpet.it\/fr\/wp-json\/wp\/v2\/categories?post=21633"},{"taxonomy":"post_tag","embeddable":true,"href":"https:\/\/www.radicicarpet.it\/fr\/wp-json\/wp\/v2\/tags?post=21633"}],"curies":[{"name":"wp","href":"https:\/\/api.w.org\/{rel}","templated":true}]}}