{"id":21578,"date":"2026-03-17T12:09:22","date_gmt":"2026-03-17T11:09:22","guid":{"rendered":"https:\/\/www.radicicarpet.it\/?p=21578"},"modified":"2025-08-06T14:30:02","modified_gmt":"2025-08-06T12:30:02","slug":"sols-antiderapants-pour-interieurs-contract","status":"publish","type":"post","link":"https:\/\/www.radicicarpet.it\/fr\/news-fr\/sols-antiderapants-pour-interieurs-contract\/","title":{"rendered":"Rev\u00eatements antid\u00e9rapants pour int\u00e9rieurs : s\u00e9curit\u00e9 et design pour tous les espaces contractuels"},"content":{"rendered":"\n<figure class=\"wp-block-gallery has-nested-images columns-default is-cropped wp-block-gallery-1 is-layout-flex wp-block-gallery-is-layout-flex\">\n<figure class=\"wp-block-image size-large\"><img decoding=\"async\" width=\"1024\" height=\"683\" data-id=\"17356\" src=\"https:\/\/www.radicicarpet.it\/app\/uploads\/2024\/07\/capsuleplaza24_SM_DSC2185_2-1024x683.webp\" alt=\"nettoyant une moquette antid\u00e9rapante, entretien facile et soin\n\n\" class=\"wp-image-17356\" srcset=\"https:\/\/www.radicicarpet.it\/app\/uploads\/2024\/07\/capsuleplaza24_SM_DSC2185_2-1024x683.webp 1024w, https:\/\/www.radicicarpet.it\/app\/uploads\/2024\/07\/capsuleplaza24_SM_DSC2185_2-300x200.webp 300w, https:\/\/www.radicicarpet.it\/app\/uploads\/2024\/07\/capsuleplaza24_SM_DSC2185_2-768x512.webp 768w, https:\/\/www.radicicarpet.it\/app\/uploads\/2024\/07\/capsuleplaza24_SM_DSC2185_2-1536x1025.webp 1536w, https:\/\/www.radicicarpet.it\/app\/uploads\/2024\/07\/capsuleplaza24_SM_DSC2185_2-2048x1366.webp 2048w\" sizes=\"(max-width: 1024px) 100vw, 1024px\" \/><\/figure>\n\n\n\n<figure class=\"wp-block-image size-large\"><img decoding=\"async\" width=\"1024\" height=\"683\" data-id=\"17237\" src=\"https:\/\/www.radicicarpet.it\/app\/uploads\/2024\/07\/IMG_3859-1024x683.webp\" alt=\"Bar de hall d\u2019h\u00f4tel avec moquette antid\u00e9rapante, ambiance \u00e9l\u00e9gante et accueillante\n\n\n\" class=\"wp-image-17237\" srcset=\"https:\/\/www.radicicarpet.it\/app\/uploads\/2024\/07\/IMG_3859-1024x683.webp 1024w, https:\/\/www.radicicarpet.it\/app\/uploads\/2024\/07\/IMG_3859-300x200.webp 300w, https:\/\/www.radicicarpet.it\/app\/uploads\/2024\/07\/IMG_3859-768x512.webp 768w, https:\/\/www.radicicarpet.it\/app\/uploads\/2024\/07\/IMG_3859-1536x1024.webp 1536w, https:\/\/www.radicicarpet.it\/app\/uploads\/2024\/07\/IMG_3859-2048x1365.webp 2048w\" sizes=\"(max-width: 1024px) 100vw, 1024px\" \/><\/figure>\n<\/figure>\n\n\n\n<p><strong>Que signifie \u00ab antid\u00e9rapant \u00bb pour un rev\u00eatement de sol int\u00e9rieur ?<\/strong><br>Le terme \u00ab antid\u00e9rapant \u00bb d\u00e9signe la capacit\u00e9 d\u2019un mat\u00e9riau \u00e0 offrir une r\u00e9sistance au frottement entre la surface du sol et la semelle d\u2019une chaussure ou le pied nu, r\u00e9duisant ainsi les risques de glissade et de chute.<\/p>\n\n\n\n<p>Les exigences peuvent varier selon les contextes contractuels. Dans les h\u00f4tels et resorts, il est essentiel d\u2019assurer la s\u00e9curit\u00e9 dans les couloirs, chambres et espaces communs tout en maintenant une esth\u00e9tique de haut niveau. Dans les bureaux et espaces de coworking, la moquette antid\u00e9rapante contribue \u00e0 cr\u00e9er des environnements confortables et s\u00e9curis\u00e9s. Dans les halls d\u2019exposition et espaces \u00e9v\u00e9nementiels, la s\u00e9curit\u00e9 et la rapidit\u00e9 de pose deviennent prioritaires, n\u00e9cessitant des mat\u00e9riaux fiables et conformes aux normes.<\/p>\n\n\n\n<p><em><strong>Les principaux mat\u00e9riaux antid\u00e9rapants pour int\u00e9rieurs<\/strong><br><\/em>Dans le domaine des rev\u00eatements antid\u00e9rapants, plusieurs solutions existent, chacune avec des caract\u00e9ristiques influen\u00e7ant leur application dans les diff\u00e9rents environnements contractuels.<\/p>\n\n\n\n<p><em><strong>Moquette<\/strong><br><\/em>La moquette est un mat\u00e9riau textile naturellement antid\u00e9rapant gr\u00e2ce \u00e0 sa structure fibreuse qui garantit une excellente adh\u00e9rence. Au-del\u00e0 de la s\u00e9curit\u00e9, elle offre un confort acoustique et sensoriel, rendant les espaces plus accueillants. La possibilit\u00e9 de personnalisation chromatique et graphique la rend id\u00e9ale pour les espaces contractuels o\u00f9 l\u2019identit\u00e9 visuelle est un atout.<\/p>\n\n\n\n<p>Un autre avantage r\u00e9side dans la qualit\u00e9 de l\u2019air : les rev\u00eatements textiles retiennent les particules de poussi\u00e8re, r\u00e9duisant leur dispersion et am\u00e9liorant le confort des personnes souffrant d\u2019allergies. L\u2019entretien, bien que plus attentif que pour les sols durs, est aujourd\u2019hui facilit\u00e9 par de nouvelles technologies am\u00e9liorant la r\u00e9sistance et le nettoyage.<\/p>\n\n\n\n<p><em><strong>Vinyles et PVC<\/strong><br><\/em>Ces mat\u00e9riaux sont tr\u00e8s r\u00e9pandus gr\u00e2ce \u00e0 leur facilit\u00e9 de pose et leur r\u00e9sistance mod\u00e9r\u00e9e \u00e0 l\u2019usure, mais n\u00e9cessitent des traitements sp\u00e9cifiques pour garantir des propri\u00e9t\u00e9s antid\u00e9rapantes. Ils peuvent \u00eatre moins chaleureux et confortables, avec des possibilit\u00e9s de personnalisation plus limit\u00e9es. Ils demandent \u00e9galement un entretien r\u00e9gulier pour maintenir leurs performances dans le temps.<\/p>\n\n\n\n<p><em><strong>Gr\u00e8s c\u00e9rame<\/strong><br><\/em>Appr\u00e9ci\u00e9 pour sa durabilit\u00e9 et sa large gamme de finitions, le gr\u00e8s peut \u00eatre trait\u00e9 pour devenir antid\u00e9rapant. Cependant, sa surface dure est moins accueillante et souvent plus froide. Contrairement \u00e0 la moquette, des mat\u00e9riaux comme le vinyle et le gr\u00e8s ne retiennent pas la poussi\u00e8re, mais la soul\u00e8vent, contribuant ainsi \u00e0 sa dispersion dans l\u2019air.<\/p>\n\n\n\n<figure class=\"wp-block-gallery has-nested-images columns-default is-cropped wp-block-gallery-2 is-layout-flex wp-block-gallery-is-layout-flex\">\n<figure class=\"wp-block-image size-large\"><img decoding=\"async\" width=\"1024\" height=\"683\" data-id=\"16582\" src=\"https:\/\/www.radicicarpet.it\/app\/uploads\/2024\/04\/Lisboa-2-1024x683.webp\" alt=\"Gros plan sur les fibres de moquette antid\u00e9rapante, montrant texture et adh\u00e9rence naturelle\n\n\" class=\"wp-image-16582\" srcset=\"https:\/\/www.radicicarpet.it\/app\/uploads\/2024\/04\/Lisboa-2-1024x683.webp 1024w, https:\/\/www.radicicarpet.it\/app\/uploads\/2024\/04\/Lisboa-2-300x200.webp 300w, https:\/\/www.radicicarpet.it\/app\/uploads\/2024\/04\/Lisboa-2-768x512.webp 768w, https:\/\/www.radicicarpet.it\/app\/uploads\/2024\/04\/Lisboa-2.webp 1500w\" sizes=\"(max-width: 1024px) 100vw, 1024px\" \/><\/figure>\n\n\n\n<figure class=\"wp-block-image size-large\"><img decoding=\"async\" width=\"1024\" height=\"683\" data-id=\"9484\" src=\"https:\/\/www.radicicarpet.it\/app\/uploads\/2023\/10\/Forum_5-1024x683.webp\" alt=\"Moquette antid\u00e9rapante dans une salle de r\u00e9union d\u2019h\u00f4tel, \u00e9quilibre entre esth\u00e9tique et s\u00e9curit\u00e9\n\n\" class=\"wp-image-9484\" srcset=\"https:\/\/www.radicicarpet.it\/app\/uploads\/2023\/10\/Forum_5-1024x683.webp 1024w, https:\/\/www.radicicarpet.it\/app\/uploads\/2023\/10\/Forum_5-300x200.webp 300w, https:\/\/www.radicicarpet.it\/app\/uploads\/2023\/10\/Forum_5-768x512.webp 768w, https:\/\/www.radicicarpet.it\/app\/uploads\/2023\/10\/Forum_5-1536x1024.webp 1536w, https:\/\/www.radicicarpet.it\/app\/uploads\/2023\/10\/Forum_5-2048x1365.webp 2048w\" sizes=\"(max-width: 1024px) 100vw, 1024px\" \/><\/figure>\n<\/figure>\n\n\n\n<h2 class=\"wp-block-heading\">Les avantages du choix de la moquette comme rev\u00eatement de sol antid\u00e9rapant<\/h2>\n\n\n\n<p><em><strong>Esth\u00e9tique personnalisable<\/strong><br><\/em>Gr\u00e2ce \u00e0 des technologies avanc\u00e9es d\u2019impression et de tissage, la moquette peut \u00eatre r\u00e9alis\u00e9e dans une gamme quasiment illimit\u00e9e de couleurs, textures et designs. Cette flexibilit\u00e9 permet d\u2019int\u00e9grer le rev\u00eatement dans le concept architectural, valorisant chaque espace avec un style unique.<\/p>\n\n\n\n<p><em><strong>Confort acoustique et sensoriel<\/strong><br><\/em>La structure fibreuse assure une excellente capacit\u00e9 d\u2019absorption sonore, fondamentale pour am\u00e9liorer la qualit\u00e9 de l\u2019environnement dans les espaces contractuels. De plus, la surface douce offre un confort tactile sup\u00e9rieur aux mat\u00e9riaux durs, rendant les espaces plus agr\u00e9ables \u00e0 vivre.<\/p>\n\n\n\n<p><em><strong>Performances antid\u00e9rapantes et applications contractuelles<\/strong><br><\/em>La moquette garantit un coefficient de friction \u00e9lev\u00e9, r\u00e9duisant significativement le risque de glissade. Elle est id\u00e9ale dans les environnements o\u00f9 la s\u00e9curit\u00e9 est prioritaire, sans compromis sur le design.<\/p>\n\n\n\n<p><em><strong>Applications id\u00e9ales de la moquette antid\u00e9rapante en contract :<\/strong><br><\/em>\u2022 H\u00f4tels et resorts : couloirs, chambres, salles de r\u00e9union<br>\u2022 EHPAD et structures sanitaires : espaces communs, salles d\u2019attente<br>\u2022 Commerce de d\u00e9tail et bureaux : showrooms, espaces de coworking<br>\u2022 Salons et \u00e9v\u00e9nements : stands et espaces temporaires personnalis\u00e9s<\/p>\n\n\n\n<p><em><strong>Conclusion<\/strong><br><\/em>Le choix d\u2019un rev\u00eatement antid\u00e9rapant pour int\u00e9rieurs dans le secteur contractuel implique s\u00e9curit\u00e9, confort et design. La moquette, avec ses qualit\u00e9s uniques et sa nature intrins\u00e8quement antid\u00e9rapante, repr\u00e9sente une solution compl\u00e8te et personnalisable, capable de r\u00e9pondre aux exigences les plus \u00e9lev\u00e9es des architectes, designers et gestionnaires d\u2019espaces. Sa capacit\u00e9 \u00e0 allier esth\u00e9tique, performances techniques et s\u00e9curit\u00e9 fait de la moquette une option gagnante et durable pour des environnements de haut niveau.<\/p>\n\n\n\n<h2 class=\"wp-block-heading\"><strong>Produits recommand\u00e9s<\/strong><\/h2>\n\n\n\n<figure class=\"wp-block-gallery has-nested-images columns-default is-cropped wp-block-gallery-3 is-layout-flex wp-block-gallery-is-layout-flex\">\n<figure class=\"wp-block-image size-large\"><a href=\"https:\/\/www.radicicarpet.it\/fr\/produits\/lisboa\/\"><img decoding=\"async\" width=\"683\" height=\"1024\" data-id=\"16590\" src=\"https:\/\/www.radicicarpet.it\/app\/uploads\/2024\/04\/Lisboa-1-683x1024.webp\" alt=\"Bureau moderne avec moquette antid\u00e9rapante personnalis\u00e9e, environnement confortable et silencieux\n\n\" class=\"wp-image-16590\" srcset=\"https:\/\/www.radicicarpet.it\/app\/uploads\/2024\/04\/Lisboa-1-683x1024.webp 683w, https:\/\/www.radicicarpet.it\/app\/uploads\/2024\/04\/Lisboa-1-200x300.webp 200w, https:\/\/www.radicicarpet.it\/app\/uploads\/2024\/04\/Lisboa-1-768x1152.webp 768w, https:\/\/www.radicicarpet.it\/app\/uploads\/2024\/04\/Lisboa-1.webp 1000w\" sizes=\"(max-width: 683px) 100vw, 683px\" \/><\/a><figcaption class=\"wp-element-caption\">Lisboa<\/figcaption><\/figure>\n\n\n\n<figure class=\"wp-block-image size-large\"><a href=\"https:\/\/www.radicicarpet.it\/fr\/produits\/platinum\/\"><img decoding=\"async\" width=\"682\" height=\"1024\" data-id=\"8476\" src=\"https:\/\/www.radicicarpet.it\/app\/uploads\/2023\/10\/Platinum_5-682x1024.webp\" alt=\"Chambre d\u2019h\u00f4tel avec moquette antid\u00e9rapante et mobilier contemporain, confort et s\u00e9curit\u00e9\n\n\" class=\"wp-image-8476\" srcset=\"https:\/\/www.radicicarpet.it\/app\/uploads\/2023\/10\/Platinum_5-682x1024.webp 682w, https:\/\/www.radicicarpet.it\/app\/uploads\/2023\/10\/Platinum_5-200x300.webp 200w, https:\/\/www.radicicarpet.it\/app\/uploads\/2023\/10\/Platinum_5-768x1152.webp 768w, https:\/\/www.radicicarpet.it\/app\/uploads\/2023\/10\/Platinum_5.webp 933w\" sizes=\"(max-width: 682px) 100vw, 682px\" \/><\/a><figcaption class=\"wp-element-caption\">Platinum<\/figcaption><\/figure>\n\n\n\n<figure class=\"wp-block-image size-large\"><a href=\"https:\/\/www.radicicarpet.it\/fr\/produits\/trotter\/\"><img decoding=\"async\" width=\"682\" height=\"1024\" data-id=\"9476\" src=\"https:\/\/www.radicicarpet.it\/app\/uploads\/2023\/10\/Trotter_4-682x1024.webp\" alt=\"Bureau open space avec moquette antid\u00e9rapante, r\u00e9duction du bruit et design fonctionnel\n\n\" class=\"wp-image-9476\" srcset=\"https:\/\/www.radicicarpet.it\/app\/uploads\/2023\/10\/Trotter_4-682x1024.webp 682w, https:\/\/www.radicicarpet.it\/app\/uploads\/2023\/10\/Trotter_4-200x300.webp 200w, https:\/\/www.radicicarpet.it\/app\/uploads\/2023\/10\/Trotter_4-768x1152.webp 768w, https:\/\/www.radicicarpet.it\/app\/uploads\/2023\/10\/Trotter_4.webp 933w\" sizes=\"(max-width: 682px) 100vw, 682px\" \/><\/a><figcaption class=\"wp-element-caption\">Trotter<\/figcaption><\/figure>\n<\/figure>\n\n\n\n<p><\/p>\n","protected":false},"excerpt":{"rendered":"<p>Dans le secteur contractuel, la s\u00e9curit\u00e9 et le design sont des \u00e9l\u00e9ments indispensables dans le choix des rev\u00eatements de sol. Les mat\u00e9riaux antid\u00e9rapants pour int\u00e9rieurs jouent un r\u00f4le fondamental pour garantir des environnements s\u00fbrs sans compromettre l\u2019esth\u00e9tique et le confort.<\/p>\n","protected":false},"author":5,"featured_media":16616,"comment_status":"open","ping_status":"open","sticky":false,"template":"","format":"standard","meta":{"_acf_changed":false,"inline_featured_image":false,"footnotes":""},"categories":[1725],"tags":[],"class_list":["post-21578","post","type-post","status-publish","format-standard","has-post-thumbnail","hentry","category-news-fr"],"acf":[],"yoast_head":"<!-- This site is optimized with the Yoast SEO plugin v27.5 - https:\/\/yoast.com\/product\/yoast-seo-wordpress\/ -->\n<title>Rev\u00eatements de sol en moquette antid\u00e9rapante : s\u00e9curit\u00e9 et confort<\/title>\n<meta name=\"description\" content=\"D\u00e9couvrez comment choisir une moquette antid\u00e9rapante pour les espaces contractuels. La moquette se distingue par sa s\u00e9curit\u00e9 et son confort acoustique\" \/>\n<meta name=\"robots\" content=\"index, follow, max-snippet:-1, max-image-preview:large, max-video-preview:-1\" \/>\n<link rel=\"canonical\" href=\"https:\/\/www.radicicarpet.it\/fr\/news-fr\/sols-antiderapants-pour-interieurs-contract\/\" \/>\n<meta property=\"og:locale\" content=\"fr_FR\" \/>\n<meta property=\"og:type\" content=\"article\" \/>\n<meta property=\"og:title\" content=\"Rev\u00eatements de sol en moquette antid\u00e9rapante : s\u00e9curit\u00e9 et confort\" \/>\n<meta property=\"og:description\" content=\"D\u00e9couvrez comment choisir une moquette antid\u00e9rapante pour les espaces contractuels. La moquette se distingue par sa s\u00e9curit\u00e9 et son confort acoustique\" \/>\n<meta property=\"og:url\" content=\"https:\/\/www.radicicarpet.it\/fr\/news-fr\/sols-antiderapants-pour-interieurs-contract\/\" \/>\n<meta property=\"og:site_name\" content=\"Radici\" \/>\n<meta property=\"article:published_time\" content=\"2026-03-17T11:09:22+00:00\" \/>\n<meta property=\"og:image\" content=\"https:\/\/www.radicicarpet.it\/app\/uploads\/2024\/04\/Madrid-1.webp\" \/>\n\t<meta property=\"og:image:width\" content=\"1000\" \/>\n\t<meta property=\"og:image:height\" content=\"1500\" \/>\n\t<meta property=\"og:image:type\" content=\"image\/webp\" \/>\n<meta name=\"author\" content=\"Valentina Gamba\" \/>\n<meta name=\"twitter:card\" content=\"summary_large_image\" \/>\n<meta name=\"twitter:label1\" content=\"Written by\" \/>\n\t<meta name=\"twitter:data1\" content=\"Valentina Gamba\" \/>\n\t<meta name=\"twitter:label2\" content=\"Est. reading time\" \/>\n\t<meta name=\"twitter:data2\" content=\"5 minutes\" \/>\n<script type=\"application\/ld+json\" class=\"yoast-schema-graph\">{\"@context\":\"https:\\\/\\\/schema.org\",\"@graph\":[{\"@type\":\"Article\",\"@id\":\"https:\\\/\\\/www.radicicarpet.it\\\/fr\\\/news-fr\\\/sols-antiderapants-pour-interieurs-contract\\\/#article\",\"isPartOf\":{\"@id\":\"https:\\\/\\\/www.radicicarpet.it\\\/fr\\\/news-fr\\\/sols-antiderapants-pour-interieurs-contract\\\/\"},\"author\":{\"name\":\"Valentina Gamba\",\"@id\":\"https:\\\/\\\/www.radicicarpet.it\\\/fr\\\/#\\\/schema\\\/person\\\/17665ade8c4d839cac4f0be6566ddc53\"},\"headline\":\"Rev\u00eatements antid\u00e9rapants pour int\u00e9rieurs : s\u00e9curit\u00e9 et design pour tous les espaces contractuels\",\"datePublished\":\"2026-03-17T11:09:22+00:00\",\"mainEntityOfPage\":{\"@id\":\"https:\\\/\\\/www.radicicarpet.it\\\/fr\\\/news-fr\\\/sols-antiderapants-pour-interieurs-contract\\\/\"},\"wordCount\":749,\"commentCount\":0,\"image\":{\"@id\":\"https:\\\/\\\/www.radicicarpet.it\\\/fr\\\/news-fr\\\/sols-antiderapants-pour-interieurs-contract\\\/#primaryimage\"},\"thumbnailUrl\":\"https:\\\/\\\/www.radicicarpet.it\\\/app\\\/uploads\\\/2024\\\/04\\\/Madrid-1.webp\",\"articleSection\":[\"News\"],\"inLanguage\":\"fr-FR\",\"potentialAction\":[{\"@type\":\"CommentAction\",\"name\":\"Comment\",\"target\":[\"https:\\\/\\\/www.radicicarpet.it\\\/fr\\\/news-fr\\\/sols-antiderapants-pour-interieurs-contract\\\/#respond\"]}]},{\"@type\":\"WebPage\",\"@id\":\"https:\\\/\\\/www.radicicarpet.it\\\/fr\\\/news-fr\\\/sols-antiderapants-pour-interieurs-contract\\\/\",\"url\":\"https:\\\/\\\/www.radicicarpet.it\\\/fr\\\/news-fr\\\/sols-antiderapants-pour-interieurs-contract\\\/\",\"name\":\"Rev\u00eatements de sol en moquette antid\u00e9rapante : s\u00e9curit\u00e9 et confort\",\"isPartOf\":{\"@id\":\"https:\\\/\\\/www.radicicarpet.it\\\/fr\\\/#website\"},\"primaryImageOfPage\":{\"@id\":\"https:\\\/\\\/www.radicicarpet.it\\\/fr\\\/news-fr\\\/sols-antiderapants-pour-interieurs-contract\\\/#primaryimage\"},\"image\":{\"@id\":\"https:\\\/\\\/www.radicicarpet.it\\\/fr\\\/news-fr\\\/sols-antiderapants-pour-interieurs-contract\\\/#primaryimage\"},\"thumbnailUrl\":\"https:\\\/\\\/www.radicicarpet.it\\\/app\\\/uploads\\\/2024\\\/04\\\/Madrid-1.webp\",\"datePublished\":\"2026-03-17T11:09:22+00:00\",\"author\":{\"@id\":\"https:\\\/\\\/www.radicicarpet.it\\\/fr\\\/#\\\/schema\\\/person\\\/17665ade8c4d839cac4f0be6566ddc53\"},\"description\":\"D\u00e9couvrez comment choisir une moquette antid\u00e9rapante pour les espaces contractuels. La moquette se distingue par sa s\u00e9curit\u00e9 et son confort acoustique\",\"breadcrumb\":{\"@id\":\"https:\\\/\\\/www.radicicarpet.it\\\/fr\\\/news-fr\\\/sols-antiderapants-pour-interieurs-contract\\\/#breadcrumb\"},\"inLanguage\":\"fr-FR\",\"potentialAction\":[{\"@type\":\"ReadAction\",\"target\":[\"https:\\\/\\\/www.radicicarpet.it\\\/fr\\\/news-fr\\\/sols-antiderapants-pour-interieurs-contract\\\/\"]}]},{\"@type\":\"ImageObject\",\"inLanguage\":\"fr-FR\",\"@id\":\"https:\\\/\\\/www.radicicarpet.it\\\/fr\\\/news-fr\\\/sols-antiderapants-pour-interieurs-contract\\\/#primaryimage\",\"url\":\"https:\\\/\\\/www.radicicarpet.it\\\/app\\\/uploads\\\/2024\\\/04\\\/Madrid-1.webp\",\"contentUrl\":\"https:\\\/\\\/www.radicicarpet.it\\\/app\\\/uploads\\\/2024\\\/04\\\/Madrid-1.webp\",\"width\":1000,\"height\":1500,\"caption\":\"Madrid\"},{\"@type\":\"BreadcrumbList\",\"@id\":\"https:\\\/\\\/www.radicicarpet.it\\\/fr\\\/news-fr\\\/sols-antiderapants-pour-interieurs-contract\\\/#breadcrumb\",\"itemListElement\":[{\"@type\":\"ListItem\",\"position\":1,\"name\":\"Home\",\"item\":\"https:\\\/\\\/www.radicicarpet.it\\\/fr\\\/\"},{\"@type\":\"ListItem\",\"position\":2,\"name\":\"Rev\u00eatements antid\u00e9rapants pour int\u00e9rieurs : s\u00e9curit\u00e9 et design pour tous les espaces contractuels\"}]},{\"@type\":\"WebSite\",\"@id\":\"https:\\\/\\\/www.radicicarpet.it\\\/fr\\\/#website\",\"url\":\"https:\\\/\\\/www.radicicarpet.it\\\/fr\\\/\",\"name\":\"Radici Moquette\",\"description\":\"\",\"potentialAction\":[{\"@type\":\"SearchAction\",\"target\":{\"@type\":\"EntryPoint\",\"urlTemplate\":\"https:\\\/\\\/www.radicicarpet.it\\\/fr\\\/?s={search_term_string}\"},\"query-input\":{\"@type\":\"PropertyValueSpecification\",\"valueRequired\":true,\"valueName\":\"search_term_string\"}}],\"inLanguage\":\"fr-FR\"},{\"@type\":\"Person\",\"@id\":\"https:\\\/\\\/www.radicicarpet.it\\\/fr\\\/#\\\/schema\\\/person\\\/17665ade8c4d839cac4f0be6566ddc53\",\"name\":\"Valentina Gamba\",\"image\":{\"@type\":\"ImageObject\",\"inLanguage\":\"fr-FR\",\"@id\":\"https:\\\/\\\/secure.gravatar.com\\\/avatar\\\/14952b16d336fc85aa3ff8024840b9e1c17781a1ca7c3414c220bf2ec8c7ccb3?s=96&d=mm&r=g\",\"url\":\"https:\\\/\\\/secure.gravatar.com\\\/avatar\\\/14952b16d336fc85aa3ff8024840b9e1c17781a1ca7c3414c220bf2ec8c7ccb3?s=96&d=mm&r=g\",\"contentUrl\":\"https:\\\/\\\/secure.gravatar.com\\\/avatar\\\/14952b16d336fc85aa3ff8024840b9e1c17781a1ca7c3414c220bf2ec8c7ccb3?s=96&d=mm&r=g\",\"caption\":\"Valentina Gamba\"}}]}<\/script>\n<!-- \/ Yoast SEO plugin. -->","yoast_head_json":{"title":"Rev\u00eatements de sol en moquette antid\u00e9rapante : s\u00e9curit\u00e9 et confort","description":"D\u00e9couvrez comment choisir une moquette antid\u00e9rapante pour les espaces contractuels. La moquette se distingue par sa s\u00e9curit\u00e9 et son confort acoustique","robots":{"index":"index","follow":"follow","max-snippet":"max-snippet:-1","max-image-preview":"max-image-preview:large","max-video-preview":"max-video-preview:-1"},"canonical":"https:\/\/www.radicicarpet.it\/fr\/news-fr\/sols-antiderapants-pour-interieurs-contract\/","og_locale":"fr_FR","og_type":"article","og_title":"Rev\u00eatements de sol en moquette antid\u00e9rapante : s\u00e9curit\u00e9 et confort","og_description":"D\u00e9couvrez comment choisir une moquette antid\u00e9rapante pour les espaces contractuels. La moquette se distingue par sa s\u00e9curit\u00e9 et son confort acoustique","og_url":"https:\/\/www.radicicarpet.it\/fr\/news-fr\/sols-antiderapants-pour-interieurs-contract\/","og_site_name":"Radici","article_published_time":"2026-03-17T11:09:22+00:00","og_image":[{"width":1000,"height":1500,"url":"https:\/\/www.radicicarpet.it\/app\/uploads\/2024\/04\/Madrid-1.webp","type":"image\/webp"}],"author":"Valentina Gamba","twitter_card":"summary_large_image","twitter_misc":{"Written by":"Valentina Gamba","Est. reading time":"5 minutes"},"schema":{"@context":"https:\/\/schema.org","@graph":[{"@type":"Article","@id":"https:\/\/www.radicicarpet.it\/fr\/news-fr\/sols-antiderapants-pour-interieurs-contract\/#article","isPartOf":{"@id":"https:\/\/www.radicicarpet.it\/fr\/news-fr\/sols-antiderapants-pour-interieurs-contract\/"},"author":{"name":"Valentina Gamba","@id":"https:\/\/www.radicicarpet.it\/fr\/#\/schema\/person\/17665ade8c4d839cac4f0be6566ddc53"},"headline":"Rev\u00eatements antid\u00e9rapants pour int\u00e9rieurs : s\u00e9curit\u00e9 et design pour tous les espaces contractuels","datePublished":"2026-03-17T11:09:22+00:00","mainEntityOfPage":{"@id":"https:\/\/www.radicicarpet.it\/fr\/news-fr\/sols-antiderapants-pour-interieurs-contract\/"},"wordCount":749,"commentCount":0,"image":{"@id":"https:\/\/www.radicicarpet.it\/fr\/news-fr\/sols-antiderapants-pour-interieurs-contract\/#primaryimage"},"thumbnailUrl":"https:\/\/www.radicicarpet.it\/app\/uploads\/2024\/04\/Madrid-1.webp","articleSection":["News"],"inLanguage":"fr-FR","potentialAction":[{"@type":"CommentAction","name":"Comment","target":["https:\/\/www.radicicarpet.it\/fr\/news-fr\/sols-antiderapants-pour-interieurs-contract\/#respond"]}]},{"@type":"WebPage","@id":"https:\/\/www.radicicarpet.it\/fr\/news-fr\/sols-antiderapants-pour-interieurs-contract\/","url":"https:\/\/www.radicicarpet.it\/fr\/news-fr\/sols-antiderapants-pour-interieurs-contract\/","name":"Rev\u00eatements de sol en moquette antid\u00e9rapante : s\u00e9curit\u00e9 et confort","isPartOf":{"@id":"https:\/\/www.radicicarpet.it\/fr\/#website"},"primaryImageOfPage":{"@id":"https:\/\/www.radicicarpet.it\/fr\/news-fr\/sols-antiderapants-pour-interieurs-contract\/#primaryimage"},"image":{"@id":"https:\/\/www.radicicarpet.it\/fr\/news-fr\/sols-antiderapants-pour-interieurs-contract\/#primaryimage"},"thumbnailUrl":"https:\/\/www.radicicarpet.it\/app\/uploads\/2024\/04\/Madrid-1.webp","datePublished":"2026-03-17T11:09:22+00:00","author":{"@id":"https:\/\/www.radicicarpet.it\/fr\/#\/schema\/person\/17665ade8c4d839cac4f0be6566ddc53"},"description":"D\u00e9couvrez comment choisir une moquette antid\u00e9rapante pour les espaces contractuels. La moquette se distingue par sa s\u00e9curit\u00e9 et son confort acoustique","breadcrumb":{"@id":"https:\/\/www.radicicarpet.it\/fr\/news-fr\/sols-antiderapants-pour-interieurs-contract\/#breadcrumb"},"inLanguage":"fr-FR","potentialAction":[{"@type":"ReadAction","target":["https:\/\/www.radicicarpet.it\/fr\/news-fr\/sols-antiderapants-pour-interieurs-contract\/"]}]},{"@type":"ImageObject","inLanguage":"fr-FR","@id":"https:\/\/www.radicicarpet.it\/fr\/news-fr\/sols-antiderapants-pour-interieurs-contract\/#primaryimage","url":"https:\/\/www.radicicarpet.it\/app\/uploads\/2024\/04\/Madrid-1.webp","contentUrl":"https:\/\/www.radicicarpet.it\/app\/uploads\/2024\/04\/Madrid-1.webp","width":1000,"height":1500,"caption":"Madrid"},{"@type":"BreadcrumbList","@id":"https:\/\/www.radicicarpet.it\/fr\/news-fr\/sols-antiderapants-pour-interieurs-contract\/#breadcrumb","itemListElement":[{"@type":"ListItem","position":1,"name":"Home","item":"https:\/\/www.radicicarpet.it\/fr\/"},{"@type":"ListItem","position":2,"name":"Rev\u00eatements antid\u00e9rapants pour int\u00e9rieurs : s\u00e9curit\u00e9 et design pour tous les espaces contractuels"}]},{"@type":"WebSite","@id":"https:\/\/www.radicicarpet.it\/fr\/#website","url":"https:\/\/www.radicicarpet.it\/fr\/","name":"Radici Moquette","description":"","potentialAction":[{"@type":"SearchAction","target":{"@type":"EntryPoint","urlTemplate":"https:\/\/www.radicicarpet.it\/fr\/?s={search_term_string}"},"query-input":{"@type":"PropertyValueSpecification","valueRequired":true,"valueName":"search_term_string"}}],"inLanguage":"fr-FR"},{"@type":"Person","@id":"https:\/\/www.radicicarpet.it\/fr\/#\/schema\/person\/17665ade8c4d839cac4f0be6566ddc53","name":"Valentina Gamba","image":{"@type":"ImageObject","inLanguage":"fr-FR","@id":"https:\/\/secure.gravatar.com\/avatar\/14952b16d336fc85aa3ff8024840b9e1c17781a1ca7c3414c220bf2ec8c7ccb3?s=96&d=mm&r=g","url":"https:\/\/secure.gravatar.com\/avatar\/14952b16d336fc85aa3ff8024840b9e1c17781a1ca7c3414c220bf2ec8c7ccb3?s=96&d=mm&r=g","contentUrl":"https:\/\/secure.gravatar.com\/avatar\/14952b16d336fc85aa3ff8024840b9e1c17781a1ca7c3414c220bf2ec8c7ccb3?s=96&d=mm&r=g","caption":"Valentina Gamba"}}]}},"_links":{"self":[{"href":"https:\/\/www.radicicarpet.it\/fr\/wp-json\/wp\/v2\/posts\/21578","targetHints":{"allow":["GET"]}}],"collection":[{"href":"https:\/\/www.radicicarpet.it\/fr\/wp-json\/wp\/v2\/posts"}],"about":[{"href":"https:\/\/www.radicicarpet.it\/fr\/wp-json\/wp\/v2\/types\/post"}],"author":[{"embeddable":true,"href":"https:\/\/www.radicicarpet.it\/fr\/wp-json\/wp\/v2\/users\/5"}],"replies":[{"embeddable":true,"href":"https:\/\/www.radicicarpet.it\/fr\/wp-json\/wp\/v2\/comments?post=21578"}],"version-history":[{"count":3,"href":"https:\/\/www.radicicarpet.it\/fr\/wp-json\/wp\/v2\/posts\/21578\/revisions"}],"predecessor-version":[{"id":21595,"href":"https:\/\/www.radicicarpet.it\/fr\/wp-json\/wp\/v2\/posts\/21578\/revisions\/21595"}],"wp:featuredmedia":[{"embeddable":true,"href":"https:\/\/www.radicicarpet.it\/fr\/wp-json\/wp\/v2\/media\/16616"}],"wp:attachment":[{"href":"https:\/\/www.radicicarpet.it\/fr\/wp-json\/wp\/v2\/media?parent=21578"}],"wp:term":[{"taxonomy":"category","embeddable":true,"href":"https:\/\/www.radicicarpet.it\/fr\/wp-json\/wp\/v2\/categories?post=21578"},{"taxonomy":"post_tag","embeddable":true,"href":"https:\/\/www.radicicarpet.it\/fr\/wp-json\/wp\/v2\/tags?post=21578"}],"curies":[{"name":"wp","href":"https:\/\/api.w.org\/{rel}","templated":true}]}}