{"id":21030,"date":"2025-07-10T10:00:00","date_gmt":"2025-07-10T08:00:00","guid":{"rendered":"https:\/\/www.radicicarpet.it\/?p=21030"},"modified":"2025-06-23T15:51:10","modified_gmt":"2025-06-23T13:51:10","slug":"moquette-pour-magasins-confort-design-et-identite-visuelle-radici-carpet","status":"publish","type":"post","link":"https:\/\/www.radicicarpet.it\/fr\/news-fr\/moquette-pour-magasins-confort-design-et-identite-visuelle-radici-carpet\/","title":{"rendered":"Moquette pour magasins : cr\u00e9ez une exp\u00e9rience d&#8217;achat unique"},"content":{"rendered":"\n<figure class=\"wp-block-gallery has-nested-images columns-default is-cropped wp-block-gallery-1 is-layout-flex wp-block-gallery-is-layout-flex\">\n<figure class=\"wp-block-image size-large\"><img decoding=\"async\" width=\"816\" height=\"544\" data-id=\"4102\" src=\"https:\/\/www.radicicarpet.it\/app\/uploads\/2023\/09\/0-Bimba-y-Lola-Stores.webp\" alt=\"Moquette personnalis\u00e9e avec motifs graphiques dans une boutique de luxe\" class=\"wp-image-4102\" srcset=\"https:\/\/www.radicicarpet.it\/app\/uploads\/2023\/09\/0-Bimba-y-Lola-Stores.webp 816w, https:\/\/www.radicicarpet.it\/app\/uploads\/2023\/09\/0-Bimba-y-Lola-Stores-300x200.webp 300w, https:\/\/www.radicicarpet.it\/app\/uploads\/2023\/09\/0-Bimba-y-Lola-Stores-768x512.webp 768w\" sizes=\"(max-width: 816px) 100vw, 816px\" \/><\/figure>\n\n\n\n<figure class=\"wp-block-image size-large\"><img decoding=\"async\" width=\"819\" height=\"1024\" data-id=\"4104\" src=\"https:\/\/www.radicicarpet.it\/app\/uploads\/2023\/09\/BEL-3-819x1024.webp\" alt=\"Sol en moquette Radici Carpet dans un magasin de pr\u00eat-\u00e0-porter contemporain\n\n\" class=\"wp-image-4104\" srcset=\"https:\/\/www.radicicarpet.it\/app\/uploads\/2023\/09\/BEL-3-819x1024.webp 819w, https:\/\/www.radicicarpet.it\/app\/uploads\/2023\/09\/BEL-3-240x300.webp 240w, https:\/\/www.radicicarpet.it\/app\/uploads\/2023\/09\/BEL-3-768x960.webp 768w, https:\/\/www.radicicarpet.it\/app\/uploads\/2023\/09\/BEL-3.webp 1120w\" sizes=\"(max-width: 819px) 100vw, 819px\" \/><\/figure>\n<\/figure>\n\n\n\n<h2 class=\"wp-block-heading\"><strong>Les avantages de la moquette pour magasins<\/strong><\/h2>\n\n\n\n<p><br><strong><em>Confort et isolation thermique<br><\/em><\/strong>Chaque pas raconte une histoire. Marcher sur une surface douce et chaude procure un bien-\u00eatre imm\u00e9diat. La moquette am\u00e9liore le confort thermique des espaces en retenant la chaleur et en offrant une sensation tactile raffin\u00e9e, id\u00e9ale pour cr\u00e9er une ambiance accueillante.<\/p>\n\n\n\n<p><strong><em>Isolation acoustique<br><\/em><\/strong>Un magasin o\u00f9 le son est ma\u00eetris\u00e9 inspire \u00e9quilibre et s\u00e9r\u00e9nit\u00e9. La moquette absorbe les bruits de pas, r\u00e9duit la r\u00e9verb\u00e9ration et cr\u00e9e une atmosph\u00e8re plus apais\u00e9e. Elle est parfaite pour les boutiques, galeries, showrooms et concept stores o\u00f9 l\u2019ambiance fait partie int\u00e9grante du projet.<\/p>\n\n\n\n<p><strong><em>Vari\u00e9t\u00e9 de design et de couleurs<br><\/em><\/strong>Du gris \u00e9l\u00e9gant au taupe naturel, jusqu\u2019aux palettes plus audacieuses, la moquette habille le sol avec caract\u00e8re. Radici Carpet propose des motifs sur mesure, des textures riches et des dessins personnalis\u00e9s pour permettre \u00e0 chaque espace de vente d\u2019exprimer sa propre identit\u00e9. Les compositions s\u2019int\u00e8grent harmonieusement \u00e0 l\u2019am\u00e9nagement int\u00e9rieur, renfor\u00e7ant l\u2019effet immersif.<\/p>\n\n\n\n<p><strong><em>Facilit\u00e9 d&#8217;entretien et de nettoyage<br><\/em><\/strong>La recherche sur les mat\u00e9riaux a permis de d\u00e9velopper des fibres haute performance, comme le polyamide, reconnues pour leur r\u00e9sistance et leur simplicit\u00e9 d\u2019entretien. Les traitements anti-salissures et anti-poussi\u00e8re garantissent un aspect impeccable, m\u00eame dans les zones \u00e0 fort passage.<\/p>\n\n\n\n<p><strong><em>Impact sur l\u2019exp\u00e9rience client<br><\/em><\/strong>L\u2019exp\u00e9rience d\u2019achat commence d\u00e8s que l\u2019on franchit la porte. La moquette accueille, incite \u00e0 ralentir, et met en relation le corps et l\u2019espace. Le confort ressenti favorise la d\u00e9couverte des produits et renforce la perception de qualit\u00e9. Un \u00e9l\u00e9ment discret mais puissant, qui enrichit la narration de la marque.<\/p>\n\n\n\n<h2 class=\"wp-block-heading\">Facteurs \u00e0 consid\u00e9rer dans le choix de la moquette<\/h2>\n\n\n\n<p><strong><em><br>Mat\u00e9riaux et performance<br><\/em><\/strong>Chaque projet a ses exigences. Les boutiques haut de gamme privil\u00e9gient des textures denses et raffin\u00e9es. Les fibres synth\u00e9tiques de derni\u00e8re g\u00e9n\u00e9ration \u2013 comme le fil r\u00e9g\u00e9n\u00e9r\u00e9 ECONYL\u00ae \u2013 associent esth\u00e9tique et durabilit\u00e9. Les structures mono-mati\u00e8re facilitent le recyclage en fin de vie.<\/p>\n\n\n\n<p><strong><em>R\u00e9sistance au trafic pi\u00e9tonnier<br><\/em><\/strong>Entr\u00e9es, all\u00e9es, zones d\u2019exposition : les surfaces doivent accueillir un trafic constant sans compromettre l\u2019esth\u00e9tique. Les collections Radici Carpet garantissent r\u00e9sistance et \u00e9l\u00e9gance m\u00eame dans les environnements les plus fr\u00e9quent\u00e9s.<\/p>\n\n\n\n<p><strong><em>Style et branding<br><\/em><\/strong>Le sol dialogue avec le concept global. Il peut soutenir un langage minimaliste ou devenir un protagoniste visuel. Gr\u00e2ce \u00e0 l&#8217;impression num\u00e9rique haute d\u00e9finition, chaque projet devient unique : motifs inspir\u00e9s par la collection, couleurs identitaires, g\u00e9om\u00e9tries en phase avec les produits expos\u00e9s.<\/p>\n\n\n\n<figure class=\"wp-block-gallery has-nested-images columns-default is-cropped wp-block-gallery-2 is-layout-flex wp-block-gallery-is-layout-flex\">\n<figure class=\"wp-block-image size-large\"><img decoding=\"async\" width=\"1024\" height=\"683\" data-id=\"20481\" src=\"https:\/\/www.radicicarpet.it\/app\/uploads\/2025\/04\/Stone-Island-01-1024x683.webp\" alt=\"Moquette textur\u00e9e en tons taupe pour un espace de vente \u00e9l\u00e9gant\n\n\" class=\"wp-image-20481\" srcset=\"https:\/\/www.radicicarpet.it\/app\/uploads\/2025\/04\/Stone-Island-01-1024x683.webp 1024w, https:\/\/www.radicicarpet.it\/app\/uploads\/2025\/04\/Stone-Island-01-300x200.webp 300w, https:\/\/www.radicicarpet.it\/app\/uploads\/2025\/04\/Stone-Island-01-768x512.webp 768w, https:\/\/www.radicicarpet.it\/app\/uploads\/2025\/04\/Stone-Island-01-1536x1024.webp 1536w, https:\/\/www.radicicarpet.it\/app\/uploads\/2025\/04\/Stone-Island-01-2048x1365.webp 2048w\" sizes=\"(max-width: 1024px) 100vw, 1024px\" \/><\/figure>\n\n\n\n<figure class=\"wp-block-image size-large\"><img decoding=\"async\" width=\"1024\" height=\"683\" data-id=\"5234\" src=\"https:\/\/www.radicicarpet.it\/app\/uploads\/2023\/10\/Bari_5-1024x683.webp\" alt=\"Moquette unie assortie au mobilier d\u2019un showroom\n\n\" class=\"wp-image-5234\" srcset=\"https:\/\/www.radicicarpet.it\/app\/uploads\/2023\/10\/Bari_5-1024x683.webp 1024w, https:\/\/www.radicicarpet.it\/app\/uploads\/2023\/10\/Bari_5-300x200.webp 300w, https:\/\/www.radicicarpet.it\/app\/uploads\/2023\/10\/Bari_5-768x512.webp 768w, https:\/\/www.radicicarpet.it\/app\/uploads\/2023\/10\/Bari_5-1536x1024.webp 1536w, https:\/\/www.radicicarpet.it\/app\/uploads\/2023\/10\/Bari_5-2048x1365.webp 2048w\" sizes=\"(max-width: 1024px) 100vw, 1024px\" \/><\/figure>\n<\/figure>\n\n\n\n<p><strong><em>Entretien : soin de la surface, soin de l\u2019image<br><\/em><\/strong>Une moquette bien entretenue conserve sa valeur per\u00e7ue au fil du temps.<\/p>\n\n\n\n<p>Nettoyage quotidien : aspirateurs avec filtres HEPA pour une surface propre et lumineuse.<\/p>\n\n\n\n<p>Traitement des taches : intervenir rapidement avec des produits doux pour pr\u00e9server la fibre.<\/p>\n\n\n\n<p>Entretien saisonnier : faire appel \u00e0 des professionnels pour une remise \u00e0 neuf compl\u00e8te et une long\u00e9vit\u00e9 accrue.<\/p>\n\n\n\n<p>Chaque geste d\u2019entretien refl\u00e8te la coh\u00e9rence avec l\u2019image du magasin. Et dans le retail, l\u2019image est tout.<\/p>\n\n\n\n<p><strong><em>Conclusion<br><\/em><\/strong>Choisir la moquette pour un magasin, c\u2019est aller au-del\u00e0 de la fonctionnalit\u00e9. C\u2019est cr\u00e9er une exp\u00e9rience, un message, une identit\u00e9 qui se manifeste \u00e0 travers la mati\u00e8re. Avec Radici Carpet, chaque surface devient une invitation \u00e0 rester, explorer et s\u2019inspirer.<\/p>\n\n\n\n<p>Nos mod\u00e8les de magasins pr\u00e9f\u00e9r\u00e9s: <a href=\"https:\/\/www.radicicarpet.it\/fr\/projets\/bimba-y-lola-stores\/\">Bimba Y Lola<\/a>, <a href=\"https:\/\/www.radicicarpet.it\/fr\/projets\/bentley-showroom\/\">Bentley<\/a><\/p>\n\n\n\n<h2 class=\"wp-block-heading\">Produits recommand\u00e9s<\/h2>\n\n\n\n<p><br><\/p>\n\n\n\n<figure class=\"wp-block-gallery has-nested-images columns-default is-cropped wp-block-gallery-3 is-layout-flex wp-block-gallery-is-layout-flex\">\n<figure class=\"wp-block-image size-large\"><a href=\"https:\/\/www.radicicarpet.it\/fr\/produits\/dolcevita\/\"><img decoding=\"async\" width=\"819\" height=\"1024\" data-id=\"2535\" src=\"https:\/\/www.radicicarpet.it\/app\/uploads\/2023\/09\/Dolcevita_1-819x1024.webp\" alt=\"Moquette combin\u00e9e \u00e0 un design minimaliste dans un espace commercial moderne\n\n\" class=\"wp-image-2535\" srcset=\"https:\/\/www.radicicarpet.it\/app\/uploads\/2023\/09\/Dolcevita_1-819x1024.webp 819w, https:\/\/www.radicicarpet.it\/app\/uploads\/2023\/09\/Dolcevita_1-240x300.webp 240w, https:\/\/www.radicicarpet.it\/app\/uploads\/2023\/09\/Dolcevita_1-768x960.webp 768w, https:\/\/www.radicicarpet.it\/app\/uploads\/2023\/09\/Dolcevita_1.webp 1120w\" sizes=\"(max-width: 819px) 100vw, 819px\" \/><\/a><figcaption class=\"wp-element-caption\">Dolcevita<\/figcaption><\/figure>\n\n\n\n<figure class=\"wp-block-image size-large\"><a href=\"https:\/\/www.radicicarpet.it\/fr\/produits\/bloom-back\/\"><img decoding=\"async\" width=\"683\" height=\"1024\" data-id=\"18011\" src=\"https:\/\/www.radicicarpet.it\/app\/uploads\/2024\/10\/Bloom_Back_6-683x1024.webp\" alt=\"Moquette douce et chaude pour un confort sensoriel optimal en magasin\n\n\" class=\"wp-image-18011\" srcset=\"https:\/\/www.radicicarpet.it\/app\/uploads\/2024\/10\/Bloom_Back_6-683x1024.webp 683w, https:\/\/www.radicicarpet.it\/app\/uploads\/2024\/10\/Bloom_Back_6-200x300.webp 200w, https:\/\/www.radicicarpet.it\/app\/uploads\/2024\/10\/Bloom_Back_6-768x1152.webp 768w, https:\/\/www.radicicarpet.it\/app\/uploads\/2024\/10\/Bloom_Back_6-1024x1536.webp 1024w, https:\/\/www.radicicarpet.it\/app\/uploads\/2024\/10\/Bloom_Back_6-1365x2048.webp 1365w, https:\/\/www.radicicarpet.it\/app\/uploads\/2024\/10\/Bloom_Back_6-scaled.webp 1707w\" sizes=\"(max-width: 683px) 100vw, 683px\" \/><\/a><figcaption class=\"wp-element-caption\">Bloom Back<\/figcaption><\/figure>\n\n\n\n<figure class=\"wp-block-image size-large\"><a href=\"https:\/\/www.radicicarpet.it\/fr\/produits\/handtuft\/\"><img decoding=\"async\" width=\"682\" height=\"1024\" data-id=\"5618\" src=\"https:\/\/www.radicicarpet.it\/app\/uploads\/2023\/10\/Handtuft_5-682x1024.webp\" alt=\"Moquette acoustique pour une ambiance calme et accueillante\n\n\" class=\"wp-image-5618\" srcset=\"https:\/\/www.radicicarpet.it\/app\/uploads\/2023\/10\/Handtuft_5-682x1024.webp 682w, https:\/\/www.radicicarpet.it\/app\/uploads\/2023\/10\/Handtuft_5-200x300.webp 200w, https:\/\/www.radicicarpet.it\/app\/uploads\/2023\/10\/Handtuft_5-768x1154.webp 768w, https:\/\/www.radicicarpet.it\/app\/uploads\/2023\/10\/Handtuft_5.webp 932w\" sizes=\"(max-width: 682px) 100vw, 682px\" \/><\/a><figcaption class=\"wp-element-caption\">Handtuft<\/figcaption><\/figure>\n\n\n\n<figure class=\"wp-block-image size-large\"><a href=\"https:\/\/www.radicicarpet.it\/fr\/produits\/hi-decor\/\"><img decoding=\"async\" width=\"768\" height=\"1024\" data-id=\"3402\" src=\"https:\/\/www.radicicarpet.it\/app\/uploads\/2023\/09\/fsg6-768x1024.webp\" alt=\"Motif de moquette inspir\u00e9 de la nouvelle collection\n\n\" class=\"wp-image-3402\" srcset=\"https:\/\/www.radicicarpet.it\/app\/uploads\/2023\/09\/fsg6-768x1024.webp 768w, https:\/\/www.radicicarpet.it\/app\/uploads\/2023\/09\/fsg6-225x300.webp 225w, https:\/\/www.radicicarpet.it\/app\/uploads\/2023\/09\/fsg6.webp 1050w\" sizes=\"(max-width: 768px) 100vw, 768px\" \/><\/a><figcaption class=\"wp-element-caption\">Hi-Decor<\/figcaption><\/figure>\n\n\n\n<figure class=\"wp-block-image size-large\"><a href=\"https:\/\/www.radicicarpet.it\/fr\/produits\/bloom\/\"><img decoding=\"async\" width=\"768\" height=\"1024\" data-id=\"4963\" src=\"https:\/\/www.radicicarpet.it\/app\/uploads\/2023\/10\/Bloom_7-768x1024.webp\" alt=\"Moquette d\u2019entr\u00e9e accueillante pour une premi\u00e8re impression soign\u00e9e\n\n\" class=\"wp-image-4963\" srcset=\"https:\/\/www.radicicarpet.it\/app\/uploads\/2023\/10\/Bloom_7-768x1024.webp 768w, https:\/\/www.radicicarpet.it\/app\/uploads\/2023\/10\/Bloom_7-225x300.webp 225w, https:\/\/www.radicicarpet.it\/app\/uploads\/2023\/10\/Bloom_7.webp 1050w\" sizes=\"(max-width: 768px) 100vw, 768px\" \/><\/a><figcaption class=\"wp-element-caption\">Bloom<\/figcaption><\/figure>\n\n\n\n<figure class=\"wp-block-image size-large\"><a href=\"https:\/\/www.radicicarpet.it\/fr\/produits\/abetone\/\"><img decoding=\"async\" width=\"768\" height=\"1024\" data-id=\"2439\" src=\"https:\/\/www.radicicarpet.it\/app\/uploads\/2023\/09\/Abetone_1-768x1024.webp\" alt=\"Moquette ton sur ton pour boutique raffin\u00e9e et sobre\n\n\" class=\"wp-image-2439\" srcset=\"https:\/\/www.radicicarpet.it\/app\/uploads\/2023\/09\/Abetone_1-768x1024.webp 768w, https:\/\/www.radicicarpet.it\/app\/uploads\/2023\/09\/Abetone_1-225x300.webp 225w, https:\/\/www.radicicarpet.it\/app\/uploads\/2023\/09\/Abetone_1.webp 1050w\" sizes=\"(max-width: 768px) 100vw, 768px\" \/><\/a><figcaption class=\"wp-element-caption\">Abetone<\/figcaption><\/figure>\n<\/figure>\n","protected":false},"excerpt":{"rendered":"<p>Dans le retail contemporain, l&#8217;am\u00e9nagement de l\u2019espace est un levier essentiel pour exprimer l&#8217;identit\u00e9 de la marque. Gr\u00e2ce \u00e0 sa nature textile et \u00e0 sa richesse expressive, la moquette devient un choix qui allie mati\u00e8re et atmosph\u00e8re, confort et langage visuel.<\/p>\n","protected":false},"author":5,"featured_media":10737,"comment_status":"open","ping_status":"open","sticky":false,"template":"","format":"standard","meta":{"_acf_changed":false,"inline_featured_image":false,"footnotes":""},"categories":[1725],"tags":[],"class_list":["post-21030","post","type-post","status-publish","format-standard","has-post-thumbnail","hentry","category-news-fr"],"acf":[],"yoast_head":"<!-- This site is optimized with the Yoast SEO plugin v27.5 - https:\/\/yoast.com\/product\/yoast-seo-wordpress\/ -->\n<title>Moquette pour magasins : cr\u00e9ez une exp\u00e9rience d&#039;achat unique | Radici<\/title>\n<meta name=\"description\" content=\"D\u00e9couvrez les atouts de la moquette pour commerces : confort thermique, isolation acoustique, design sur mesure et r\u00e9sistance au trafic.\" \/>\n<meta name=\"robots\" content=\"index, follow, max-snippet:-1, max-image-preview:large, max-video-preview:-1\" \/>\n<link rel=\"canonical\" href=\"https:\/\/www.radicicarpet.it\/fr\/news-fr\/moquette-pour-magasins-confort-design-et-identite-visuelle-radici-carpet\/\" \/>\n<meta property=\"og:locale\" content=\"fr_FR\" \/>\n<meta property=\"og:type\" content=\"article\" \/>\n<meta property=\"og:title\" content=\"Moquette pour magasins : cr\u00e9ez une exp\u00e9rience d&#039;achat unique | Radici\" \/>\n<meta property=\"og:description\" content=\"D\u00e9couvrez les atouts de la moquette pour commerces : confort thermique, isolation acoustique, design sur mesure et r\u00e9sistance au trafic.\" \/>\n<meta property=\"og:url\" content=\"https:\/\/www.radicicarpet.it\/fr\/news-fr\/moquette-pour-magasins-confort-design-et-identite-visuelle-radici-carpet\/\" \/>\n<meta property=\"og:site_name\" content=\"Radici\" \/>\n<meta property=\"article:published_time\" content=\"2025-07-10T08:00:00+00:00\" \/>\n<meta property=\"og:image\" content=\"https:\/\/www.radicicarpet.it\/app\/uploads\/2023\/09\/0-Bimba-y-Lola-Stores.webp\" \/>\n\t<meta property=\"og:image:width\" content=\"816\" \/>\n\t<meta property=\"og:image:height\" content=\"544\" \/>\n\t<meta property=\"og:image:type\" content=\"image\/webp\" \/>\n<meta name=\"author\" content=\"Valentina Gamba\" \/>\n<meta name=\"twitter:card\" content=\"summary_large_image\" \/>\n<meta name=\"twitter:label1\" content=\"Written by\" \/>\n\t<meta name=\"twitter:data1\" content=\"Valentina Gamba\" \/>\n\t<meta name=\"twitter:label2\" content=\"Est. reading time\" \/>\n\t<meta name=\"twitter:data2\" content=\"5 minutes\" \/>\n<script type=\"application\/ld+json\" class=\"yoast-schema-graph\">{\"@context\":\"https:\\\/\\\/schema.org\",\"@graph\":[{\"@type\":\"Article\",\"@id\":\"https:\\\/\\\/www.radicicarpet.it\\\/fr\\\/news-fr\\\/moquette-pour-magasins-confort-design-et-identite-visuelle-radici-carpet\\\/#article\",\"isPartOf\":{\"@id\":\"https:\\\/\\\/www.radicicarpet.it\\\/fr\\\/news-fr\\\/moquette-pour-magasins-confort-design-et-identite-visuelle-radici-carpet\\\/\"},\"author\":{\"name\":\"Valentina Gamba\",\"@id\":\"https:\\\/\\\/www.radicicarpet.it\\\/fr\\\/#\\\/schema\\\/person\\\/17665ade8c4d839cac4f0be6566ddc53\"},\"headline\":\"Moquette pour magasins : cr\u00e9ez une exp\u00e9rience d&#8217;achat unique\",\"datePublished\":\"2025-07-10T08:00:00+00:00\",\"mainEntityOfPage\":{\"@id\":\"https:\\\/\\\/www.radicicarpet.it\\\/fr\\\/news-fr\\\/moquette-pour-magasins-confort-design-et-identite-visuelle-radici-carpet\\\/\"},\"wordCount\":626,\"commentCount\":0,\"image\":{\"@id\":\"https:\\\/\\\/www.radicicarpet.it\\\/fr\\\/news-fr\\\/moquette-pour-magasins-confort-design-et-identite-visuelle-radici-carpet\\\/#primaryimage\"},\"thumbnailUrl\":\"https:\\\/\\\/www.radicicarpet.it\\\/app\\\/uploads\\\/2023\\\/09\\\/0-Bimba-y-Lola-Stores.webp\",\"articleSection\":[\"News\"],\"inLanguage\":\"fr-FR\",\"potentialAction\":[{\"@type\":\"CommentAction\",\"name\":\"Comment\",\"target\":[\"https:\\\/\\\/www.radicicarpet.it\\\/fr\\\/news-fr\\\/moquette-pour-magasins-confort-design-et-identite-visuelle-radici-carpet\\\/#respond\"]}]},{\"@type\":\"WebPage\",\"@id\":\"https:\\\/\\\/www.radicicarpet.it\\\/fr\\\/news-fr\\\/moquette-pour-magasins-confort-design-et-identite-visuelle-radici-carpet\\\/\",\"url\":\"https:\\\/\\\/www.radicicarpet.it\\\/fr\\\/news-fr\\\/moquette-pour-magasins-confort-design-et-identite-visuelle-radici-carpet\\\/\",\"name\":\"Moquette pour magasins : cr\u00e9ez une exp\u00e9rience d'achat unique | Radici\",\"isPartOf\":{\"@id\":\"https:\\\/\\\/www.radicicarpet.it\\\/fr\\\/#website\"},\"primaryImageOfPage\":{\"@id\":\"https:\\\/\\\/www.radicicarpet.it\\\/fr\\\/news-fr\\\/moquette-pour-magasins-confort-design-et-identite-visuelle-radici-carpet\\\/#primaryimage\"},\"image\":{\"@id\":\"https:\\\/\\\/www.radicicarpet.it\\\/fr\\\/news-fr\\\/moquette-pour-magasins-confort-design-et-identite-visuelle-radici-carpet\\\/#primaryimage\"},\"thumbnailUrl\":\"https:\\\/\\\/www.radicicarpet.it\\\/app\\\/uploads\\\/2023\\\/09\\\/0-Bimba-y-Lola-Stores.webp\",\"datePublished\":\"2025-07-10T08:00:00+00:00\",\"author\":{\"@id\":\"https:\\\/\\\/www.radicicarpet.it\\\/fr\\\/#\\\/schema\\\/person\\\/17665ade8c4d839cac4f0be6566ddc53\"},\"description\":\"D\u00e9couvrez les atouts de la moquette pour commerces : confort thermique, isolation acoustique, design sur mesure et r\u00e9sistance au trafic.\",\"breadcrumb\":{\"@id\":\"https:\\\/\\\/www.radicicarpet.it\\\/fr\\\/news-fr\\\/moquette-pour-magasins-confort-design-et-identite-visuelle-radici-carpet\\\/#breadcrumb\"},\"inLanguage\":\"fr-FR\",\"potentialAction\":[{\"@type\":\"ReadAction\",\"target\":[\"https:\\\/\\\/www.radicicarpet.it\\\/fr\\\/news-fr\\\/moquette-pour-magasins-confort-design-et-identite-visuelle-radici-carpet\\\/\"]}]},{\"@type\":\"ImageObject\",\"inLanguage\":\"fr-FR\",\"@id\":\"https:\\\/\\\/www.radicicarpet.it\\\/fr\\\/news-fr\\\/moquette-pour-magasins-confort-design-et-identite-visuelle-radici-carpet\\\/#primaryimage\",\"url\":\"https:\\\/\\\/www.radicicarpet.it\\\/app\\\/uploads\\\/2023\\\/09\\\/0-Bimba-y-Lola-Stores.webp\",\"contentUrl\":\"https:\\\/\\\/www.radicicarpet.it\\\/app\\\/uploads\\\/2023\\\/09\\\/0-Bimba-y-Lola-Stores.webp\",\"width\":816,\"height\":544},{\"@type\":\"BreadcrumbList\",\"@id\":\"https:\\\/\\\/www.radicicarpet.it\\\/fr\\\/news-fr\\\/moquette-pour-magasins-confort-design-et-identite-visuelle-radici-carpet\\\/#breadcrumb\",\"itemListElement\":[{\"@type\":\"ListItem\",\"position\":1,\"name\":\"Home\",\"item\":\"https:\\\/\\\/www.radicicarpet.it\\\/fr\\\/\"},{\"@type\":\"ListItem\",\"position\":2,\"name\":\"Moquette pour magasins : cr\u00e9ez une exp\u00e9rience d&#8217;achat unique\"}]},{\"@type\":\"WebSite\",\"@id\":\"https:\\\/\\\/www.radicicarpet.it\\\/fr\\\/#website\",\"url\":\"https:\\\/\\\/www.radicicarpet.it\\\/fr\\\/\",\"name\":\"Radici Moquette\",\"description\":\"\",\"potentialAction\":[{\"@type\":\"SearchAction\",\"target\":{\"@type\":\"EntryPoint\",\"urlTemplate\":\"https:\\\/\\\/www.radicicarpet.it\\\/fr\\\/?s={search_term_string}\"},\"query-input\":{\"@type\":\"PropertyValueSpecification\",\"valueRequired\":true,\"valueName\":\"search_term_string\"}}],\"inLanguage\":\"fr-FR\"},{\"@type\":\"Person\",\"@id\":\"https:\\\/\\\/www.radicicarpet.it\\\/fr\\\/#\\\/schema\\\/person\\\/17665ade8c4d839cac4f0be6566ddc53\",\"name\":\"Valentina Gamba\",\"image\":{\"@type\":\"ImageObject\",\"inLanguage\":\"fr-FR\",\"@id\":\"https:\\\/\\\/secure.gravatar.com\\\/avatar\\\/14952b16d336fc85aa3ff8024840b9e1c17781a1ca7c3414c220bf2ec8c7ccb3?s=96&d=mm&r=g\",\"url\":\"https:\\\/\\\/secure.gravatar.com\\\/avatar\\\/14952b16d336fc85aa3ff8024840b9e1c17781a1ca7c3414c220bf2ec8c7ccb3?s=96&d=mm&r=g\",\"contentUrl\":\"https:\\\/\\\/secure.gravatar.com\\\/avatar\\\/14952b16d336fc85aa3ff8024840b9e1c17781a1ca7c3414c220bf2ec8c7ccb3?s=96&d=mm&r=g\",\"caption\":\"Valentina Gamba\"}}]}<\/script>\n<!-- \/ Yoast SEO plugin. -->","yoast_head_json":{"title":"Moquette pour magasins : cr\u00e9ez une exp\u00e9rience d'achat unique | Radici","description":"D\u00e9couvrez les atouts de la moquette pour commerces : confort thermique, isolation acoustique, design sur mesure et r\u00e9sistance au trafic.","robots":{"index":"index","follow":"follow","max-snippet":"max-snippet:-1","max-image-preview":"max-image-preview:large","max-video-preview":"max-video-preview:-1"},"canonical":"https:\/\/www.radicicarpet.it\/fr\/news-fr\/moquette-pour-magasins-confort-design-et-identite-visuelle-radici-carpet\/","og_locale":"fr_FR","og_type":"article","og_title":"Moquette pour magasins : cr\u00e9ez une exp\u00e9rience d'achat unique | Radici","og_description":"D\u00e9couvrez les atouts de la moquette pour commerces : confort thermique, isolation acoustique, design sur mesure et r\u00e9sistance au trafic.","og_url":"https:\/\/www.radicicarpet.it\/fr\/news-fr\/moquette-pour-magasins-confort-design-et-identite-visuelle-radici-carpet\/","og_site_name":"Radici","article_published_time":"2025-07-10T08:00:00+00:00","og_image":[{"width":816,"height":544,"url":"https:\/\/www.radicicarpet.it\/app\/uploads\/2023\/09\/0-Bimba-y-Lola-Stores.webp","type":"image\/webp"}],"author":"Valentina Gamba","twitter_card":"summary_large_image","twitter_misc":{"Written by":"Valentina Gamba","Est. reading time":"5 minutes"},"schema":{"@context":"https:\/\/schema.org","@graph":[{"@type":"Article","@id":"https:\/\/www.radicicarpet.it\/fr\/news-fr\/moquette-pour-magasins-confort-design-et-identite-visuelle-radici-carpet\/#article","isPartOf":{"@id":"https:\/\/www.radicicarpet.it\/fr\/news-fr\/moquette-pour-magasins-confort-design-et-identite-visuelle-radici-carpet\/"},"author":{"name":"Valentina Gamba","@id":"https:\/\/www.radicicarpet.it\/fr\/#\/schema\/person\/17665ade8c4d839cac4f0be6566ddc53"},"headline":"Moquette pour magasins : cr\u00e9ez une exp\u00e9rience d&#8217;achat unique","datePublished":"2025-07-10T08:00:00+00:00","mainEntityOfPage":{"@id":"https:\/\/www.radicicarpet.it\/fr\/news-fr\/moquette-pour-magasins-confort-design-et-identite-visuelle-radici-carpet\/"},"wordCount":626,"commentCount":0,"image":{"@id":"https:\/\/www.radicicarpet.it\/fr\/news-fr\/moquette-pour-magasins-confort-design-et-identite-visuelle-radici-carpet\/#primaryimage"},"thumbnailUrl":"https:\/\/www.radicicarpet.it\/app\/uploads\/2023\/09\/0-Bimba-y-Lola-Stores.webp","articleSection":["News"],"inLanguage":"fr-FR","potentialAction":[{"@type":"CommentAction","name":"Comment","target":["https:\/\/www.radicicarpet.it\/fr\/news-fr\/moquette-pour-magasins-confort-design-et-identite-visuelle-radici-carpet\/#respond"]}]},{"@type":"WebPage","@id":"https:\/\/www.radicicarpet.it\/fr\/news-fr\/moquette-pour-magasins-confort-design-et-identite-visuelle-radici-carpet\/","url":"https:\/\/www.radicicarpet.it\/fr\/news-fr\/moquette-pour-magasins-confort-design-et-identite-visuelle-radici-carpet\/","name":"Moquette pour magasins : cr\u00e9ez une exp\u00e9rience d'achat unique | Radici","isPartOf":{"@id":"https:\/\/www.radicicarpet.it\/fr\/#website"},"primaryImageOfPage":{"@id":"https:\/\/www.radicicarpet.it\/fr\/news-fr\/moquette-pour-magasins-confort-design-et-identite-visuelle-radici-carpet\/#primaryimage"},"image":{"@id":"https:\/\/www.radicicarpet.it\/fr\/news-fr\/moquette-pour-magasins-confort-design-et-identite-visuelle-radici-carpet\/#primaryimage"},"thumbnailUrl":"https:\/\/www.radicicarpet.it\/app\/uploads\/2023\/09\/0-Bimba-y-Lola-Stores.webp","datePublished":"2025-07-10T08:00:00+00:00","author":{"@id":"https:\/\/www.radicicarpet.it\/fr\/#\/schema\/person\/17665ade8c4d839cac4f0be6566ddc53"},"description":"D\u00e9couvrez les atouts de la moquette pour commerces : confort thermique, isolation acoustique, design sur mesure et r\u00e9sistance au trafic.","breadcrumb":{"@id":"https:\/\/www.radicicarpet.it\/fr\/news-fr\/moquette-pour-magasins-confort-design-et-identite-visuelle-radici-carpet\/#breadcrumb"},"inLanguage":"fr-FR","potentialAction":[{"@type":"ReadAction","target":["https:\/\/www.radicicarpet.it\/fr\/news-fr\/moquette-pour-magasins-confort-design-et-identite-visuelle-radici-carpet\/"]}]},{"@type":"ImageObject","inLanguage":"fr-FR","@id":"https:\/\/www.radicicarpet.it\/fr\/news-fr\/moquette-pour-magasins-confort-design-et-identite-visuelle-radici-carpet\/#primaryimage","url":"https:\/\/www.radicicarpet.it\/app\/uploads\/2023\/09\/0-Bimba-y-Lola-Stores.webp","contentUrl":"https:\/\/www.radicicarpet.it\/app\/uploads\/2023\/09\/0-Bimba-y-Lola-Stores.webp","width":816,"height":544},{"@type":"BreadcrumbList","@id":"https:\/\/www.radicicarpet.it\/fr\/news-fr\/moquette-pour-magasins-confort-design-et-identite-visuelle-radici-carpet\/#breadcrumb","itemListElement":[{"@type":"ListItem","position":1,"name":"Home","item":"https:\/\/www.radicicarpet.it\/fr\/"},{"@type":"ListItem","position":2,"name":"Moquette pour magasins : cr\u00e9ez une exp\u00e9rience d&#8217;achat unique"}]},{"@type":"WebSite","@id":"https:\/\/www.radicicarpet.it\/fr\/#website","url":"https:\/\/www.radicicarpet.it\/fr\/","name":"Radici Moquette","description":"","potentialAction":[{"@type":"SearchAction","target":{"@type":"EntryPoint","urlTemplate":"https:\/\/www.radicicarpet.it\/fr\/?s={search_term_string}"},"query-input":{"@type":"PropertyValueSpecification","valueRequired":true,"valueName":"search_term_string"}}],"inLanguage":"fr-FR"},{"@type":"Person","@id":"https:\/\/www.radicicarpet.it\/fr\/#\/schema\/person\/17665ade8c4d839cac4f0be6566ddc53","name":"Valentina Gamba","image":{"@type":"ImageObject","inLanguage":"fr-FR","@id":"https:\/\/secure.gravatar.com\/avatar\/14952b16d336fc85aa3ff8024840b9e1c17781a1ca7c3414c220bf2ec8c7ccb3?s=96&d=mm&r=g","url":"https:\/\/secure.gravatar.com\/avatar\/14952b16d336fc85aa3ff8024840b9e1c17781a1ca7c3414c220bf2ec8c7ccb3?s=96&d=mm&r=g","contentUrl":"https:\/\/secure.gravatar.com\/avatar\/14952b16d336fc85aa3ff8024840b9e1c17781a1ca7c3414c220bf2ec8c7ccb3?s=96&d=mm&r=g","caption":"Valentina Gamba"}}]}},"_links":{"self":[{"href":"https:\/\/www.radicicarpet.it\/fr\/wp-json\/wp\/v2\/posts\/21030","targetHints":{"allow":["GET"]}}],"collection":[{"href":"https:\/\/www.radicicarpet.it\/fr\/wp-json\/wp\/v2\/posts"}],"about":[{"href":"https:\/\/www.radicicarpet.it\/fr\/wp-json\/wp\/v2\/types\/post"}],"author":[{"embeddable":true,"href":"https:\/\/www.radicicarpet.it\/fr\/wp-json\/wp\/v2\/users\/5"}],"replies":[{"embeddable":true,"href":"https:\/\/www.radicicarpet.it\/fr\/wp-json\/wp\/v2\/comments?post=21030"}],"version-history":[{"count":3,"href":"https:\/\/www.radicicarpet.it\/fr\/wp-json\/wp\/v2\/posts\/21030\/revisions"}],"predecessor-version":[{"id":21046,"href":"https:\/\/www.radicicarpet.it\/fr\/wp-json\/wp\/v2\/posts\/21030\/revisions\/21046"}],"wp:featuredmedia":[{"embeddable":true,"href":"https:\/\/www.radicicarpet.it\/fr\/wp-json\/wp\/v2\/media\/10737"}],"wp:attachment":[{"href":"https:\/\/www.radicicarpet.it\/fr\/wp-json\/wp\/v2\/media?parent=21030"}],"wp:term":[{"taxonomy":"category","embeddable":true,"href":"https:\/\/www.radicicarpet.it\/fr\/wp-json\/wp\/v2\/categories?post=21030"},{"taxonomy":"post_tag","embeddable":true,"href":"https:\/\/www.radicicarpet.it\/fr\/wp-json\/wp\/v2\/tags?post=21030"}],"curies":[{"name":"wp","href":"https:\/\/api.w.org\/{rel}","templated":true}]}}