{"id":20184,"date":"2025-04-15T09:58:17","date_gmt":"2025-04-15T07:58:17","guid":{"rendered":"https:\/\/www.radicicarpet.it\/news-fr\/chroma-collection\/"},"modified":"2025-04-15T15:15:07","modified_gmt":"2025-04-15T13:15:07","slug":"chroma-collection","status":"publish","type":"post","link":"https:\/\/www.radicicarpet.it\/fr\/news-fr\/chroma-collection\/","title":{"rendered":"Collection de motifs Chroma"},"content":{"rendered":"\n<p>La collection repose sur le rev\u00eatement textile Bloom Back de Radici : une surface innovante et durable, fabriqu\u00e9e \u00e0 partir de fil Econyl et caract\u00e9ris\u00e9e par une structure monomat\u00e9riau.<br>Cette solution associe un tissu principal en polyamide \u00e0 un support du m\u00eame mat\u00e9riau, permettant un recyclage int\u00e9gral du produit en fin de vie.<\/p>\n\n\n\n<p><\/p>\n\n\n\n<figure class=\"wp-block-gallery has-nested-images columns-default is-cropped wp-block-gallery-1 is-layout-flex wp-block-gallery-is-layout-flex\">\n<figure class=\"wp-block-image size-large\"><img decoding=\"async\" width=\"683\" height=\"1024\" data-id=\"20122\" src=\"https:\/\/www.radicicarpet.it\/app\/uploads\/2025\/04\/Radici_Chroma0178-1-683x1024.webp\" alt=\"\" class=\"wp-image-20122\" srcset=\"https:\/\/www.radicicarpet.it\/app\/uploads\/2025\/04\/Radici_Chroma0178-1-683x1024.webp 683w, https:\/\/www.radicicarpet.it\/app\/uploads\/2025\/04\/Radici_Chroma0178-1-200x300.webp 200w, https:\/\/www.radicicarpet.it\/app\/uploads\/2025\/04\/Radici_Chroma0178-1-768x1152.webp 768w, https:\/\/www.radicicarpet.it\/app\/uploads\/2025\/04\/Radici_Chroma0178-1-1024x1536.webp 1024w, https:\/\/www.radicicarpet.it\/app\/uploads\/2025\/04\/Radici_Chroma0178-1-1365x2048.webp 1365w, https:\/\/www.radicicarpet.it\/app\/uploads\/2025\/04\/Radici_Chroma0178-1-scaled.webp 1707w\" sizes=\"(max-width: 683px) 100vw, 683px\" \/><\/figure>\n\n\n\n<figure class=\"wp-block-image size-large\"><img decoding=\"async\" width=\"1024\" height=\"768\" data-id=\"20142\" src=\"https:\/\/www.radicicarpet.it\/app\/uploads\/2025\/04\/Radici_Chroma0180-1-1024x768.webp\" alt=\"\" class=\"wp-image-20142\" srcset=\"https:\/\/www.radicicarpet.it\/app\/uploads\/2025\/04\/Radici_Chroma0180-1-1024x768.webp 1024w, https:\/\/www.radicicarpet.it\/app\/uploads\/2025\/04\/Radici_Chroma0180-1-300x225.webp 300w, https:\/\/www.radicicarpet.it\/app\/uploads\/2025\/04\/Radici_Chroma0180-1-768x576.webp 768w, https:\/\/www.radicicarpet.it\/app\/uploads\/2025\/04\/Radici_Chroma0180-1-1536x1152.webp 1536w, https:\/\/www.radicicarpet.it\/app\/uploads\/2025\/04\/Radici_Chroma0180-1-2048x1536.webp 2048w\" sizes=\"(max-width: 1024px) 100vw, 1024px\" \/><\/figure>\n\n\n\n<figure class=\"wp-block-image size-large\"><img decoding=\"async\" width=\"683\" height=\"1024\" data-id=\"20130\" src=\"https:\/\/www.radicicarpet.it\/app\/uploads\/2025\/04\/Radici_Chroma0195-683x1024.webp\" alt=\"\" class=\"wp-image-20130\" srcset=\"https:\/\/www.radicicarpet.it\/app\/uploads\/2025\/04\/Radici_Chroma0195-683x1024.webp 683w, https:\/\/www.radicicarpet.it\/app\/uploads\/2025\/04\/Radici_Chroma0195-200x300.webp 200w, https:\/\/www.radicicarpet.it\/app\/uploads\/2025\/04\/Radici_Chroma0195-768x1152.webp 768w, https:\/\/www.radicicarpet.it\/app\/uploads\/2025\/04\/Radici_Chroma0195-1024x1536.webp 1024w, https:\/\/www.radicicarpet.it\/app\/uploads\/2025\/04\/Radici_Chroma0195-1365x2048.webp 1365w, https:\/\/www.radicicarpet.it\/app\/uploads\/2025\/04\/Radici_Chroma0195-scaled.webp 1707w\" sizes=\"(max-width: 683px) 100vw, 683px\" \/><\/figure>\n\n\n\n<figure class=\"wp-block-image size-large\"><img decoding=\"async\" width=\"1024\" height=\"768\" data-id=\"20126\" src=\"https:\/\/www.radicicarpet.it\/app\/uploads\/2025\/04\/Radici_Chroma0214-1024x768.webp\" alt=\"\" class=\"wp-image-20126\" srcset=\"https:\/\/www.radicicarpet.it\/app\/uploads\/2025\/04\/Radici_Chroma0214-1024x768.webp 1024w, https:\/\/www.radicicarpet.it\/app\/uploads\/2025\/04\/Radici_Chroma0214-300x225.webp 300w, https:\/\/www.radicicarpet.it\/app\/uploads\/2025\/04\/Radici_Chroma0214-768x576.webp 768w, https:\/\/www.radicicarpet.it\/app\/uploads\/2025\/04\/Radici_Chroma0214-1536x1152.webp 1536w, https:\/\/www.radicicarpet.it\/app\/uploads\/2025\/04\/Radici_Chroma0214-2048x1536.webp 2048w\" sizes=\"(max-width: 1024px) 100vw, 1024px\" \/><\/figure>\n\n\n\n<figure class=\"wp-block-image size-large\"><img decoding=\"async\" width=\"683\" height=\"1024\" data-id=\"20158\" src=\"https:\/\/www.radicicarpet.it\/app\/uploads\/2025\/04\/Radici_Chroma0215-683x1024.webp\" alt=\"\" class=\"wp-image-20158\" srcset=\"https:\/\/www.radicicarpet.it\/app\/uploads\/2025\/04\/Radici_Chroma0215-683x1024.webp 683w, https:\/\/www.radicicarpet.it\/app\/uploads\/2025\/04\/Radici_Chroma0215-200x300.webp 200w, https:\/\/www.radicicarpet.it\/app\/uploads\/2025\/04\/Radici_Chroma0215-768x1152.webp 768w, https:\/\/www.radicicarpet.it\/app\/uploads\/2025\/04\/Radici_Chroma0215-1024x1536.webp 1024w, https:\/\/www.radicicarpet.it\/app\/uploads\/2025\/04\/Radici_Chroma0215-1365x2048.webp 1365w, https:\/\/www.radicicarpet.it\/app\/uploads\/2025\/04\/Radici_Chroma0215-scaled.webp 1707w\" sizes=\"(max-width: 683px) 100vw, 683px\" \/><\/figure>\n\n\n\n<figure class=\"wp-block-image size-large\"><img decoding=\"async\" width=\"683\" height=\"1024\" data-id=\"20138\" src=\"https:\/\/www.radicicarpet.it\/app\/uploads\/2025\/04\/Radici_Chroma0224-683x1024.webp\" alt=\"\" class=\"wp-image-20138\" srcset=\"https:\/\/www.radicicarpet.it\/app\/uploads\/2025\/04\/Radici_Chroma0224-683x1024.webp 683w, https:\/\/www.radicicarpet.it\/app\/uploads\/2025\/04\/Radici_Chroma0224-200x300.webp 200w, https:\/\/www.radicicarpet.it\/app\/uploads\/2025\/04\/Radici_Chroma0224-768x1152.webp 768w, https:\/\/www.radicicarpet.it\/app\/uploads\/2025\/04\/Radici_Chroma0224-1024x1536.webp 1024w, https:\/\/www.radicicarpet.it\/app\/uploads\/2025\/04\/Radici_Chroma0224-1365x2048.webp 1365w, https:\/\/www.radicicarpet.it\/app\/uploads\/2025\/04\/Radici_Chroma0224-scaled.webp 1707w\" sizes=\"(max-width: 683px) 100vw, 683px\" \/><\/figure>\n\n\n\n<figure class=\"wp-block-image size-large\"><img decoding=\"async\" width=\"683\" height=\"1024\" data-id=\"20166\" src=\"https:\/\/www.radicicarpet.it\/app\/uploads\/2025\/04\/Radici_Chroma0237-copia-683x1024.webp\" alt=\"\" class=\"wp-image-20166\" srcset=\"https:\/\/www.radicicarpet.it\/app\/uploads\/2025\/04\/Radici_Chroma0237-copia-683x1024.webp 683w, https:\/\/www.radicicarpet.it\/app\/uploads\/2025\/04\/Radici_Chroma0237-copia-200x300.webp 200w, https:\/\/www.radicicarpet.it\/app\/uploads\/2025\/04\/Radici_Chroma0237-copia-768x1152.webp 768w, https:\/\/www.radicicarpet.it\/app\/uploads\/2025\/04\/Radici_Chroma0237-copia-1024x1536.webp 1024w, https:\/\/www.radicicarpet.it\/app\/uploads\/2025\/04\/Radici_Chroma0237-copia-1365x2048.webp 1365w, https:\/\/www.radicicarpet.it\/app\/uploads\/2025\/04\/Radici_Chroma0237-copia-scaled.webp 1707w\" sizes=\"(max-width: 683px) 100vw, 683px\" \/><\/figure>\n\n\n\n<figure class=\"wp-block-image size-large\"><img decoding=\"async\" width=\"768\" height=\"1024\" data-id=\"20134\" src=\"https:\/\/www.radicicarpet.it\/app\/uploads\/2025\/04\/Radici_Chroma0264-768x1024.webp\" alt=\"\" class=\"wp-image-20134\" srcset=\"https:\/\/www.radicicarpet.it\/app\/uploads\/2025\/04\/Radici_Chroma0264-768x1024.webp 768w, https:\/\/www.radicicarpet.it\/app\/uploads\/2025\/04\/Radici_Chroma0264-225x300.webp 225w, https:\/\/www.radicicarpet.it\/app\/uploads\/2025\/04\/Radici_Chroma0264-1152x1536.webp 1152w, https:\/\/www.radicicarpet.it\/app\/uploads\/2025\/04\/Radici_Chroma0264-1536x2048.webp 1536w, https:\/\/www.radicicarpet.it\/app\/uploads\/2025\/04\/Radici_Chroma0264-scaled.webp 1920w\" sizes=\"(max-width: 768px) 100vw, 768px\" \/><\/figure>\n\n\n\n<figure class=\"wp-block-image size-large\"><img decoding=\"async\" width=\"768\" height=\"1024\" data-id=\"20146\" src=\"https:\/\/www.radicicarpet.it\/app\/uploads\/2025\/04\/Radici_Chroma0293-768x1024.webp\" alt=\"\" class=\"wp-image-20146\" srcset=\"https:\/\/www.radicicarpet.it\/app\/uploads\/2025\/04\/Radici_Chroma0293-768x1024.webp 768w, https:\/\/www.radicicarpet.it\/app\/uploads\/2025\/04\/Radici_Chroma0293-225x300.webp 225w, https:\/\/www.radicicarpet.it\/app\/uploads\/2025\/04\/Radici_Chroma0293-1152x1536.webp 1152w, https:\/\/www.radicicarpet.it\/app\/uploads\/2025\/04\/Radici_Chroma0293-1536x2048.webp 1536w, https:\/\/www.radicicarpet.it\/app\/uploads\/2025\/04\/Radici_Chroma0293-scaled.webp 1920w\" sizes=\"(max-width: 768px) 100vw, 768px\" \/><\/figure>\n<\/figure>\n","protected":false},"excerpt":{"rendered":"<p>Chroma, imagin\u00e9e par Serena Confalonieri, est une collection de motifs compos\u00e9e de huit dessins r\u00e9partis en quatre capsules qui interpr\u00e8tent diff\u00e9rentes techniques picturales et d\u00e9coratives.<\/p>\n","protected":false},"author":5,"featured_media":20175,"comment_status":"open","ping_status":"open","sticky":false,"template":"","format":"standard","meta":{"_acf_changed":false,"inline_featured_image":false,"footnotes":""},"categories":[1725],"tags":[],"class_list":["post-20184","post","type-post","status-publish","format-standard","has-post-thumbnail","hentry","category-news-fr"],"acf":[],"yoast_head":"<!-- This site is optimized with the Yoast SEO plugin v27.2 - https:\/\/yoast.com\/product\/yoast-seo-wordpress\/ -->\n<title>Collection de motifs Chroma | Radici<\/title>\n<meta name=\"robots\" content=\"index, follow, max-snippet:-1, max-image-preview:large, max-video-preview:-1\" \/>\n<link rel=\"canonical\" href=\"https:\/\/www.radicicarpet.it\/fr\/news-fr\/chroma-collection\/\" \/>\n<meta property=\"og:locale\" content=\"fr_FR\" \/>\n<meta property=\"og:type\" content=\"article\" \/>\n<meta property=\"og:title\" content=\"Collection de motifs Chroma | Radici\" \/>\n<meta property=\"og:description\" content=\"Chroma, imagin\u00e9e par Serena Confalonieri, est une collection de motifs compos\u00e9e de huit dessins r\u00e9partis en quatre capsules qui interpr\u00e8tent diff\u00e9rentes techniques picturales et d\u00e9coratives.\" \/>\n<meta property=\"og:url\" content=\"https:\/\/www.radicicarpet.it\/fr\/news-fr\/chroma-collection\/\" \/>\n<meta property=\"og:site_name\" content=\"Radici\" \/>\n<meta property=\"article:published_time\" content=\"2025-04-15T07:58:17+00:00\" \/>\n<meta property=\"article:modified_time\" content=\"2025-04-15T13:15:07+00:00\" \/>\n<meta property=\"og:image\" content=\"https:\/\/www.radicicarpet.it\/app\/uploads\/2025\/04\/Radici_Chroma0090-1-scaled.webp\" \/>\n\t<meta property=\"og:image:width\" content=\"1707\" \/>\n\t<meta property=\"og:image:height\" content=\"2560\" \/>\n\t<meta property=\"og:image:type\" content=\"image\/webp\" \/>\n<meta name=\"author\" content=\"Valentina Gamba\" \/>\n<meta name=\"twitter:card\" content=\"summary_large_image\" \/>\n<meta name=\"twitter:label1\" content=\"Written by\" \/>\n\t<meta name=\"twitter:data1\" content=\"Valentina Gamba\" \/>\n\t<meta name=\"twitter:label2\" content=\"Est. reading time\" \/>\n\t<meta name=\"twitter:data2\" content=\"3 minutes\" \/>\n<script type=\"application\/ld+json\" class=\"yoast-schema-graph\">{\"@context\":\"https:\/\/schema.org\",\"@graph\":[{\"@type\":\"Article\",\"@id\":\"https:\/\/www.radicicarpet.it\/fr\/news-fr\/chroma-collection\/#article\",\"isPartOf\":{\"@id\":\"https:\/\/www.radicicarpet.it\/fr\/news-fr\/chroma-collection\/\"},\"author\":{\"name\":\"Valentina Gamba\",\"@id\":\"https:\/\/www.radicicarpet.it\/fr\/#\/schema\/person\/17665ade8c4d839cac4f0be6566ddc53\"},\"headline\":\"Collection de motifs Chroma\",\"datePublished\":\"2025-04-15T07:58:17+00:00\",\"dateModified\":\"2025-04-15T13:15:07+00:00\",\"mainEntityOfPage\":{\"@id\":\"https:\/\/www.radicicarpet.it\/fr\/news-fr\/chroma-collection\/\"},\"wordCount\":62,\"commentCount\":0,\"image\":{\"@id\":\"https:\/\/www.radicicarpet.it\/fr\/news-fr\/chroma-collection\/#primaryimage\"},\"thumbnailUrl\":\"https:\/\/www.radicicarpet.it\/app\/uploads\/2025\/04\/Radici_Chroma0090-1-scaled.webp\",\"articleSection\":[\"News\"],\"inLanguage\":\"fr-FR\",\"potentialAction\":[{\"@type\":\"CommentAction\",\"name\":\"Comment\",\"target\":[\"https:\/\/www.radicicarpet.it\/fr\/news-fr\/chroma-collection\/#respond\"]}]},{\"@type\":\"WebPage\",\"@id\":\"https:\/\/www.radicicarpet.it\/fr\/news-fr\/chroma-collection\/\",\"url\":\"https:\/\/www.radicicarpet.it\/fr\/news-fr\/chroma-collection\/\",\"name\":\"Collection de motifs Chroma | Radici\",\"isPartOf\":{\"@id\":\"https:\/\/www.radicicarpet.it\/fr\/#website\"},\"primaryImageOfPage\":{\"@id\":\"https:\/\/www.radicicarpet.it\/fr\/news-fr\/chroma-collection\/#primaryimage\"},\"image\":{\"@id\":\"https:\/\/www.radicicarpet.it\/fr\/news-fr\/chroma-collection\/#primaryimage\"},\"thumbnailUrl\":\"https:\/\/www.radicicarpet.it\/app\/uploads\/2025\/04\/Radici_Chroma0090-1-scaled.webp\",\"datePublished\":\"2025-04-15T07:58:17+00:00\",\"dateModified\":\"2025-04-15T13:15:07+00:00\",\"author\":{\"@id\":\"https:\/\/www.radicicarpet.it\/fr\/#\/schema\/person\/17665ade8c4d839cac4f0be6566ddc53\"},\"breadcrumb\":{\"@id\":\"https:\/\/www.radicicarpet.it\/fr\/news-fr\/chroma-collection\/#breadcrumb\"},\"inLanguage\":\"fr-FR\",\"potentialAction\":[{\"@type\":\"ReadAction\",\"target\":[\"https:\/\/www.radicicarpet.it\/fr\/news-fr\/chroma-collection\/\"]}]},{\"@type\":\"ImageObject\",\"inLanguage\":\"fr-FR\",\"@id\":\"https:\/\/www.radicicarpet.it\/fr\/news-fr\/chroma-collection\/#primaryimage\",\"url\":\"https:\/\/www.radicicarpet.it\/app\/uploads\/2025\/04\/Radici_Chroma0090-1-scaled.webp\",\"contentUrl\":\"https:\/\/www.radicicarpet.it\/app\/uploads\/2025\/04\/Radici_Chroma0090-1-scaled.webp\",\"width\":1707,\"height\":2560},{\"@type\":\"BreadcrumbList\",\"@id\":\"https:\/\/www.radicicarpet.it\/fr\/news-fr\/chroma-collection\/#breadcrumb\",\"itemListElement\":[{\"@type\":\"ListItem\",\"position\":1,\"name\":\"Home\",\"item\":\"https:\/\/www.radicicarpet.it\/fr\/\"},{\"@type\":\"ListItem\",\"position\":2,\"name\":\"Collection de motifs Chroma\"}]},{\"@type\":\"WebSite\",\"@id\":\"https:\/\/www.radicicarpet.it\/fr\/#website\",\"url\":\"https:\/\/www.radicicarpet.it\/fr\/\",\"name\":\"Radici Moquette\",\"description\":\"\",\"potentialAction\":[{\"@type\":\"SearchAction\",\"target\":{\"@type\":\"EntryPoint\",\"urlTemplate\":\"https:\/\/www.radicicarpet.it\/fr\/?s={search_term_string}\"},\"query-input\":{\"@type\":\"PropertyValueSpecification\",\"valueRequired\":true,\"valueName\":\"search_term_string\"}}],\"inLanguage\":\"fr-FR\"},{\"@type\":\"Person\",\"@id\":\"https:\/\/www.radicicarpet.it\/fr\/#\/schema\/person\/17665ade8c4d839cac4f0be6566ddc53\",\"name\":\"Valentina Gamba\",\"image\":{\"@type\":\"ImageObject\",\"inLanguage\":\"fr-FR\",\"@id\":\"https:\/\/secure.gravatar.com\/avatar\/14952b16d336fc85aa3ff8024840b9e1c17781a1ca7c3414c220bf2ec8c7ccb3?s=96&d=mm&r=g\",\"url\":\"https:\/\/secure.gravatar.com\/avatar\/14952b16d336fc85aa3ff8024840b9e1c17781a1ca7c3414c220bf2ec8c7ccb3?s=96&d=mm&r=g\",\"contentUrl\":\"https:\/\/secure.gravatar.com\/avatar\/14952b16d336fc85aa3ff8024840b9e1c17781a1ca7c3414c220bf2ec8c7ccb3?s=96&d=mm&r=g\",\"caption\":\"Valentina Gamba\"}}]}<\/script>\n<!-- \/ Yoast SEO plugin. -->","yoast_head_json":{"title":"Collection de motifs Chroma | Radici","robots":{"index":"index","follow":"follow","max-snippet":"max-snippet:-1","max-image-preview":"max-image-preview:large","max-video-preview":"max-video-preview:-1"},"canonical":"https:\/\/www.radicicarpet.it\/fr\/news-fr\/chroma-collection\/","og_locale":"fr_FR","og_type":"article","og_title":"Collection de motifs Chroma | Radici","og_description":"Chroma, imagin\u00e9e par Serena Confalonieri, est une collection de motifs compos\u00e9e de huit dessins r\u00e9partis en quatre capsules qui interpr\u00e8tent diff\u00e9rentes techniques picturales et d\u00e9coratives.","og_url":"https:\/\/www.radicicarpet.it\/fr\/news-fr\/chroma-collection\/","og_site_name":"Radici","article_published_time":"2025-04-15T07:58:17+00:00","article_modified_time":"2025-04-15T13:15:07+00:00","og_image":[{"width":1707,"height":2560,"url":"https:\/\/www.radicicarpet.it\/app\/uploads\/2025\/04\/Radici_Chroma0090-1-scaled.webp","type":"image\/webp"}],"author":"Valentina Gamba","twitter_card":"summary_large_image","twitter_misc":{"Written by":"Valentina Gamba","Est. reading time":"3 minutes"},"schema":{"@context":"https:\/\/schema.org","@graph":[{"@type":"Article","@id":"https:\/\/www.radicicarpet.it\/fr\/news-fr\/chroma-collection\/#article","isPartOf":{"@id":"https:\/\/www.radicicarpet.it\/fr\/news-fr\/chroma-collection\/"},"author":{"name":"Valentina Gamba","@id":"https:\/\/www.radicicarpet.it\/fr\/#\/schema\/person\/17665ade8c4d839cac4f0be6566ddc53"},"headline":"Collection de motifs Chroma","datePublished":"2025-04-15T07:58:17+00:00","dateModified":"2025-04-15T13:15:07+00:00","mainEntityOfPage":{"@id":"https:\/\/www.radicicarpet.it\/fr\/news-fr\/chroma-collection\/"},"wordCount":62,"commentCount":0,"image":{"@id":"https:\/\/www.radicicarpet.it\/fr\/news-fr\/chroma-collection\/#primaryimage"},"thumbnailUrl":"https:\/\/www.radicicarpet.it\/app\/uploads\/2025\/04\/Radici_Chroma0090-1-scaled.webp","articleSection":["News"],"inLanguage":"fr-FR","potentialAction":[{"@type":"CommentAction","name":"Comment","target":["https:\/\/www.radicicarpet.it\/fr\/news-fr\/chroma-collection\/#respond"]}]},{"@type":"WebPage","@id":"https:\/\/www.radicicarpet.it\/fr\/news-fr\/chroma-collection\/","url":"https:\/\/www.radicicarpet.it\/fr\/news-fr\/chroma-collection\/","name":"Collection de motifs Chroma | Radici","isPartOf":{"@id":"https:\/\/www.radicicarpet.it\/fr\/#website"},"primaryImageOfPage":{"@id":"https:\/\/www.radicicarpet.it\/fr\/news-fr\/chroma-collection\/#primaryimage"},"image":{"@id":"https:\/\/www.radicicarpet.it\/fr\/news-fr\/chroma-collection\/#primaryimage"},"thumbnailUrl":"https:\/\/www.radicicarpet.it\/app\/uploads\/2025\/04\/Radici_Chroma0090-1-scaled.webp","datePublished":"2025-04-15T07:58:17+00:00","dateModified":"2025-04-15T13:15:07+00:00","author":{"@id":"https:\/\/www.radicicarpet.it\/fr\/#\/schema\/person\/17665ade8c4d839cac4f0be6566ddc53"},"breadcrumb":{"@id":"https:\/\/www.radicicarpet.it\/fr\/news-fr\/chroma-collection\/#breadcrumb"},"inLanguage":"fr-FR","potentialAction":[{"@type":"ReadAction","target":["https:\/\/www.radicicarpet.it\/fr\/news-fr\/chroma-collection\/"]}]},{"@type":"ImageObject","inLanguage":"fr-FR","@id":"https:\/\/www.radicicarpet.it\/fr\/news-fr\/chroma-collection\/#primaryimage","url":"https:\/\/www.radicicarpet.it\/app\/uploads\/2025\/04\/Radici_Chroma0090-1-scaled.webp","contentUrl":"https:\/\/www.radicicarpet.it\/app\/uploads\/2025\/04\/Radici_Chroma0090-1-scaled.webp","width":1707,"height":2560},{"@type":"BreadcrumbList","@id":"https:\/\/www.radicicarpet.it\/fr\/news-fr\/chroma-collection\/#breadcrumb","itemListElement":[{"@type":"ListItem","position":1,"name":"Home","item":"https:\/\/www.radicicarpet.it\/fr\/"},{"@type":"ListItem","position":2,"name":"Collection de motifs Chroma"}]},{"@type":"WebSite","@id":"https:\/\/www.radicicarpet.it\/fr\/#website","url":"https:\/\/www.radicicarpet.it\/fr\/","name":"Radici Moquette","description":"","potentialAction":[{"@type":"SearchAction","target":{"@type":"EntryPoint","urlTemplate":"https:\/\/www.radicicarpet.it\/fr\/?s={search_term_string}"},"query-input":{"@type":"PropertyValueSpecification","valueRequired":true,"valueName":"search_term_string"}}],"inLanguage":"fr-FR"},{"@type":"Person","@id":"https:\/\/www.radicicarpet.it\/fr\/#\/schema\/person\/17665ade8c4d839cac4f0be6566ddc53","name":"Valentina Gamba","image":{"@type":"ImageObject","inLanguage":"fr-FR","@id":"https:\/\/secure.gravatar.com\/avatar\/14952b16d336fc85aa3ff8024840b9e1c17781a1ca7c3414c220bf2ec8c7ccb3?s=96&d=mm&r=g","url":"https:\/\/secure.gravatar.com\/avatar\/14952b16d336fc85aa3ff8024840b9e1c17781a1ca7c3414c220bf2ec8c7ccb3?s=96&d=mm&r=g","contentUrl":"https:\/\/secure.gravatar.com\/avatar\/14952b16d336fc85aa3ff8024840b9e1c17781a1ca7c3414c220bf2ec8c7ccb3?s=96&d=mm&r=g","caption":"Valentina Gamba"}}]}},"_links":{"self":[{"href":"https:\/\/www.radicicarpet.it\/fr\/wp-json\/wp\/v2\/posts\/20184","targetHints":{"allow":["GET"]}}],"collection":[{"href":"https:\/\/www.radicicarpet.it\/fr\/wp-json\/wp\/v2\/posts"}],"about":[{"href":"https:\/\/www.radicicarpet.it\/fr\/wp-json\/wp\/v2\/types\/post"}],"author":[{"embeddable":true,"href":"https:\/\/www.radicicarpet.it\/fr\/wp-json\/wp\/v2\/users\/5"}],"replies":[{"embeddable":true,"href":"https:\/\/www.radicicarpet.it\/fr\/wp-json\/wp\/v2\/comments?post=20184"}],"version-history":[{"count":3,"href":"https:\/\/www.radicicarpet.it\/fr\/wp-json\/wp\/v2\/posts\/20184\/revisions"}],"predecessor-version":[{"id":20198,"href":"https:\/\/www.radicicarpet.it\/fr\/wp-json\/wp\/v2\/posts\/20184\/revisions\/20198"}],"wp:featuredmedia":[{"embeddable":true,"href":"https:\/\/www.radicicarpet.it\/fr\/wp-json\/wp\/v2\/media\/20175"}],"wp:attachment":[{"href":"https:\/\/www.radicicarpet.it\/fr\/wp-json\/wp\/v2\/media?parent=20184"}],"wp:term":[{"taxonomy":"category","embeddable":true,"href":"https:\/\/www.radicicarpet.it\/fr\/wp-json\/wp\/v2\/categories?post=20184"},{"taxonomy":"post_tag","embeddable":true,"href":"https:\/\/www.radicicarpet.it\/fr\/wp-json\/wp\/v2\/tags?post=20184"}],"curies":[{"name":"wp","href":"https:\/\/api.w.org\/{rel}","templated":true}]}}