{"id":17870,"date":"2024-10-11T12:39:49","date_gmt":"2024-10-11T10:39:49","guid":{"rendered":"https:\/\/www.radicicarpet.it\/news-fr\/equip-hotel\/"},"modified":"2024-10-11T13:05:14","modified_gmt":"2024-10-11T11:05:14","slug":"equip-hotel","status":"publish","type":"post","link":"https:\/\/www.radicicarpet.it\/fr\/news-fr\/equip-hotel\/","title":{"rendered":"Radici x Equip Hotel"},"content":{"rendered":"\n<figure class=\"wp-block-image size-large\"><img decoding=\"async\" width=\"1024\" height=\"1024\" src=\"https:\/\/www.radicicarpet.it\/app\/uploads\/2024\/10\/Invito-Equip-Hotel-1024x1024.png\" alt=\"\" class=\"wp-image-17845\" srcset=\"https:\/\/www.radicicarpet.it\/app\/uploads\/2024\/10\/Invito-Equip-Hotel-1024x1024.png 1024w, https:\/\/www.radicicarpet.it\/app\/uploads\/2024\/10\/Invito-Equip-Hotel-300x300.png 300w, https:\/\/www.radicicarpet.it\/app\/uploads\/2024\/10\/Invito-Equip-Hotel-150x150.png 150w, https:\/\/www.radicicarpet.it\/app\/uploads\/2024\/10\/Invito-Equip-Hotel-768x768.png 768w, https:\/\/www.radicicarpet.it\/app\/uploads\/2024\/10\/Invito-Equip-Hotel.png 1500w\" sizes=\"(max-width: 1024px) 100vw, 1024px\" \/><\/figure>\n\n\n\n<p><strong>Ne manquez pas l\u2019occasion de d\u00e9couvrir nos nouveaut\u00e9s dans le cadre exclusif d\u2019Equip Hotel, le salon international de r\u00e9f\u00e9rence pour les professionnels de l\u2019h\u00f4tellerie.<\/strong><\/p>\n\n\n\n<p>Des solutions qui red\u00e9finissent les standards du secteur : nous vous pr\u00e9senterons en avant-premi\u00e8re notre moquette r\u00e9g\u00e9n\u00e9rable, le traitement anti-allerg\u00e8ne applicable \u00e0 nos produits et une collection qui unit design et durabilit\u00e9.<\/p>\n\n\n\n<p>La nouvelle collection de surfaces textiles, <strong><em>Newstalgia<\/em><\/strong>, con\u00e7ue par Tekla Evelina Severin sur notre nouvelle base durable, r\u00e9interpr\u00e8te le style des motifs des ann\u00e9es 60 et 70, jouant avec les couleurs et les proportions. Le nom \u00e9voque la sensation d\u2019un moment r\u00e9volu, d\u2019une \u00e9poque lointaine, mais raviv\u00e9 par la curiosit\u00e9 et l\u2019\u00e9nergie li\u00e9es \u00e0 quelque chose de nouveau.<\/p>\n\n\n\n<figure class=\"wp-block-image alignleft size-full is-resized\"><img decoding=\"async\" width=\"750\" height=\"938\" src=\"https:\/\/www.radicicarpet.it\/app\/uploads\/2024\/10\/7045a_062.jpg\" alt=\"\" class=\"wp-image-17855\" style=\"width:54px;height:auto\" srcset=\"https:\/\/www.radicicarpet.it\/app\/uploads\/2024\/10\/7045a_062.jpg 750w, https:\/\/www.radicicarpet.it\/app\/uploads\/2024\/10\/7045a_062-240x300.jpg 240w\" sizes=\"(max-width: 750px) 100vw, 750px\" \/><\/figure>\n\n\n\n<p><strong>Tekla Evelina Severin <\/strong>\u2013 aujourd&#8217;hui mieux connue sous le nom de Teklan \u2013 est n\u00e9e en 1981 \u00e0 G\u00e4vle, en Su\u00e8de, mais r\u00e9side \u00e0 Stockholm depuis 20 ans. Apr\u00e8s avoir obtenu son dipl\u00f4me en 2010 en Design d\u2019Int\u00e9rieur et Architecture \u00e0 l&#8217;Universit\u00e9 des Arts et M\u00e9tiers de Konstfack, elle a travaill\u00e9 dans plusieurs studios d&#8217;architecture et de design \u00e0 Stockholm avant de fonder son propre studio pluridisciplinaire, ax\u00e9 sur la couleur, en 2015.<\/p>\n\n\n\n<p>Son travail s\u2019\u00e9tend du design d\u2019int\u00e9rieur, mobilier, v\u00eatements, accessoires, sc\u00e9nographie, direction artistique et photographie, mais au c\u0153ur de tout, il y a toujours la couleur.<\/p>\n\n\n\n<p><\/p>\n","protected":false},"excerpt":{"rendered":"<p>Ne manquez pas l\u2019occasion de d\u00e9couvrir nos nouveaut\u00e9s dans le cadre exclusif d\u2019Equip Hotel, le salon international de r\u00e9f\u00e9rence pour les professionnels de l\u2019h\u00f4tellerie. Des solutions qui red\u00e9finissent les standards du secteur : nous vous pr\u00e9senterons en avant-premi\u00e8re notre moquette r\u00e9g\u00e9n\u00e9rable, le traitement anti-allerg\u00e8ne applicable \u00e0 nos produits et une collection qui unit design et &hellip; <a href=\"https:\/\/www.radicicarpet.it\/fr\/news-fr\/equip-hotel\/\">Continued<\/a><\/p>\n","protected":false},"author":5,"featured_media":17847,"comment_status":"open","ping_status":"open","sticky":false,"template":"","format":"standard","meta":{"_acf_changed":false,"inline_featured_image":false,"footnotes":""},"categories":[1725],"tags":[],"class_list":["post-17870","post","type-post","status-publish","format-standard","has-post-thumbnail","hentry","category-news-fr"],"acf":[],"yoast_head":"<!-- This site is optimized with the Yoast SEO plugin v27.2 - https:\/\/yoast.com\/product\/yoast-seo-wordpress\/ -->\n<title>Radici x Equip Hotel | Radici<\/title>\n<meta name=\"robots\" content=\"index, follow, max-snippet:-1, max-image-preview:large, max-video-preview:-1\" \/>\n<link rel=\"canonical\" href=\"https:\/\/www.radicicarpet.it\/fr\/news-fr\/equip-hotel\/\" \/>\n<meta property=\"og:locale\" content=\"fr_FR\" \/>\n<meta property=\"og:type\" content=\"article\" \/>\n<meta property=\"og:title\" content=\"Radici x Equip Hotel | Radici\" \/>\n<meta property=\"og:description\" content=\"Ne manquez pas l\u2019occasion de d\u00e9couvrir nos nouveaut\u00e9s dans le cadre exclusif d\u2019Equip Hotel, le salon international de r\u00e9f\u00e9rence pour les professionnels de l\u2019h\u00f4tellerie. Des solutions qui red\u00e9finissent les standards du secteur : nous vous pr\u00e9senterons en avant-premi\u00e8re notre moquette r\u00e9g\u00e9n\u00e9rable, le traitement anti-allerg\u00e8ne applicable \u00e0 nos produits et une collection qui unit design et &hellip; Continued\" \/>\n<meta property=\"og:url\" content=\"https:\/\/www.radicicarpet.it\/fr\/news-fr\/equip-hotel\/\" \/>\n<meta property=\"og:site_name\" content=\"Radici\" \/>\n<meta property=\"article:published_time\" content=\"2024-10-11T10:39:49+00:00\" \/>\n<meta property=\"article:modified_time\" content=\"2024-10-11T11:05:14+00:00\" \/>\n<meta property=\"og:image\" content=\"https:\/\/www.radicicarpet.it\/app\/uploads\/2024\/10\/Invito-Equip-Hotel-1024x1024.png\" \/>\n\t<meta property=\"og:image:width\" content=\"1024\" \/>\n\t<meta property=\"og:image:height\" content=\"1024\" \/>\n\t<meta property=\"og:image:type\" content=\"image\/png\" \/>\n<meta name=\"author\" content=\"Valentina Gamba\" \/>\n<meta name=\"twitter:card\" content=\"summary_large_image\" \/>\n<meta name=\"twitter:label1\" content=\"Written by\" \/>\n\t<meta name=\"twitter:data1\" content=\"Valentina Gamba\" \/>\n\t<meta name=\"twitter:label2\" content=\"Est. reading time\" \/>\n\t<meta name=\"twitter:data2\" content=\"2 minutes\" \/>\n<script type=\"application\/ld+json\" class=\"yoast-schema-graph\">{\"@context\":\"https:\/\/schema.org\",\"@graph\":[{\"@type\":\"Article\",\"@id\":\"https:\/\/www.radicicarpet.it\/fr\/news-fr\/equip-hotel\/#article\",\"isPartOf\":{\"@id\":\"https:\/\/www.radicicarpet.it\/fr\/news-fr\/equip-hotel\/\"},\"author\":{\"name\":\"Valentina Gamba\",\"@id\":\"https:\/\/www.radicicarpet.it\/fr\/#\/schema\/person\/17665ade8c4d839cac4f0be6566ddc53\"},\"headline\":\"Radici x Equip Hotel\",\"datePublished\":\"2024-10-11T10:39:49+00:00\",\"dateModified\":\"2024-10-11T11:05:14+00:00\",\"mainEntityOfPage\":{\"@id\":\"https:\/\/www.radicicarpet.it\/fr\/news-fr\/equip-hotel\/\"},\"wordCount\":243,\"commentCount\":0,\"image\":{\"@id\":\"https:\/\/www.radicicarpet.it\/fr\/news-fr\/equip-hotel\/#primaryimage\"},\"thumbnailUrl\":\"https:\/\/www.radicicarpet.it\/app\/uploads\/2024\/10\/Invito-Equip-Hotel.png\",\"articleSection\":[\"News\"],\"inLanguage\":\"fr-FR\",\"potentialAction\":[{\"@type\":\"CommentAction\",\"name\":\"Comment\",\"target\":[\"https:\/\/www.radicicarpet.it\/fr\/news-fr\/equip-hotel\/#respond\"]}]},{\"@type\":\"WebPage\",\"@id\":\"https:\/\/www.radicicarpet.it\/fr\/news-fr\/equip-hotel\/\",\"url\":\"https:\/\/www.radicicarpet.it\/fr\/news-fr\/equip-hotel\/\",\"name\":\"Radici x Equip Hotel | Radici\",\"isPartOf\":{\"@id\":\"https:\/\/www.radicicarpet.it\/fr\/#website\"},\"primaryImageOfPage\":{\"@id\":\"https:\/\/www.radicicarpet.it\/fr\/news-fr\/equip-hotel\/#primaryimage\"},\"image\":{\"@id\":\"https:\/\/www.radicicarpet.it\/fr\/news-fr\/equip-hotel\/#primaryimage\"},\"thumbnailUrl\":\"https:\/\/www.radicicarpet.it\/app\/uploads\/2024\/10\/Invito-Equip-Hotel.png\",\"datePublished\":\"2024-10-11T10:39:49+00:00\",\"dateModified\":\"2024-10-11T11:05:14+00:00\",\"author\":{\"@id\":\"https:\/\/www.radicicarpet.it\/fr\/#\/schema\/person\/17665ade8c4d839cac4f0be6566ddc53\"},\"breadcrumb\":{\"@id\":\"https:\/\/www.radicicarpet.it\/fr\/news-fr\/equip-hotel\/#breadcrumb\"},\"inLanguage\":\"fr-FR\",\"potentialAction\":[{\"@type\":\"ReadAction\",\"target\":[\"https:\/\/www.radicicarpet.it\/fr\/news-fr\/equip-hotel\/\"]}]},{\"@type\":\"ImageObject\",\"inLanguage\":\"fr-FR\",\"@id\":\"https:\/\/www.radicicarpet.it\/fr\/news-fr\/equip-hotel\/#primaryimage\",\"url\":\"https:\/\/www.radicicarpet.it\/app\/uploads\/2024\/10\/Invito-Equip-Hotel.png\",\"contentUrl\":\"https:\/\/www.radicicarpet.it\/app\/uploads\/2024\/10\/Invito-Equip-Hotel.png\",\"width\":1500,\"height\":1500},{\"@type\":\"BreadcrumbList\",\"@id\":\"https:\/\/www.radicicarpet.it\/fr\/news-fr\/equip-hotel\/#breadcrumb\",\"itemListElement\":[{\"@type\":\"ListItem\",\"position\":1,\"name\":\"Home\",\"item\":\"https:\/\/www.radicicarpet.it\/fr\/\"},{\"@type\":\"ListItem\",\"position\":2,\"name\":\"Radici x Equip Hotel\"}]},{\"@type\":\"WebSite\",\"@id\":\"https:\/\/www.radicicarpet.it\/fr\/#website\",\"url\":\"https:\/\/www.radicicarpet.it\/fr\/\",\"name\":\"Radici Moquette\",\"description\":\"\",\"potentialAction\":[{\"@type\":\"SearchAction\",\"target\":{\"@type\":\"EntryPoint\",\"urlTemplate\":\"https:\/\/www.radicicarpet.it\/fr\/?s={search_term_string}\"},\"query-input\":{\"@type\":\"PropertyValueSpecification\",\"valueRequired\":true,\"valueName\":\"search_term_string\"}}],\"inLanguage\":\"fr-FR\"},{\"@type\":\"Person\",\"@id\":\"https:\/\/www.radicicarpet.it\/fr\/#\/schema\/person\/17665ade8c4d839cac4f0be6566ddc53\",\"name\":\"Valentina Gamba\",\"image\":{\"@type\":\"ImageObject\",\"inLanguage\":\"fr-FR\",\"@id\":\"https:\/\/secure.gravatar.com\/avatar\/14952b16d336fc85aa3ff8024840b9e1c17781a1ca7c3414c220bf2ec8c7ccb3?s=96&d=mm&r=g\",\"url\":\"https:\/\/secure.gravatar.com\/avatar\/14952b16d336fc85aa3ff8024840b9e1c17781a1ca7c3414c220bf2ec8c7ccb3?s=96&d=mm&r=g\",\"contentUrl\":\"https:\/\/secure.gravatar.com\/avatar\/14952b16d336fc85aa3ff8024840b9e1c17781a1ca7c3414c220bf2ec8c7ccb3?s=96&d=mm&r=g\",\"caption\":\"Valentina Gamba\"}}]}<\/script>\n<!-- \/ Yoast SEO plugin. -->","yoast_head_json":{"title":"Radici x Equip Hotel | Radici","robots":{"index":"index","follow":"follow","max-snippet":"max-snippet:-1","max-image-preview":"max-image-preview:large","max-video-preview":"max-video-preview:-1"},"canonical":"https:\/\/www.radicicarpet.it\/fr\/news-fr\/equip-hotel\/","og_locale":"fr_FR","og_type":"article","og_title":"Radici x Equip Hotel | Radici","og_description":"Ne manquez pas l\u2019occasion de d\u00e9couvrir nos nouveaut\u00e9s dans le cadre exclusif d\u2019Equip Hotel, le salon international de r\u00e9f\u00e9rence pour les professionnels de l\u2019h\u00f4tellerie. Des solutions qui red\u00e9finissent les standards du secteur : nous vous pr\u00e9senterons en avant-premi\u00e8re notre moquette r\u00e9g\u00e9n\u00e9rable, le traitement anti-allerg\u00e8ne applicable \u00e0 nos produits et une collection qui unit design et &hellip; Continued","og_url":"https:\/\/www.radicicarpet.it\/fr\/news-fr\/equip-hotel\/","og_site_name":"Radici","article_published_time":"2024-10-11T10:39:49+00:00","article_modified_time":"2024-10-11T11:05:14+00:00","og_image":[{"width":1024,"height":1024,"url":"https:\/\/www.radicicarpet.it\/app\/uploads\/2024\/10\/Invito-Equip-Hotel-1024x1024.png","type":"image\/png"}],"author":"Valentina Gamba","twitter_card":"summary_large_image","twitter_misc":{"Written by":"Valentina Gamba","Est. reading time":"2 minutes"},"schema":{"@context":"https:\/\/schema.org","@graph":[{"@type":"Article","@id":"https:\/\/www.radicicarpet.it\/fr\/news-fr\/equip-hotel\/#article","isPartOf":{"@id":"https:\/\/www.radicicarpet.it\/fr\/news-fr\/equip-hotel\/"},"author":{"name":"Valentina Gamba","@id":"https:\/\/www.radicicarpet.it\/fr\/#\/schema\/person\/17665ade8c4d839cac4f0be6566ddc53"},"headline":"Radici x Equip Hotel","datePublished":"2024-10-11T10:39:49+00:00","dateModified":"2024-10-11T11:05:14+00:00","mainEntityOfPage":{"@id":"https:\/\/www.radicicarpet.it\/fr\/news-fr\/equip-hotel\/"},"wordCount":243,"commentCount":0,"image":{"@id":"https:\/\/www.radicicarpet.it\/fr\/news-fr\/equip-hotel\/#primaryimage"},"thumbnailUrl":"https:\/\/www.radicicarpet.it\/app\/uploads\/2024\/10\/Invito-Equip-Hotel.png","articleSection":["News"],"inLanguage":"fr-FR","potentialAction":[{"@type":"CommentAction","name":"Comment","target":["https:\/\/www.radicicarpet.it\/fr\/news-fr\/equip-hotel\/#respond"]}]},{"@type":"WebPage","@id":"https:\/\/www.radicicarpet.it\/fr\/news-fr\/equip-hotel\/","url":"https:\/\/www.radicicarpet.it\/fr\/news-fr\/equip-hotel\/","name":"Radici x Equip Hotel | Radici","isPartOf":{"@id":"https:\/\/www.radicicarpet.it\/fr\/#website"},"primaryImageOfPage":{"@id":"https:\/\/www.radicicarpet.it\/fr\/news-fr\/equip-hotel\/#primaryimage"},"image":{"@id":"https:\/\/www.radicicarpet.it\/fr\/news-fr\/equip-hotel\/#primaryimage"},"thumbnailUrl":"https:\/\/www.radicicarpet.it\/app\/uploads\/2024\/10\/Invito-Equip-Hotel.png","datePublished":"2024-10-11T10:39:49+00:00","dateModified":"2024-10-11T11:05:14+00:00","author":{"@id":"https:\/\/www.radicicarpet.it\/fr\/#\/schema\/person\/17665ade8c4d839cac4f0be6566ddc53"},"breadcrumb":{"@id":"https:\/\/www.radicicarpet.it\/fr\/news-fr\/equip-hotel\/#breadcrumb"},"inLanguage":"fr-FR","potentialAction":[{"@type":"ReadAction","target":["https:\/\/www.radicicarpet.it\/fr\/news-fr\/equip-hotel\/"]}]},{"@type":"ImageObject","inLanguage":"fr-FR","@id":"https:\/\/www.radicicarpet.it\/fr\/news-fr\/equip-hotel\/#primaryimage","url":"https:\/\/www.radicicarpet.it\/app\/uploads\/2024\/10\/Invito-Equip-Hotel.png","contentUrl":"https:\/\/www.radicicarpet.it\/app\/uploads\/2024\/10\/Invito-Equip-Hotel.png","width":1500,"height":1500},{"@type":"BreadcrumbList","@id":"https:\/\/www.radicicarpet.it\/fr\/news-fr\/equip-hotel\/#breadcrumb","itemListElement":[{"@type":"ListItem","position":1,"name":"Home","item":"https:\/\/www.radicicarpet.it\/fr\/"},{"@type":"ListItem","position":2,"name":"Radici x Equip Hotel"}]},{"@type":"WebSite","@id":"https:\/\/www.radicicarpet.it\/fr\/#website","url":"https:\/\/www.radicicarpet.it\/fr\/","name":"Radici Moquette","description":"","potentialAction":[{"@type":"SearchAction","target":{"@type":"EntryPoint","urlTemplate":"https:\/\/www.radicicarpet.it\/fr\/?s={search_term_string}"},"query-input":{"@type":"PropertyValueSpecification","valueRequired":true,"valueName":"search_term_string"}}],"inLanguage":"fr-FR"},{"@type":"Person","@id":"https:\/\/www.radicicarpet.it\/fr\/#\/schema\/person\/17665ade8c4d839cac4f0be6566ddc53","name":"Valentina Gamba","image":{"@type":"ImageObject","inLanguage":"fr-FR","@id":"https:\/\/secure.gravatar.com\/avatar\/14952b16d336fc85aa3ff8024840b9e1c17781a1ca7c3414c220bf2ec8c7ccb3?s=96&d=mm&r=g","url":"https:\/\/secure.gravatar.com\/avatar\/14952b16d336fc85aa3ff8024840b9e1c17781a1ca7c3414c220bf2ec8c7ccb3?s=96&d=mm&r=g","contentUrl":"https:\/\/secure.gravatar.com\/avatar\/14952b16d336fc85aa3ff8024840b9e1c17781a1ca7c3414c220bf2ec8c7ccb3?s=96&d=mm&r=g","caption":"Valentina Gamba"}}]}},"_links":{"self":[{"href":"https:\/\/www.radicicarpet.it\/fr\/wp-json\/wp\/v2\/posts\/17870","targetHints":{"allow":["GET"]}}],"collection":[{"href":"https:\/\/www.radicicarpet.it\/fr\/wp-json\/wp\/v2\/posts"}],"about":[{"href":"https:\/\/www.radicicarpet.it\/fr\/wp-json\/wp\/v2\/types\/post"}],"author":[{"embeddable":true,"href":"https:\/\/www.radicicarpet.it\/fr\/wp-json\/wp\/v2\/users\/5"}],"replies":[{"embeddable":true,"href":"https:\/\/www.radicicarpet.it\/fr\/wp-json\/wp\/v2\/comments?post=17870"}],"version-history":[{"count":3,"href":"https:\/\/www.radicicarpet.it\/fr\/wp-json\/wp\/v2\/posts\/17870\/revisions"}],"predecessor-version":[{"id":17882,"href":"https:\/\/www.radicicarpet.it\/fr\/wp-json\/wp\/v2\/posts\/17870\/revisions\/17882"}],"wp:featuredmedia":[{"embeddable":true,"href":"https:\/\/www.radicicarpet.it\/fr\/wp-json\/wp\/v2\/media\/17847"}],"wp:attachment":[{"href":"https:\/\/www.radicicarpet.it\/fr\/wp-json\/wp\/v2\/media?parent=17870"}],"wp:term":[{"taxonomy":"category","embeddable":true,"href":"https:\/\/www.radicicarpet.it\/fr\/wp-json\/wp\/v2\/categories?post=17870"},{"taxonomy":"post_tag","embeddable":true,"href":"https:\/\/www.radicicarpet.it\/fr\/wp-json\/wp\/v2\/tags?post=17870"}],"curies":[{"name":"wp","href":"https:\/\/api.w.org\/{rel}","templated":true}]}}