{"id":12982,"date":"2019-07-26T15:40:00","date_gmt":"2019-07-26T13:40:00","guid":{"rendered":"https:\/\/www.radicicarpet.it\/news-fr\/radici-approda-alla-borsa-di-milano\/"},"modified":"2023-12-01T08:35:53","modified_gmt":"2023-12-01T07:35:53","slug":"radici-debarque-a-la-bourse-de-milan","status":"publish","type":"post","link":"https:\/\/www.radicicarpet.it\/fr\/news-fr\/radici-debarque-a-la-bourse-de-milan\/","title":{"rendered":"Radici d\u00e9barque \u00e0 la bourse de Milan"},"content":{"rendered":"\n<h2 class=\"wp-block-heading\">Lors de la c\u00e9r\u00e9monie d\u2019admission de Radici \u00e0 l\u2019AIM Italia de la Bourse de Milan, nous avons cr\u00e9\u00e9 une r\u00e9interpr\u00e9tation Pop Art de la fa\u00e7ade r\u00e9fl\u00e9chie du Palazzo Mezzanotte historique, situ\u00e9 sur la Piazza Affari.<\/h2>\n\n\n\n<div class=\"wp-block-group is-layout-constrained wp-block-group-is-layout-constrained\">\n<figure class=\"wp-block-gallery has-nested-images columns-default is-cropped wp-block-gallery-1 is-layout-flex wp-block-gallery-is-layout-flex\">\n<figure class=\"wp-block-image size-large\"><img decoding=\"async\" width=\"1024\" height=\"683\" data-id=\"6358\" src=\"https:\/\/www.radicicarpet.it\/app\/uploads\/2023\/10\/IPO_Radici-0008-1024x683.jpg\" alt=\"radici moquette borsa milano pop art\" class=\"wp-image-6358\" srcset=\"https:\/\/www.radicicarpet.it\/app\/uploads\/2023\/10\/IPO_Radici-0008-1024x683.jpg 1024w, https:\/\/www.radicicarpet.it\/app\/uploads\/2023\/10\/IPO_Radici-0008-300x200.jpg 300w, https:\/\/www.radicicarpet.it\/app\/uploads\/2023\/10\/IPO_Radici-0008-768x512.jpg 768w, https:\/\/www.radicicarpet.it\/app\/uploads\/2023\/10\/IPO_Radici-0008-1536x1024.jpg 1536w, https:\/\/www.radicicarpet.it\/app\/uploads\/2023\/10\/IPO_Radici-0008-2048x1365.jpg 2048w\" sizes=\"(max-width: 1024px) 100vw, 1024px\" \/><\/figure>\n\n\n\n<figure class=\"wp-block-image size-large\"><img decoding=\"async\" width=\"1024\" height=\"683\" data-id=\"6352\" src=\"https:\/\/www.radicicarpet.it\/app\/uploads\/2023\/10\/IPO_Radici-0018-1024x683.jpg\" alt=\"radici moquette borsa milano pop art\" class=\"wp-image-6352\" srcset=\"https:\/\/www.radicicarpet.it\/app\/uploads\/2023\/10\/IPO_Radici-0018-1024x683.jpg 1024w, https:\/\/www.radicicarpet.it\/app\/uploads\/2023\/10\/IPO_Radici-0018-300x200.jpg 300w, https:\/\/www.radicicarpet.it\/app\/uploads\/2023\/10\/IPO_Radici-0018-768x512.jpg 768w, https:\/\/www.radicicarpet.it\/app\/uploads\/2023\/10\/IPO_Radici-0018-1536x1024.jpg 1536w, https:\/\/www.radicicarpet.it\/app\/uploads\/2023\/10\/IPO_Radici-0018-2048x1365.jpg 2048w\" sizes=\"(max-width: 1024px) 100vw, 1024px\" \/><\/figure>\n\n\n\n<figure class=\"wp-block-image size-large\"><img decoding=\"async\" width=\"1024\" height=\"683\" data-id=\"6356\" src=\"https:\/\/www.radicicarpet.it\/app\/uploads\/2023\/10\/IPO_Radici-0028-1024x683.jpg\" alt=\"radici moquette borsa milano pop art\" class=\"wp-image-6356\" srcset=\"https:\/\/www.radicicarpet.it\/app\/uploads\/2023\/10\/IPO_Radici-0028-1024x683.jpg 1024w, https:\/\/www.radicicarpet.it\/app\/uploads\/2023\/10\/IPO_Radici-0028-300x200.jpg 300w, https:\/\/www.radicicarpet.it\/app\/uploads\/2023\/10\/IPO_Radici-0028-768x512.jpg 768w, https:\/\/www.radicicarpet.it\/app\/uploads\/2023\/10\/IPO_Radici-0028-1536x1024.jpg 1536w, https:\/\/www.radicicarpet.it\/app\/uploads\/2023\/10\/IPO_Radici-0028-2048x1365.jpg 2048w\" sizes=\"(max-width: 1024px) 100vw, 1024px\" \/><\/figure>\n\n\n\n<figure class=\"wp-block-image size-large\"><img decoding=\"async\" width=\"1024\" height=\"683\" data-id=\"6354\" src=\"https:\/\/www.radicicarpet.it\/app\/uploads\/2023\/10\/IPO_Radici-0023-1024x683.jpg\" alt=\"radici moquette borsa milano pop art\" class=\"wp-image-6354\" srcset=\"https:\/\/www.radicicarpet.it\/app\/uploads\/2023\/10\/IPO_Radici-0023-1024x683.jpg 1024w, https:\/\/www.radicicarpet.it\/app\/uploads\/2023\/10\/IPO_Radici-0023-300x200.jpg 300w, https:\/\/www.radicicarpet.it\/app\/uploads\/2023\/10\/IPO_Radici-0023-768x512.jpg 768w, https:\/\/www.radicicarpet.it\/app\/uploads\/2023\/10\/IPO_Radici-0023-1536x1024.jpg 1536w, https:\/\/www.radicicarpet.it\/app\/uploads\/2023\/10\/IPO_Radici-0023-2048x1365.jpg 2048w\" sizes=\"(max-width: 1024px) 100vw, 1024px\" \/><\/figure>\n<\/figure>\n<\/div>\n","protected":false},"excerpt":{"rendered":"<p>Lors de la c\u00e9r\u00e9monie d\u2019admission de Radici \u00e0 l\u2019AIM Italia de la Bourse de Milan, nous avons cr\u00e9\u00e9 une r\u00e9interpr\u00e9tation&#8230;..<\/p>\n","protected":false},"author":5,"featured_media":12983,"comment_status":"open","ping_status":"open","sticky":false,"template":"","format":"standard","meta":{"_acf_changed":false,"inline_featured_image":false,"footnotes":""},"categories":[1725],"tags":[],"class_list":["post-12982","post","type-post","status-publish","format-standard","has-post-thumbnail","hentry","category-news-fr"],"acf":[],"yoast_head":"<!-- This site is optimized with the Yoast SEO plugin v27.2 - https:\/\/yoast.com\/product\/yoast-seo-wordpress\/ -->\n<title>Radici d\u00e9barque \u00e0 la bourse de Milan | Radici<\/title>\n<meta name=\"description\" content=\"Lors de la c\u00e9r\u00e9monie d\u2019admission de Radici \u00e0 l\u2019AIM Italia de la Bourse de Milan, nous avons cr\u00e9\u00e9 une r\u00e9interpr\u00e9tation.....\" \/>\n<meta name=\"robots\" content=\"index, follow, max-snippet:-1, max-image-preview:large, max-video-preview:-1\" \/>\n<link rel=\"canonical\" href=\"https:\/\/www.radicicarpet.it\/fr\/news-fr\/radici-debarque-a-la-bourse-de-milan\/\" \/>\n<meta property=\"og:locale\" content=\"fr_FR\" \/>\n<meta property=\"og:type\" content=\"article\" \/>\n<meta property=\"og:title\" content=\"Radici d\u00e9barque \u00e0 la bourse de Milan | Radici\" \/>\n<meta property=\"og:description\" content=\"Lors de la c\u00e9r\u00e9monie d\u2019admission de Radici \u00e0 l\u2019AIM Italia de la Bourse de Milan, nous avons cr\u00e9\u00e9 une r\u00e9interpr\u00e9tation.....\" \/>\n<meta property=\"og:url\" content=\"https:\/\/www.radicicarpet.it\/fr\/news-fr\/radici-debarque-a-la-bourse-de-milan\/\" \/>\n<meta property=\"og:site_name\" content=\"Radici\" \/>\n<meta property=\"article:published_time\" content=\"2019-07-26T13:40:00+00:00\" \/>\n<meta property=\"article:modified_time\" content=\"2023-12-01T07:35:53+00:00\" \/>\n<meta property=\"og:image\" content=\"https:\/\/www.radicicarpet.it\/app\/uploads\/2023\/10\/Copertina.webp\" \/>\n\t<meta property=\"og:image:width\" content=\"1288\" \/>\n\t<meta property=\"og:image:height\" content=\"1288\" \/>\n\t<meta property=\"og:image:type\" content=\"image\/webp\" \/>\n<meta name=\"author\" content=\"Valentina Gamba\" \/>\n<meta name=\"twitter:card\" content=\"summary_large_image\" \/>\n<meta name=\"twitter:label1\" content=\"Written by\" \/>\n\t<meta name=\"twitter:data1\" content=\"Valentina Gamba\" \/>\n\t<meta name=\"twitter:label2\" content=\"Est. reading time\" \/>\n\t<meta name=\"twitter:data2\" content=\"1 minute\" \/>\n<script type=\"application\/ld+json\" class=\"yoast-schema-graph\">{\"@context\":\"https:\/\/schema.org\",\"@graph\":[{\"@type\":\"Article\",\"@id\":\"https:\/\/www.radicicarpet.it\/fr\/news-fr\/radici-debarque-a-la-bourse-de-milan\/#article\",\"isPartOf\":{\"@id\":\"https:\/\/www.radicicarpet.it\/fr\/news-fr\/radici-debarque-a-la-bourse-de-milan\/\"},\"author\":{\"name\":\"Valentina Gamba\",\"@id\":\"https:\/\/www.radicicarpet.it\/fr\/#\/schema\/person\/17665ade8c4d839cac4f0be6566ddc53\"},\"headline\":\"Radici d\u00e9barque \u00e0 la bourse de Milan\",\"datePublished\":\"2019-07-26T13:40:00+00:00\",\"dateModified\":\"2023-12-01T07:35:53+00:00\",\"mainEntityOfPage\":{\"@id\":\"https:\/\/www.radicicarpet.it\/fr\/news-fr\/radici-debarque-a-la-bourse-de-milan\/\"},\"wordCount\":50,\"commentCount\":0,\"image\":{\"@id\":\"https:\/\/www.radicicarpet.it\/fr\/news-fr\/radici-debarque-a-la-bourse-de-milan\/#primaryimage\"},\"thumbnailUrl\":\"https:\/\/www.radicicarpet.it\/app\/uploads\/2023\/10\/Copertina.webp\",\"articleSection\":[\"News\"],\"inLanguage\":\"fr-FR\",\"potentialAction\":[{\"@type\":\"CommentAction\",\"name\":\"Comment\",\"target\":[\"https:\/\/www.radicicarpet.it\/fr\/news-fr\/radici-debarque-a-la-bourse-de-milan\/#respond\"]}]},{\"@type\":\"WebPage\",\"@id\":\"https:\/\/www.radicicarpet.it\/fr\/news-fr\/radici-debarque-a-la-bourse-de-milan\/\",\"url\":\"https:\/\/www.radicicarpet.it\/fr\/news-fr\/radici-debarque-a-la-bourse-de-milan\/\",\"name\":\"Radici d\u00e9barque \u00e0 la bourse de Milan | Radici\",\"isPartOf\":{\"@id\":\"https:\/\/www.radicicarpet.it\/fr\/#website\"},\"primaryImageOfPage\":{\"@id\":\"https:\/\/www.radicicarpet.it\/fr\/news-fr\/radici-debarque-a-la-bourse-de-milan\/#primaryimage\"},\"image\":{\"@id\":\"https:\/\/www.radicicarpet.it\/fr\/news-fr\/radici-debarque-a-la-bourse-de-milan\/#primaryimage\"},\"thumbnailUrl\":\"https:\/\/www.radicicarpet.it\/app\/uploads\/2023\/10\/Copertina.webp\",\"datePublished\":\"2019-07-26T13:40:00+00:00\",\"dateModified\":\"2023-12-01T07:35:53+00:00\",\"author\":{\"@id\":\"https:\/\/www.radicicarpet.it\/fr\/#\/schema\/person\/17665ade8c4d839cac4f0be6566ddc53\"},\"description\":\"Lors de la c\u00e9r\u00e9monie d\u2019admission de Radici \u00e0 l\u2019AIM Italia de la Bourse de Milan, nous avons cr\u00e9\u00e9 une r\u00e9interpr\u00e9tation.....\",\"breadcrumb\":{\"@id\":\"https:\/\/www.radicicarpet.it\/fr\/news-fr\/radici-debarque-a-la-bourse-de-milan\/#breadcrumb\"},\"inLanguage\":\"fr-FR\",\"potentialAction\":[{\"@type\":\"ReadAction\",\"target\":[\"https:\/\/www.radicicarpet.it\/fr\/news-fr\/radici-debarque-a-la-bourse-de-milan\/\"]}]},{\"@type\":\"ImageObject\",\"inLanguage\":\"fr-FR\",\"@id\":\"https:\/\/www.radicicarpet.it\/fr\/news-fr\/radici-debarque-a-la-bourse-de-milan\/#primaryimage\",\"url\":\"https:\/\/www.radicicarpet.it\/app\/uploads\/2023\/10\/Copertina.webp\",\"contentUrl\":\"https:\/\/www.radicicarpet.it\/app\/uploads\/2023\/10\/Copertina.webp\",\"width\":1288,\"height\":1288},{\"@type\":\"BreadcrumbList\",\"@id\":\"https:\/\/www.radicicarpet.it\/fr\/news-fr\/radici-debarque-a-la-bourse-de-milan\/#breadcrumb\",\"itemListElement\":[{\"@type\":\"ListItem\",\"position\":1,\"name\":\"Home\",\"item\":\"https:\/\/www.radicicarpet.it\/fr\/\"},{\"@type\":\"ListItem\",\"position\":2,\"name\":\"Radici d\u00e9barque \u00e0 la bourse de Milan\"}]},{\"@type\":\"WebSite\",\"@id\":\"https:\/\/www.radicicarpet.it\/fr\/#website\",\"url\":\"https:\/\/www.radicicarpet.it\/fr\/\",\"name\":\"Radici Moquette\",\"description\":\"\",\"potentialAction\":[{\"@type\":\"SearchAction\",\"target\":{\"@type\":\"EntryPoint\",\"urlTemplate\":\"https:\/\/www.radicicarpet.it\/fr\/?s={search_term_string}\"},\"query-input\":{\"@type\":\"PropertyValueSpecification\",\"valueRequired\":true,\"valueName\":\"search_term_string\"}}],\"inLanguage\":\"fr-FR\"},{\"@type\":\"Person\",\"@id\":\"https:\/\/www.radicicarpet.it\/fr\/#\/schema\/person\/17665ade8c4d839cac4f0be6566ddc53\",\"name\":\"Valentina Gamba\",\"image\":{\"@type\":\"ImageObject\",\"inLanguage\":\"fr-FR\",\"@id\":\"https:\/\/secure.gravatar.com\/avatar\/14952b16d336fc85aa3ff8024840b9e1c17781a1ca7c3414c220bf2ec8c7ccb3?s=96&d=mm&r=g\",\"url\":\"https:\/\/secure.gravatar.com\/avatar\/14952b16d336fc85aa3ff8024840b9e1c17781a1ca7c3414c220bf2ec8c7ccb3?s=96&d=mm&r=g\",\"contentUrl\":\"https:\/\/secure.gravatar.com\/avatar\/14952b16d336fc85aa3ff8024840b9e1c17781a1ca7c3414c220bf2ec8c7ccb3?s=96&d=mm&r=g\",\"caption\":\"Valentina Gamba\"}}]}<\/script>\n<!-- \/ Yoast SEO plugin. -->","yoast_head_json":{"title":"Radici d\u00e9barque \u00e0 la bourse de Milan | Radici","description":"Lors de la c\u00e9r\u00e9monie d\u2019admission de Radici \u00e0 l\u2019AIM Italia de la Bourse de Milan, nous avons cr\u00e9\u00e9 une r\u00e9interpr\u00e9tation.....","robots":{"index":"index","follow":"follow","max-snippet":"max-snippet:-1","max-image-preview":"max-image-preview:large","max-video-preview":"max-video-preview:-1"},"canonical":"https:\/\/www.radicicarpet.it\/fr\/news-fr\/radici-debarque-a-la-bourse-de-milan\/","og_locale":"fr_FR","og_type":"article","og_title":"Radici d\u00e9barque \u00e0 la bourse de Milan | Radici","og_description":"Lors de la c\u00e9r\u00e9monie d\u2019admission de Radici \u00e0 l\u2019AIM Italia de la Bourse de Milan, nous avons cr\u00e9\u00e9 une r\u00e9interpr\u00e9tation.....","og_url":"https:\/\/www.radicicarpet.it\/fr\/news-fr\/radici-debarque-a-la-bourse-de-milan\/","og_site_name":"Radici","article_published_time":"2019-07-26T13:40:00+00:00","article_modified_time":"2023-12-01T07:35:53+00:00","og_image":[{"width":1288,"height":1288,"url":"https:\/\/www.radicicarpet.it\/app\/uploads\/2023\/10\/Copertina.webp","type":"image\/webp"}],"author":"Valentina Gamba","twitter_card":"summary_large_image","twitter_misc":{"Written by":"Valentina Gamba","Est. reading time":"1 minute"},"schema":{"@context":"https:\/\/schema.org","@graph":[{"@type":"Article","@id":"https:\/\/www.radicicarpet.it\/fr\/news-fr\/radici-debarque-a-la-bourse-de-milan\/#article","isPartOf":{"@id":"https:\/\/www.radicicarpet.it\/fr\/news-fr\/radici-debarque-a-la-bourse-de-milan\/"},"author":{"name":"Valentina Gamba","@id":"https:\/\/www.radicicarpet.it\/fr\/#\/schema\/person\/17665ade8c4d839cac4f0be6566ddc53"},"headline":"Radici d\u00e9barque \u00e0 la bourse de Milan","datePublished":"2019-07-26T13:40:00+00:00","dateModified":"2023-12-01T07:35:53+00:00","mainEntityOfPage":{"@id":"https:\/\/www.radicicarpet.it\/fr\/news-fr\/radici-debarque-a-la-bourse-de-milan\/"},"wordCount":50,"commentCount":0,"image":{"@id":"https:\/\/www.radicicarpet.it\/fr\/news-fr\/radici-debarque-a-la-bourse-de-milan\/#primaryimage"},"thumbnailUrl":"https:\/\/www.radicicarpet.it\/app\/uploads\/2023\/10\/Copertina.webp","articleSection":["News"],"inLanguage":"fr-FR","potentialAction":[{"@type":"CommentAction","name":"Comment","target":["https:\/\/www.radicicarpet.it\/fr\/news-fr\/radici-debarque-a-la-bourse-de-milan\/#respond"]}]},{"@type":"WebPage","@id":"https:\/\/www.radicicarpet.it\/fr\/news-fr\/radici-debarque-a-la-bourse-de-milan\/","url":"https:\/\/www.radicicarpet.it\/fr\/news-fr\/radici-debarque-a-la-bourse-de-milan\/","name":"Radici d\u00e9barque \u00e0 la bourse de Milan | Radici","isPartOf":{"@id":"https:\/\/www.radicicarpet.it\/fr\/#website"},"primaryImageOfPage":{"@id":"https:\/\/www.radicicarpet.it\/fr\/news-fr\/radici-debarque-a-la-bourse-de-milan\/#primaryimage"},"image":{"@id":"https:\/\/www.radicicarpet.it\/fr\/news-fr\/radici-debarque-a-la-bourse-de-milan\/#primaryimage"},"thumbnailUrl":"https:\/\/www.radicicarpet.it\/app\/uploads\/2023\/10\/Copertina.webp","datePublished":"2019-07-26T13:40:00+00:00","dateModified":"2023-12-01T07:35:53+00:00","author":{"@id":"https:\/\/www.radicicarpet.it\/fr\/#\/schema\/person\/17665ade8c4d839cac4f0be6566ddc53"},"description":"Lors de la c\u00e9r\u00e9monie d\u2019admission de Radici \u00e0 l\u2019AIM Italia de la Bourse de Milan, nous avons cr\u00e9\u00e9 une r\u00e9interpr\u00e9tation.....","breadcrumb":{"@id":"https:\/\/www.radicicarpet.it\/fr\/news-fr\/radici-debarque-a-la-bourse-de-milan\/#breadcrumb"},"inLanguage":"fr-FR","potentialAction":[{"@type":"ReadAction","target":["https:\/\/www.radicicarpet.it\/fr\/news-fr\/radici-debarque-a-la-bourse-de-milan\/"]}]},{"@type":"ImageObject","inLanguage":"fr-FR","@id":"https:\/\/www.radicicarpet.it\/fr\/news-fr\/radici-debarque-a-la-bourse-de-milan\/#primaryimage","url":"https:\/\/www.radicicarpet.it\/app\/uploads\/2023\/10\/Copertina.webp","contentUrl":"https:\/\/www.radicicarpet.it\/app\/uploads\/2023\/10\/Copertina.webp","width":1288,"height":1288},{"@type":"BreadcrumbList","@id":"https:\/\/www.radicicarpet.it\/fr\/news-fr\/radici-debarque-a-la-bourse-de-milan\/#breadcrumb","itemListElement":[{"@type":"ListItem","position":1,"name":"Home","item":"https:\/\/www.radicicarpet.it\/fr\/"},{"@type":"ListItem","position":2,"name":"Radici d\u00e9barque \u00e0 la bourse de Milan"}]},{"@type":"WebSite","@id":"https:\/\/www.radicicarpet.it\/fr\/#website","url":"https:\/\/www.radicicarpet.it\/fr\/","name":"Radici Moquette","description":"","potentialAction":[{"@type":"SearchAction","target":{"@type":"EntryPoint","urlTemplate":"https:\/\/www.radicicarpet.it\/fr\/?s={search_term_string}"},"query-input":{"@type":"PropertyValueSpecification","valueRequired":true,"valueName":"search_term_string"}}],"inLanguage":"fr-FR"},{"@type":"Person","@id":"https:\/\/www.radicicarpet.it\/fr\/#\/schema\/person\/17665ade8c4d839cac4f0be6566ddc53","name":"Valentina Gamba","image":{"@type":"ImageObject","inLanguage":"fr-FR","@id":"https:\/\/secure.gravatar.com\/avatar\/14952b16d336fc85aa3ff8024840b9e1c17781a1ca7c3414c220bf2ec8c7ccb3?s=96&d=mm&r=g","url":"https:\/\/secure.gravatar.com\/avatar\/14952b16d336fc85aa3ff8024840b9e1c17781a1ca7c3414c220bf2ec8c7ccb3?s=96&d=mm&r=g","contentUrl":"https:\/\/secure.gravatar.com\/avatar\/14952b16d336fc85aa3ff8024840b9e1c17781a1ca7c3414c220bf2ec8c7ccb3?s=96&d=mm&r=g","caption":"Valentina Gamba"}}]}},"_links":{"self":[{"href":"https:\/\/www.radicicarpet.it\/fr\/wp-json\/wp\/v2\/posts\/12982","targetHints":{"allow":["GET"]}}],"collection":[{"href":"https:\/\/www.radicicarpet.it\/fr\/wp-json\/wp\/v2\/posts"}],"about":[{"href":"https:\/\/www.radicicarpet.it\/fr\/wp-json\/wp\/v2\/types\/post"}],"author":[{"embeddable":true,"href":"https:\/\/www.radicicarpet.it\/fr\/wp-json\/wp\/v2\/users\/5"}],"replies":[{"embeddable":true,"href":"https:\/\/www.radicicarpet.it\/fr\/wp-json\/wp\/v2\/comments?post=12982"}],"version-history":[{"count":5,"href":"https:\/\/www.radicicarpet.it\/fr\/wp-json\/wp\/v2\/posts\/12982\/revisions"}],"predecessor-version":[{"id":13061,"href":"https:\/\/www.radicicarpet.it\/fr\/wp-json\/wp\/v2\/posts\/12982\/revisions\/13061"}],"wp:featuredmedia":[{"embeddable":true,"href":"https:\/\/www.radicicarpet.it\/fr\/wp-json\/wp\/v2\/media\/12983"}],"wp:attachment":[{"href":"https:\/\/www.radicicarpet.it\/fr\/wp-json\/wp\/v2\/media?parent=12982"}],"wp:term":[{"taxonomy":"category","embeddable":true,"href":"https:\/\/www.radicicarpet.it\/fr\/wp-json\/wp\/v2\/categories?post=12982"},{"taxonomy":"post_tag","embeddable":true,"href":"https:\/\/www.radicicarpet.it\/fr\/wp-json\/wp\/v2\/tags?post=12982"}],"curies":[{"name":"wp","href":"https:\/\/api.w.org\/{rel}","templated":true}]}}