{"id":12946,"date":"2023-03-31T13:31:00","date_gmt":"2023-03-31T11:31:00","guid":{"rendered":"https:\/\/www.radicicarpet.it\/news-fr\/radici-x-salone-del-mobile-2023\/"},"modified":"2023-12-01T08:32:52","modified_gmt":"2023-12-01T07:32:52","slug":"radici-x-salone-del-mobile-2023","status":"publish","type":"post","link":"https:\/\/www.radicicarpet.it\/fr\/news-fr\/radici-x-salone-del-mobile-2023\/","title":{"rendered":"Radici x Salone del Mobile 2023"},"content":{"rendered":"\n<h2 class=\"wp-block-heading\"><\/h2>\n\n\n\n<figure class=\"wp-block-gallery has-nested-images columns-default is-cropped wp-block-gallery-1 is-layout-flex wp-block-gallery-is-layout-flex\">\n<figure class=\"wp-block-image size-large\"><img decoding=\"async\" width=\"1024\" height=\"683\" data-id=\"6512\" src=\"https:\/\/www.radicicarpet.it\/app\/uploads\/2023\/10\/Radici-Stand-39-1024x683.webp\" alt=\"Radici x Salone del Mobile 2023\" class=\"wp-image-6512\" srcset=\"https:\/\/www.radicicarpet.it\/app\/uploads\/2023\/10\/Radici-Stand-39-1024x683.webp 1024w, https:\/\/www.radicicarpet.it\/app\/uploads\/2023\/10\/Radici-Stand-39-300x200.webp 300w, https:\/\/www.radicicarpet.it\/app\/uploads\/2023\/10\/Radici-Stand-39-768x512.webp 768w, https:\/\/www.radicicarpet.it\/app\/uploads\/2023\/10\/Radici-Stand-39-1536x1024.webp 1536w, https:\/\/www.radicicarpet.it\/app\/uploads\/2023\/10\/Radici-Stand-39.webp 1800w\" sizes=\"(max-width: 1024px) 100vw, 1024px\" \/><\/figure>\n\n\n\n<figure class=\"wp-block-image size-large\"><img decoding=\"async\" width=\"683\" height=\"1024\" data-id=\"6510\" src=\"https:\/\/www.radicicarpet.it\/app\/uploads\/2023\/10\/Radici-Stand-22-683x1024.webp\" alt=\"Radici x Salone del Mobile 2023\" class=\"wp-image-6510\" srcset=\"https:\/\/www.radicicarpet.it\/app\/uploads\/2023\/10\/Radici-Stand-22-683x1024.webp 683w, https:\/\/www.radicicarpet.it\/app\/uploads\/2023\/10\/Radici-Stand-22-200x300.webp 200w, https:\/\/www.radicicarpet.it\/app\/uploads\/2023\/10\/Radici-Stand-22-768x1152.webp 768w, https:\/\/www.radicicarpet.it\/app\/uploads\/2023\/10\/Radici-Stand-22-1024x1536.webp 1024w, https:\/\/www.radicicarpet.it\/app\/uploads\/2023\/10\/Radici-Stand-22-1365x2048.webp 1365w, https:\/\/www.radicicarpet.it\/app\/uploads\/2023\/10\/Radici-Stand-22-scaled.webp 1707w\" sizes=\"(max-width: 683px) 100vw, 683px\" \/><\/figure>\n\n\n\n<figure class=\"wp-block-image size-large\"><img decoding=\"async\" width=\"683\" height=\"1024\" data-id=\"6508\" src=\"https:\/\/www.radicicarpet.it\/app\/uploads\/2023\/10\/Radici-Stand-19-683x1024.webp\" alt=\"Radici x Salone del Mobile 2023\" class=\"wp-image-6508\" srcset=\"https:\/\/www.radicicarpet.it\/app\/uploads\/2023\/10\/Radici-Stand-19-683x1024.webp 683w, https:\/\/www.radicicarpet.it\/app\/uploads\/2023\/10\/Radici-Stand-19-200x300.webp 200w, https:\/\/www.radicicarpet.it\/app\/uploads\/2023\/10\/Radici-Stand-19-768x1152.webp 768w, https:\/\/www.radicicarpet.it\/app\/uploads\/2023\/10\/Radici-Stand-19-1024x1536.webp 1024w, https:\/\/www.radicicarpet.it\/app\/uploads\/2023\/10\/Radici-Stand-19-1365x2048.webp 1365w, https:\/\/www.radicicarpet.it\/app\/uploads\/2023\/10\/Radici-Stand-19-scaled.webp 1707w\" sizes=\"(max-width: 683px) 100vw, 683px\" \/><\/figure>\n\n\n\n<figure class=\"wp-block-image size-large\"><img decoding=\"async\" width=\"1024\" height=\"683\" data-id=\"6506\" src=\"https:\/\/www.radicicarpet.it\/app\/uploads\/2023\/10\/Radici-Stand-07rev-1024x683.webp\" alt=\"Radici x Salone del Mobile 2023\" class=\"wp-image-6506\" srcset=\"https:\/\/www.radicicarpet.it\/app\/uploads\/2023\/10\/Radici-Stand-07rev-1024x683.webp 1024w, https:\/\/www.radicicarpet.it\/app\/uploads\/2023\/10\/Radici-Stand-07rev-300x200.webp 300w, https:\/\/www.radicicarpet.it\/app\/uploads\/2023\/10\/Radici-Stand-07rev-768x512.webp 768w, https:\/\/www.radicicarpet.it\/app\/uploads\/2023\/10\/Radici-Stand-07rev-1536x1024.webp 1536w, https:\/\/www.radicicarpet.it\/app\/uploads\/2023\/10\/Radici-Stand-07rev.webp 1800w\" sizes=\"(max-width: 1024px) 100vw, 1024px\" \/><\/figure>\n<\/figure>\n","protected":false},"excerpt":{"rendered":"<p>\u00c0 l\u2019occasion du Salone del Mobile 2023, Radici pr\u00e9sente une s\u00e9rie de nouveaux designs pour des rev\u00eatements de sol textiles sign\u00e9s par d\u2019importants noms du monde de la conception et de la cr\u00e9ativit\u00e9 : Chiara Andreatti, Arthur Arbesser et le cabinet DWA.<\/p>\n","protected":false},"author":5,"featured_media":12947,"comment_status":"open","ping_status":"open","sticky":false,"template":"","format":"standard","meta":{"_acf_changed":false,"inline_featured_image":false,"footnotes":""},"categories":[1725],"tags":[],"class_list":["post-12946","post","type-post","status-publish","format-standard","has-post-thumbnail","hentry","category-news-fr"],"acf":[],"yoast_head":"<!-- This site is optimized with the Yoast SEO plugin v27.2 - https:\/\/yoast.com\/product\/yoast-seo-wordpress\/ -->\n<title>Radici x Salone del Mobile 2023 | Radici<\/title>\n<meta name=\"description\" content=\"\u00c0 l\u2019occasion du Salone del Mobile 2023, Radici pr\u00e9sente une s\u00e9rie de nouveaux designs pour des rev\u00eatements de sol textiles sign\u00e9s par d\u2019importants noms du monde de la conception et de la cr\u00e9ativit\u00e9 : Chiara Andreatti, Arthur Arbesser et le cabinet DWA.\" \/>\n<meta name=\"robots\" content=\"index, follow, max-snippet:-1, max-image-preview:large, max-video-preview:-1\" \/>\n<link rel=\"canonical\" href=\"https:\/\/www.radicicarpet.it\/fr\/news-fr\/radici-x-salone-del-mobile-2023\/\" \/>\n<meta property=\"og:locale\" content=\"fr_FR\" \/>\n<meta property=\"og:type\" content=\"article\" \/>\n<meta property=\"og:title\" content=\"Radici x Salone del Mobile 2023 | Radici\" \/>\n<meta property=\"og:description\" content=\"\u00c0 l\u2019occasion du Salone del Mobile 2023, Radici pr\u00e9sente une s\u00e9rie de nouveaux designs pour des rev\u00eatements de sol textiles sign\u00e9s par d\u2019importants noms du monde de la conception et de la cr\u00e9ativit\u00e9 : Chiara Andreatti, Arthur Arbesser et le cabinet DWA.\" \/>\n<meta property=\"og:url\" content=\"https:\/\/www.radicicarpet.it\/fr\/news-fr\/radici-x-salone-del-mobile-2023\/\" \/>\n<meta property=\"og:site_name\" content=\"Radici\" \/>\n<meta property=\"article:published_time\" content=\"2023-03-31T11:31:00+00:00\" \/>\n<meta property=\"article:modified_time\" content=\"2023-12-01T07:32:52+00:00\" \/>\n<meta property=\"og:image\" content=\"https:\/\/www.radicicarpet.it\/app\/uploads\/2023\/10\/Copertina-9.webp\" \/>\n\t<meta property=\"og:image:width\" content=\"1288\" \/>\n\t<meta property=\"og:image:height\" content=\"1288\" \/>\n\t<meta property=\"og:image:type\" content=\"image\/webp\" \/>\n<meta name=\"author\" content=\"Valentina Gamba\" \/>\n<meta name=\"twitter:card\" content=\"summary_large_image\" \/>\n<meta name=\"twitter:label1\" content=\"Written by\" \/>\n\t<meta name=\"twitter:data1\" content=\"Valentina Gamba\" \/>\n\t<meta name=\"twitter:label2\" content=\"Est. reading time\" \/>\n\t<meta name=\"twitter:data2\" content=\"1 minute\" \/>\n<script type=\"application\/ld+json\" class=\"yoast-schema-graph\">{\"@context\":\"https:\/\/schema.org\",\"@graph\":[{\"@type\":\"Article\",\"@id\":\"https:\/\/www.radicicarpet.it\/fr\/news-fr\/radici-x-salone-del-mobile-2023\/#article\",\"isPartOf\":{\"@id\":\"https:\/\/www.radicicarpet.it\/fr\/news-fr\/radici-x-salone-del-mobile-2023\/\"},\"author\":{\"name\":\"Valentina Gamba\",\"@id\":\"https:\/\/www.radicicarpet.it\/fr\/#\/schema\/person\/17665ade8c4d839cac4f0be6566ddc53\"},\"headline\":\"Radici x Salone del Mobile 2023\",\"datePublished\":\"2023-03-31T11:31:00+00:00\",\"dateModified\":\"2023-12-01T07:32:52+00:00\",\"mainEntityOfPage\":{\"@id\":\"https:\/\/www.radicicarpet.it\/fr\/news-fr\/radici-x-salone-del-mobile-2023\/\"},\"wordCount\":5,\"commentCount\":0,\"image\":{\"@id\":\"https:\/\/www.radicicarpet.it\/fr\/news-fr\/radici-x-salone-del-mobile-2023\/#primaryimage\"},\"thumbnailUrl\":\"https:\/\/www.radicicarpet.it\/app\/uploads\/2023\/10\/Copertina-9.webp\",\"articleSection\":[\"News\"],\"inLanguage\":\"fr-FR\",\"potentialAction\":[{\"@type\":\"CommentAction\",\"name\":\"Comment\",\"target\":[\"https:\/\/www.radicicarpet.it\/fr\/news-fr\/radici-x-salone-del-mobile-2023\/#respond\"]}]},{\"@type\":\"WebPage\",\"@id\":\"https:\/\/www.radicicarpet.it\/fr\/news-fr\/radici-x-salone-del-mobile-2023\/\",\"url\":\"https:\/\/www.radicicarpet.it\/fr\/news-fr\/radici-x-salone-del-mobile-2023\/\",\"name\":\"Radici x Salone del Mobile 2023 | Radici\",\"isPartOf\":{\"@id\":\"https:\/\/www.radicicarpet.it\/fr\/#website\"},\"primaryImageOfPage\":{\"@id\":\"https:\/\/www.radicicarpet.it\/fr\/news-fr\/radici-x-salone-del-mobile-2023\/#primaryimage\"},\"image\":{\"@id\":\"https:\/\/www.radicicarpet.it\/fr\/news-fr\/radici-x-salone-del-mobile-2023\/#primaryimage\"},\"thumbnailUrl\":\"https:\/\/www.radicicarpet.it\/app\/uploads\/2023\/10\/Copertina-9.webp\",\"datePublished\":\"2023-03-31T11:31:00+00:00\",\"dateModified\":\"2023-12-01T07:32:52+00:00\",\"author\":{\"@id\":\"https:\/\/www.radicicarpet.it\/fr\/#\/schema\/person\/17665ade8c4d839cac4f0be6566ddc53\"},\"description\":\"\u00c0 l\u2019occasion du Salone del Mobile 2023, Radici pr\u00e9sente une s\u00e9rie de nouveaux designs pour des rev\u00eatements de sol textiles sign\u00e9s par d\u2019importants noms du monde de la conception et de la cr\u00e9ativit\u00e9 : Chiara Andreatti, Arthur Arbesser et le cabinet DWA.\",\"breadcrumb\":{\"@id\":\"https:\/\/www.radicicarpet.it\/fr\/news-fr\/radici-x-salone-del-mobile-2023\/#breadcrumb\"},\"inLanguage\":\"fr-FR\",\"potentialAction\":[{\"@type\":\"ReadAction\",\"target\":[\"https:\/\/www.radicicarpet.it\/fr\/news-fr\/radici-x-salone-del-mobile-2023\/\"]}]},{\"@type\":\"ImageObject\",\"inLanguage\":\"fr-FR\",\"@id\":\"https:\/\/www.radicicarpet.it\/fr\/news-fr\/radici-x-salone-del-mobile-2023\/#primaryimage\",\"url\":\"https:\/\/www.radicicarpet.it\/app\/uploads\/2023\/10\/Copertina-9.webp\",\"contentUrl\":\"https:\/\/www.radicicarpet.it\/app\/uploads\/2023\/10\/Copertina-9.webp\",\"width\":1288,\"height\":1288},{\"@type\":\"BreadcrumbList\",\"@id\":\"https:\/\/www.radicicarpet.it\/fr\/news-fr\/radici-x-salone-del-mobile-2023\/#breadcrumb\",\"itemListElement\":[{\"@type\":\"ListItem\",\"position\":1,\"name\":\"Home\",\"item\":\"https:\/\/www.radicicarpet.it\/fr\/\"},{\"@type\":\"ListItem\",\"position\":2,\"name\":\"Radici x Salone del Mobile 2023\"}]},{\"@type\":\"WebSite\",\"@id\":\"https:\/\/www.radicicarpet.it\/fr\/#website\",\"url\":\"https:\/\/www.radicicarpet.it\/fr\/\",\"name\":\"Radici Moquette\",\"description\":\"\",\"potentialAction\":[{\"@type\":\"SearchAction\",\"target\":{\"@type\":\"EntryPoint\",\"urlTemplate\":\"https:\/\/www.radicicarpet.it\/fr\/?s={search_term_string}\"},\"query-input\":{\"@type\":\"PropertyValueSpecification\",\"valueRequired\":true,\"valueName\":\"search_term_string\"}}],\"inLanguage\":\"fr-FR\"},{\"@type\":\"Person\",\"@id\":\"https:\/\/www.radicicarpet.it\/fr\/#\/schema\/person\/17665ade8c4d839cac4f0be6566ddc53\",\"name\":\"Valentina Gamba\",\"image\":{\"@type\":\"ImageObject\",\"inLanguage\":\"fr-FR\",\"@id\":\"https:\/\/secure.gravatar.com\/avatar\/14952b16d336fc85aa3ff8024840b9e1c17781a1ca7c3414c220bf2ec8c7ccb3?s=96&d=mm&r=g\",\"url\":\"https:\/\/secure.gravatar.com\/avatar\/14952b16d336fc85aa3ff8024840b9e1c17781a1ca7c3414c220bf2ec8c7ccb3?s=96&d=mm&r=g\",\"contentUrl\":\"https:\/\/secure.gravatar.com\/avatar\/14952b16d336fc85aa3ff8024840b9e1c17781a1ca7c3414c220bf2ec8c7ccb3?s=96&d=mm&r=g\",\"caption\":\"Valentina Gamba\"}}]}<\/script>\n<!-- \/ Yoast SEO plugin. -->","yoast_head_json":{"title":"Radici x Salone del Mobile 2023 | Radici","description":"\u00c0 l\u2019occasion du Salone del Mobile 2023, Radici pr\u00e9sente une s\u00e9rie de nouveaux designs pour des rev\u00eatements de sol textiles sign\u00e9s par d\u2019importants noms du monde de la conception et de la cr\u00e9ativit\u00e9 : Chiara Andreatti, Arthur Arbesser et le cabinet DWA.","robots":{"index":"index","follow":"follow","max-snippet":"max-snippet:-1","max-image-preview":"max-image-preview:large","max-video-preview":"max-video-preview:-1"},"canonical":"https:\/\/www.radicicarpet.it\/fr\/news-fr\/radici-x-salone-del-mobile-2023\/","og_locale":"fr_FR","og_type":"article","og_title":"Radici x Salone del Mobile 2023 | Radici","og_description":"\u00c0 l\u2019occasion du Salone del Mobile 2023, Radici pr\u00e9sente une s\u00e9rie de nouveaux designs pour des rev\u00eatements de sol textiles sign\u00e9s par d\u2019importants noms du monde de la conception et de la cr\u00e9ativit\u00e9 : Chiara Andreatti, Arthur Arbesser et le cabinet DWA.","og_url":"https:\/\/www.radicicarpet.it\/fr\/news-fr\/radici-x-salone-del-mobile-2023\/","og_site_name":"Radici","article_published_time":"2023-03-31T11:31:00+00:00","article_modified_time":"2023-12-01T07:32:52+00:00","og_image":[{"width":1288,"height":1288,"url":"https:\/\/www.radicicarpet.it\/app\/uploads\/2023\/10\/Copertina-9.webp","type":"image\/webp"}],"author":"Valentina Gamba","twitter_card":"summary_large_image","twitter_misc":{"Written by":"Valentina Gamba","Est. reading time":"1 minute"},"schema":{"@context":"https:\/\/schema.org","@graph":[{"@type":"Article","@id":"https:\/\/www.radicicarpet.it\/fr\/news-fr\/radici-x-salone-del-mobile-2023\/#article","isPartOf":{"@id":"https:\/\/www.radicicarpet.it\/fr\/news-fr\/radici-x-salone-del-mobile-2023\/"},"author":{"name":"Valentina Gamba","@id":"https:\/\/www.radicicarpet.it\/fr\/#\/schema\/person\/17665ade8c4d839cac4f0be6566ddc53"},"headline":"Radici x Salone del Mobile 2023","datePublished":"2023-03-31T11:31:00+00:00","dateModified":"2023-12-01T07:32:52+00:00","mainEntityOfPage":{"@id":"https:\/\/www.radicicarpet.it\/fr\/news-fr\/radici-x-salone-del-mobile-2023\/"},"wordCount":5,"commentCount":0,"image":{"@id":"https:\/\/www.radicicarpet.it\/fr\/news-fr\/radici-x-salone-del-mobile-2023\/#primaryimage"},"thumbnailUrl":"https:\/\/www.radicicarpet.it\/app\/uploads\/2023\/10\/Copertina-9.webp","articleSection":["News"],"inLanguage":"fr-FR","potentialAction":[{"@type":"CommentAction","name":"Comment","target":["https:\/\/www.radicicarpet.it\/fr\/news-fr\/radici-x-salone-del-mobile-2023\/#respond"]}]},{"@type":"WebPage","@id":"https:\/\/www.radicicarpet.it\/fr\/news-fr\/radici-x-salone-del-mobile-2023\/","url":"https:\/\/www.radicicarpet.it\/fr\/news-fr\/radici-x-salone-del-mobile-2023\/","name":"Radici x Salone del Mobile 2023 | Radici","isPartOf":{"@id":"https:\/\/www.radicicarpet.it\/fr\/#website"},"primaryImageOfPage":{"@id":"https:\/\/www.radicicarpet.it\/fr\/news-fr\/radici-x-salone-del-mobile-2023\/#primaryimage"},"image":{"@id":"https:\/\/www.radicicarpet.it\/fr\/news-fr\/radici-x-salone-del-mobile-2023\/#primaryimage"},"thumbnailUrl":"https:\/\/www.radicicarpet.it\/app\/uploads\/2023\/10\/Copertina-9.webp","datePublished":"2023-03-31T11:31:00+00:00","dateModified":"2023-12-01T07:32:52+00:00","author":{"@id":"https:\/\/www.radicicarpet.it\/fr\/#\/schema\/person\/17665ade8c4d839cac4f0be6566ddc53"},"description":"\u00c0 l\u2019occasion du Salone del Mobile 2023, Radici pr\u00e9sente une s\u00e9rie de nouveaux designs pour des rev\u00eatements de sol textiles sign\u00e9s par d\u2019importants noms du monde de la conception et de la cr\u00e9ativit\u00e9 : Chiara Andreatti, Arthur Arbesser et le cabinet DWA.","breadcrumb":{"@id":"https:\/\/www.radicicarpet.it\/fr\/news-fr\/radici-x-salone-del-mobile-2023\/#breadcrumb"},"inLanguage":"fr-FR","potentialAction":[{"@type":"ReadAction","target":["https:\/\/www.radicicarpet.it\/fr\/news-fr\/radici-x-salone-del-mobile-2023\/"]}]},{"@type":"ImageObject","inLanguage":"fr-FR","@id":"https:\/\/www.radicicarpet.it\/fr\/news-fr\/radici-x-salone-del-mobile-2023\/#primaryimage","url":"https:\/\/www.radicicarpet.it\/app\/uploads\/2023\/10\/Copertina-9.webp","contentUrl":"https:\/\/www.radicicarpet.it\/app\/uploads\/2023\/10\/Copertina-9.webp","width":1288,"height":1288},{"@type":"BreadcrumbList","@id":"https:\/\/www.radicicarpet.it\/fr\/news-fr\/radici-x-salone-del-mobile-2023\/#breadcrumb","itemListElement":[{"@type":"ListItem","position":1,"name":"Home","item":"https:\/\/www.radicicarpet.it\/fr\/"},{"@type":"ListItem","position":2,"name":"Radici x Salone del Mobile 2023"}]},{"@type":"WebSite","@id":"https:\/\/www.radicicarpet.it\/fr\/#website","url":"https:\/\/www.radicicarpet.it\/fr\/","name":"Radici Moquette","description":"","potentialAction":[{"@type":"SearchAction","target":{"@type":"EntryPoint","urlTemplate":"https:\/\/www.radicicarpet.it\/fr\/?s={search_term_string}"},"query-input":{"@type":"PropertyValueSpecification","valueRequired":true,"valueName":"search_term_string"}}],"inLanguage":"fr-FR"},{"@type":"Person","@id":"https:\/\/www.radicicarpet.it\/fr\/#\/schema\/person\/17665ade8c4d839cac4f0be6566ddc53","name":"Valentina Gamba","image":{"@type":"ImageObject","inLanguage":"fr-FR","@id":"https:\/\/secure.gravatar.com\/avatar\/14952b16d336fc85aa3ff8024840b9e1c17781a1ca7c3414c220bf2ec8c7ccb3?s=96&d=mm&r=g","url":"https:\/\/secure.gravatar.com\/avatar\/14952b16d336fc85aa3ff8024840b9e1c17781a1ca7c3414c220bf2ec8c7ccb3?s=96&d=mm&r=g","contentUrl":"https:\/\/secure.gravatar.com\/avatar\/14952b16d336fc85aa3ff8024840b9e1c17781a1ca7c3414c220bf2ec8c7ccb3?s=96&d=mm&r=g","caption":"Valentina Gamba"}}]}},"_links":{"self":[{"href":"https:\/\/www.radicicarpet.it\/fr\/wp-json\/wp\/v2\/posts\/12946","targetHints":{"allow":["GET"]}}],"collection":[{"href":"https:\/\/www.radicicarpet.it\/fr\/wp-json\/wp\/v2\/posts"}],"about":[{"href":"https:\/\/www.radicicarpet.it\/fr\/wp-json\/wp\/v2\/types\/post"}],"author":[{"embeddable":true,"href":"https:\/\/www.radicicarpet.it\/fr\/wp-json\/wp\/v2\/users\/5"}],"replies":[{"embeddable":true,"href":"https:\/\/www.radicicarpet.it\/fr\/wp-json\/wp\/v2\/comments?post=12946"}],"version-history":[{"count":2,"href":"https:\/\/www.radicicarpet.it\/fr\/wp-json\/wp\/v2\/posts\/12946\/revisions"}],"predecessor-version":[{"id":13056,"href":"https:\/\/www.radicicarpet.it\/fr\/wp-json\/wp\/v2\/posts\/12946\/revisions\/13056"}],"wp:featuredmedia":[{"embeddable":true,"href":"https:\/\/www.radicicarpet.it\/fr\/wp-json\/wp\/v2\/media\/12947"}],"wp:attachment":[{"href":"https:\/\/www.radicicarpet.it\/fr\/wp-json\/wp\/v2\/media?parent=12946"}],"wp:term":[{"taxonomy":"category","embeddable":true,"href":"https:\/\/www.radicicarpet.it\/fr\/wp-json\/wp\/v2\/categories?post=12946"},{"taxonomy":"post_tag","embeddable":true,"href":"https:\/\/www.radicicarpet.it\/fr\/wp-json\/wp\/v2\/tags?post=12946"}],"curies":[{"name":"wp","href":"https:\/\/api.w.org\/{rel}","templated":true}]}}