{"id":22654,"date":"2026-02-25T15:07:41","date_gmt":"2026-02-25T14:07:41","guid":{"rendered":"https:\/\/www.radicicarpet.it\/press\/ddn-gennaio-26\/"},"modified":"2026-02-25T15:13:12","modified_gmt":"2026-02-25T14:13:12","slug":"ddn-gennaio-26","status":"publish","type":"press","link":"https:\/\/www.radicicarpet.it\/de\/press\/ddn-gennaio-26\/","title":{"rendered":"DDN Januar &#8217;26"},"content":{"rendered":"\n<p>Das Magazin DDN hat der Kollektion Ritmi von Francesca Lanzavecchia Raum gewidmet und ihren gestalterischen Ansatz sowie die chromatische Forschung hervorgehoben, die Textilien in ein echtes Ausdruckslabor verwandeln. Im Dialog mit dem ChromoProject-Archiv von Radici zeigt sich Ritmi als System vibrierender Oberfl\u00e4chen, in denen Muster und Farbe neue narrative Geografien f\u00fcr zeitgen\u00f6ssische Innenr\u00e4ume formen.<\/p>\n\n\n\n<figure class=\"wp-block-gallery has-nested-images columns-default is-cropped wp-block-gallery-1 is-layout-flex wp-block-gallery-is-layout-flex\">\n<figure class=\"wp-block-image size-large\"><img decoding=\"async\" width=\"1024\" height=\"652\" data-id=\"22644\" src=\"https:\/\/www.radicicarpet.it\/app\/uploads\/2026\/02\/DDN_Ritmi-1024x652.png\" alt=\"\" class=\"wp-image-22644\" srcset=\"https:\/\/www.radicicarpet.it\/app\/uploads\/2026\/02\/DDN_Ritmi-1024x652.png.webp 1024w, https:\/\/www.radicicarpet.it\/app\/uploads\/2026\/02\/DDN_Ritmi-300x191.png 300w, https:\/\/www.radicicarpet.it\/app\/uploads\/2026\/02\/DDN_Ritmi-768x489.png 768w, https:\/\/www.radicicarpet.it\/app\/uploads\/2026\/02\/DDN_Ritmi-1536x977.png.webp 1536w, https:\/\/www.radicicarpet.it\/app\/uploads\/2026\/02\/DDN_Ritmi.png 1600w, https:\/\/www.radicicarpet.it\/app\/uploads\/2026\/02\/DDN_Ritmi-300x191@2x.png.webp 600w\" sizes=\"(max-width: 1024px) 100vw, 1024px\" \/><\/figure>\n<\/figure>\n","protected":false},"excerpt":{"rendered":"<p>Das Magazin DDN hat der Kollektion Ritmi von Francesca Lanzavecchia Raum gewidmet und ihren gestalterischen Ansatz sowie die chromatische Forschung hervorgehoben, die Textilien in ein echtes Ausdruckslabor verwandeln.<\/p>\n","protected":false},"featured_media":22651,"template":"","class_list":["post-22654","press","type-press","status-publish","has-post-thumbnail","hentry"],"acf":[],"yoast_head":"<!-- This site is optimized with the Yoast SEO plugin v27.2 - https:\/\/yoast.com\/product\/yoast-seo-wordpress\/ -->\n<title>DDN Januar &#039;26 | Radici<\/title>\n<meta name=\"robots\" content=\"index, follow, max-snippet:-1, max-image-preview:large, max-video-preview:-1\" \/>\n<link rel=\"canonical\" href=\"https:\/\/www.radicicarpet.it\/de\/press\/ddn-gennaio-26\/\" \/>\n<meta property=\"og:locale\" content=\"de_DE\" \/>\n<meta property=\"og:type\" content=\"article\" \/>\n<meta property=\"og:title\" content=\"DDN Januar &#039;26 | Radici\" \/>\n<meta property=\"og:description\" content=\"Das Magazin DDN hat der Kollektion Ritmi von Francesca Lanzavecchia Raum gewidmet und ihren gestalterischen Ansatz sowie die chromatische Forschung hervorgehoben, die Textilien in ein echtes Ausdruckslabor verwandeln.\" \/>\n<meta property=\"og:url\" content=\"https:\/\/www.radicicarpet.it\/de\/press\/ddn-gennaio-26\/\" \/>\n<meta property=\"og:site_name\" content=\"Radici\" \/>\n<meta property=\"article:modified_time\" content=\"2026-02-25T14:13:12+00:00\" \/>\n<meta property=\"og:image\" content=\"https:\/\/www.radicicarpet.it\/app\/uploads\/2026\/02\/DDN_Ritmi_Cover.png\" \/>\n\t<meta property=\"og:image:width\" content=\"798\" \/>\n\t<meta property=\"og:image:height\" content=\"1022\" \/>\n\t<meta property=\"og:image:type\" content=\"image\/png\" \/>\n<meta name=\"twitter:card\" content=\"summary_large_image\" \/>\n<meta name=\"twitter:label1\" content=\"Est. reading time\" \/>\n\t<meta name=\"twitter:data1\" content=\"1 minute\" \/>\n<script type=\"application\/ld+json\" class=\"yoast-schema-graph\">{\"@context\":\"https:\/\/schema.org\",\"@graph\":[{\"@type\":\"WebPage\",\"@id\":\"https:\/\/www.radicicarpet.it\/de\/press\/ddn-gennaio-26\/\",\"url\":\"https:\/\/www.radicicarpet.it\/de\/press\/ddn-gennaio-26\/\",\"name\":\"DDN Januar '26 | Radici\",\"isPartOf\":{\"@id\":\"https:\/\/www.radicicarpet.it\/de\/#website\"},\"primaryImageOfPage\":{\"@id\":\"https:\/\/www.radicicarpet.it\/de\/press\/ddn-gennaio-26\/#primaryimage\"},\"image\":{\"@id\":\"https:\/\/www.radicicarpet.it\/de\/press\/ddn-gennaio-26\/#primaryimage\"},\"thumbnailUrl\":\"https:\/\/www.radicicarpet.it\/app\/uploads\/2026\/02\/DDN_Ritmi_Cover.png\",\"datePublished\":\"2026-02-25T14:07:41+00:00\",\"dateModified\":\"2026-02-25T14:13:12+00:00\",\"breadcrumb\":{\"@id\":\"https:\/\/www.radicicarpet.it\/de\/press\/ddn-gennaio-26\/#breadcrumb\"},\"inLanguage\":\"de-DE\",\"potentialAction\":[{\"@type\":\"ReadAction\",\"target\":[\"https:\/\/www.radicicarpet.it\/de\/press\/ddn-gennaio-26\/\"]}]},{\"@type\":\"ImageObject\",\"inLanguage\":\"de-DE\",\"@id\":\"https:\/\/www.radicicarpet.it\/de\/press\/ddn-gennaio-26\/#primaryimage\",\"url\":\"https:\/\/www.radicicarpet.it\/app\/uploads\/2026\/02\/DDN_Ritmi_Cover.png\",\"contentUrl\":\"https:\/\/www.radicicarpet.it\/app\/uploads\/2026\/02\/DDN_Ritmi_Cover.png\",\"width\":798,\"height\":1022},{\"@type\":\"BreadcrumbList\",\"@id\":\"https:\/\/www.radicicarpet.it\/de\/press\/ddn-gennaio-26\/#breadcrumb\",\"itemListElement\":[{\"@type\":\"ListItem\",\"position\":1,\"name\":\"Home\",\"item\":\"https:\/\/www.radicicarpet.it\/de\/\"},{\"@type\":\"ListItem\",\"position\":2,\"name\":\"Press\",\"item\":\"https:\/\/www.radicicarpet.it\/de\/press\/\"},{\"@type\":\"ListItem\",\"position\":3,\"name\":\"DDN Januar &#8217;26\"}]},{\"@type\":\"WebSite\",\"@id\":\"https:\/\/www.radicicarpet.it\/de\/#website\",\"url\":\"https:\/\/www.radicicarpet.it\/de\/\",\"name\":\"Radici Moquette\",\"description\":\"\",\"potentialAction\":[{\"@type\":\"SearchAction\",\"target\":{\"@type\":\"EntryPoint\",\"urlTemplate\":\"https:\/\/www.radicicarpet.it\/de\/?s={search_term_string}\"},\"query-input\":{\"@type\":\"PropertyValueSpecification\",\"valueRequired\":true,\"valueName\":\"search_term_string\"}}],\"inLanguage\":\"de-DE\"}]}<\/script>\n<!-- \/ Yoast SEO plugin. -->","yoast_head_json":{"title":"DDN Januar '26 | Radici","robots":{"index":"index","follow":"follow","max-snippet":"max-snippet:-1","max-image-preview":"max-image-preview:large","max-video-preview":"max-video-preview:-1"},"canonical":"https:\/\/www.radicicarpet.it\/de\/press\/ddn-gennaio-26\/","og_locale":"de_DE","og_type":"article","og_title":"DDN Januar '26 | Radici","og_description":"Das Magazin DDN hat der Kollektion Ritmi von Francesca Lanzavecchia Raum gewidmet und ihren gestalterischen Ansatz sowie die chromatische Forschung hervorgehoben, die Textilien in ein echtes Ausdruckslabor verwandeln.","og_url":"https:\/\/www.radicicarpet.it\/de\/press\/ddn-gennaio-26\/","og_site_name":"Radici","article_modified_time":"2026-02-25T14:13:12+00:00","og_image":[{"width":798,"height":1022,"url":"https:\/\/www.radicicarpet.it\/app\/uploads\/2026\/02\/DDN_Ritmi_Cover.png","type":"image\/png"}],"twitter_card":"summary_large_image","twitter_misc":{"Est. reading time":"1 minute"},"schema":{"@context":"https:\/\/schema.org","@graph":[{"@type":"WebPage","@id":"https:\/\/www.radicicarpet.it\/de\/press\/ddn-gennaio-26\/","url":"https:\/\/www.radicicarpet.it\/de\/press\/ddn-gennaio-26\/","name":"DDN Januar '26 | Radici","isPartOf":{"@id":"https:\/\/www.radicicarpet.it\/de\/#website"},"primaryImageOfPage":{"@id":"https:\/\/www.radicicarpet.it\/de\/press\/ddn-gennaio-26\/#primaryimage"},"image":{"@id":"https:\/\/www.radicicarpet.it\/de\/press\/ddn-gennaio-26\/#primaryimage"},"thumbnailUrl":"https:\/\/www.radicicarpet.it\/app\/uploads\/2026\/02\/DDN_Ritmi_Cover.png","datePublished":"2026-02-25T14:07:41+00:00","dateModified":"2026-02-25T14:13:12+00:00","breadcrumb":{"@id":"https:\/\/www.radicicarpet.it\/de\/press\/ddn-gennaio-26\/#breadcrumb"},"inLanguage":"de-DE","potentialAction":[{"@type":"ReadAction","target":["https:\/\/www.radicicarpet.it\/de\/press\/ddn-gennaio-26\/"]}]},{"@type":"ImageObject","inLanguage":"de-DE","@id":"https:\/\/www.radicicarpet.it\/de\/press\/ddn-gennaio-26\/#primaryimage","url":"https:\/\/www.radicicarpet.it\/app\/uploads\/2026\/02\/DDN_Ritmi_Cover.png","contentUrl":"https:\/\/www.radicicarpet.it\/app\/uploads\/2026\/02\/DDN_Ritmi_Cover.png","width":798,"height":1022},{"@type":"BreadcrumbList","@id":"https:\/\/www.radicicarpet.it\/de\/press\/ddn-gennaio-26\/#breadcrumb","itemListElement":[{"@type":"ListItem","position":1,"name":"Home","item":"https:\/\/www.radicicarpet.it\/de\/"},{"@type":"ListItem","position":2,"name":"Press","item":"https:\/\/www.radicicarpet.it\/de\/press\/"},{"@type":"ListItem","position":3,"name":"DDN Januar &#8217;26"}]},{"@type":"WebSite","@id":"https:\/\/www.radicicarpet.it\/de\/#website","url":"https:\/\/www.radicicarpet.it\/de\/","name":"Radici Moquette","description":"","potentialAction":[{"@type":"SearchAction","target":{"@type":"EntryPoint","urlTemplate":"https:\/\/www.radicicarpet.it\/de\/?s={search_term_string}"},"query-input":{"@type":"PropertyValueSpecification","valueRequired":true,"valueName":"search_term_string"}}],"inLanguage":"de-DE"}]}},"_links":{"self":[{"href":"https:\/\/www.radicicarpet.it\/de\/wp-json\/wp\/v2\/press\/22654","targetHints":{"allow":["GET"]}}],"collection":[{"href":"https:\/\/www.radicicarpet.it\/de\/wp-json\/wp\/v2\/press"}],"about":[{"href":"https:\/\/www.radicicarpet.it\/de\/wp-json\/wp\/v2\/types\/press"}],"wp:featuredmedia":[{"embeddable":true,"href":"https:\/\/www.radicicarpet.it\/de\/wp-json\/wp\/v2\/media\/22651"}],"wp:attachment":[{"href":"https:\/\/www.radicicarpet.it\/de\/wp-json\/wp\/v2\/media?parent=22654"}],"curies":[{"name":"wp","href":"https:\/\/api.w.org\/{rel}","templated":true}]}}