{"id":22244,"date":"2025-01-12T17:08:00","date_gmt":"2025-01-12T16:08:00","guid":{"rendered":"https:\/\/www.radicicarpet.it\/press\/icon-gennaio-25\/"},"modified":"2025-11-12T17:19:20","modified_gmt":"2025-11-12T16:19:20","slug":"icon-gennaio-25","status":"publish","type":"press","link":"https:\/\/www.radicicarpet.it\/de\/press\/icon-gennaio-25\/","title":{"rendered":"Icon Januar &#8217;25"},"content":{"rendered":"\n<p>Auf <em>Icon Eye<\/em> zeigt ein Artikel, wie Radici Carpet in Zusammenarbeit mit der schwedischen Designerin <strong>Tekla Evelina Severin<\/strong> (<em>Teklan<\/em>) die ikonischen Muster der 1960er- und 70er-Jahre in der Kollektion <strong>Newstalgia<\/strong> neu interpretiert. Klare Geometrien, satte Farben und ein starkes Bewusstsein f\u00fcr Nachhaltigkeit pr\u00e4gen ein Projekt, das Farb- und Formforschung, Erinnerung und zeitgen\u00f6ssisches Design vereint.<\/p>\n\n\n\n<p><\/p>\n","protected":false},"excerpt":{"rendered":"<p>Auf Icon Eye zeigt ein Artikel, wie Radici Carpet in Zusammenarbeit mit der schwedischen Designerin Tekla Evelina Severin<\/p>\n","protected":false},"featured_media":22241,"template":"","class_list":["post-22244","press","type-press","status-publish","has-post-thumbnail","hentry"],"acf":[],"yoast_head":"<!-- This site is optimized with the Yoast SEO plugin v27.2 - https:\/\/yoast.com\/product\/yoast-seo-wordpress\/ -->\n<title>Icon Januar &#039;25 | Radici<\/title>\n<meta name=\"robots\" content=\"index, follow, max-snippet:-1, max-image-preview:large, max-video-preview:-1\" \/>\n<link rel=\"canonical\" href=\"https:\/\/www.radicicarpet.it\/de\/press\/icon-gennaio-25\/\" \/>\n<meta property=\"og:locale\" content=\"de_DE\" \/>\n<meta property=\"og:type\" content=\"article\" \/>\n<meta property=\"og:title\" content=\"Icon Januar &#039;25 | Radici\" \/>\n<meta property=\"og:description\" content=\"Auf Icon Eye zeigt ein Artikel, wie Radici Carpet in Zusammenarbeit mit der schwedischen Designerin Tekla Evelina Severin\" \/>\n<meta property=\"og:url\" content=\"https:\/\/www.radicicarpet.it\/de\/press\/icon-gennaio-25\/\" \/>\n<meta property=\"og:site_name\" content=\"Radici\" \/>\n<meta property=\"article:modified_time\" content=\"2025-11-12T16:19:20+00:00\" \/>\n<meta property=\"og:image\" content=\"https:\/\/www.radicicarpet.it\/app\/uploads\/2025\/11\/Template-Testate-Giornalistiche-Sito-1-732x1024.png\" \/>\n\t<meta property=\"og:image:width\" content=\"732\" \/>\n\t<meta property=\"og:image:height\" content=\"1024\" \/>\n\t<meta property=\"og:image:type\" content=\"image\/png\" \/>\n<meta name=\"twitter:card\" content=\"summary_large_image\" \/>\n<meta name=\"twitter:label1\" content=\"Est. reading time\" \/>\n\t<meta name=\"twitter:data1\" content=\"1 minute\" \/>\n<script type=\"application\/ld+json\" class=\"yoast-schema-graph\">{\"@context\":\"https:\/\/schema.org\",\"@graph\":[{\"@type\":\"WebPage\",\"@id\":\"https:\/\/www.radicicarpet.it\/de\/press\/icon-gennaio-25\/\",\"url\":\"https:\/\/www.radicicarpet.it\/de\/press\/icon-gennaio-25\/\",\"name\":\"Icon Januar '25 | Radici\",\"isPartOf\":{\"@id\":\"https:\/\/www.radicicarpet.it\/de\/#website\"},\"primaryImageOfPage\":{\"@id\":\"https:\/\/www.radicicarpet.it\/de\/press\/icon-gennaio-25\/#primaryimage\"},\"image\":{\"@id\":\"https:\/\/www.radicicarpet.it\/de\/press\/icon-gennaio-25\/#primaryimage\"},\"thumbnailUrl\":\"https:\/\/www.radicicarpet.it\/app\/uploads\/2025\/11\/Template-Testate-Giornalistiche-Sito-1.png\",\"datePublished\":\"2025-01-12T16:08:00+00:00\",\"dateModified\":\"2025-11-12T16:19:20+00:00\",\"breadcrumb\":{\"@id\":\"https:\/\/www.radicicarpet.it\/de\/press\/icon-gennaio-25\/#breadcrumb\"},\"inLanguage\":\"de-DE\",\"potentialAction\":[{\"@type\":\"ReadAction\",\"target\":[\"https:\/\/www.radicicarpet.it\/de\/press\/icon-gennaio-25\/\"]}]},{\"@type\":\"ImageObject\",\"inLanguage\":\"de-DE\",\"@id\":\"https:\/\/www.radicicarpet.it\/de\/press\/icon-gennaio-25\/#primaryimage\",\"url\":\"https:\/\/www.radicicarpet.it\/app\/uploads\/2025\/11\/Template-Testate-Giornalistiche-Sito-1.png\",\"contentUrl\":\"https:\/\/www.radicicarpet.it\/app\/uploads\/2025\/11\/Template-Testate-Giornalistiche-Sito-1.png\",\"width\":1429,\"height\":2000},{\"@type\":\"BreadcrumbList\",\"@id\":\"https:\/\/www.radicicarpet.it\/de\/press\/icon-gennaio-25\/#breadcrumb\",\"itemListElement\":[{\"@type\":\"ListItem\",\"position\":1,\"name\":\"Home\",\"item\":\"https:\/\/www.radicicarpet.it\/de\/\"},{\"@type\":\"ListItem\",\"position\":2,\"name\":\"Press\",\"item\":\"https:\/\/www.radicicarpet.it\/de\/press\/\"},{\"@type\":\"ListItem\",\"position\":3,\"name\":\"Icon Januar &#8217;25\"}]},{\"@type\":\"WebSite\",\"@id\":\"https:\/\/www.radicicarpet.it\/de\/#website\",\"url\":\"https:\/\/www.radicicarpet.it\/de\/\",\"name\":\"Radici Moquette\",\"description\":\"\",\"potentialAction\":[{\"@type\":\"SearchAction\",\"target\":{\"@type\":\"EntryPoint\",\"urlTemplate\":\"https:\/\/www.radicicarpet.it\/de\/?s={search_term_string}\"},\"query-input\":{\"@type\":\"PropertyValueSpecification\",\"valueRequired\":true,\"valueName\":\"search_term_string\"}}],\"inLanguage\":\"de-DE\"}]}<\/script>\n<!-- \/ Yoast SEO plugin. -->","yoast_head_json":{"title":"Icon Januar '25 | Radici","robots":{"index":"index","follow":"follow","max-snippet":"max-snippet:-1","max-image-preview":"max-image-preview:large","max-video-preview":"max-video-preview:-1"},"canonical":"https:\/\/www.radicicarpet.it\/de\/press\/icon-gennaio-25\/","og_locale":"de_DE","og_type":"article","og_title":"Icon Januar '25 | Radici","og_description":"Auf Icon Eye zeigt ein Artikel, wie Radici Carpet in Zusammenarbeit mit der schwedischen Designerin Tekla Evelina Severin","og_url":"https:\/\/www.radicicarpet.it\/de\/press\/icon-gennaio-25\/","og_site_name":"Radici","article_modified_time":"2025-11-12T16:19:20+00:00","og_image":[{"width":732,"height":1024,"url":"https:\/\/www.radicicarpet.it\/app\/uploads\/2025\/11\/Template-Testate-Giornalistiche-Sito-1-732x1024.png","type":"image\/png"}],"twitter_card":"summary_large_image","twitter_misc":{"Est. reading time":"1 minute"},"schema":{"@context":"https:\/\/schema.org","@graph":[{"@type":"WebPage","@id":"https:\/\/www.radicicarpet.it\/de\/press\/icon-gennaio-25\/","url":"https:\/\/www.radicicarpet.it\/de\/press\/icon-gennaio-25\/","name":"Icon Januar '25 | Radici","isPartOf":{"@id":"https:\/\/www.radicicarpet.it\/de\/#website"},"primaryImageOfPage":{"@id":"https:\/\/www.radicicarpet.it\/de\/press\/icon-gennaio-25\/#primaryimage"},"image":{"@id":"https:\/\/www.radicicarpet.it\/de\/press\/icon-gennaio-25\/#primaryimage"},"thumbnailUrl":"https:\/\/www.radicicarpet.it\/app\/uploads\/2025\/11\/Template-Testate-Giornalistiche-Sito-1.png","datePublished":"2025-01-12T16:08:00+00:00","dateModified":"2025-11-12T16:19:20+00:00","breadcrumb":{"@id":"https:\/\/www.radicicarpet.it\/de\/press\/icon-gennaio-25\/#breadcrumb"},"inLanguage":"de-DE","potentialAction":[{"@type":"ReadAction","target":["https:\/\/www.radicicarpet.it\/de\/press\/icon-gennaio-25\/"]}]},{"@type":"ImageObject","inLanguage":"de-DE","@id":"https:\/\/www.radicicarpet.it\/de\/press\/icon-gennaio-25\/#primaryimage","url":"https:\/\/www.radicicarpet.it\/app\/uploads\/2025\/11\/Template-Testate-Giornalistiche-Sito-1.png","contentUrl":"https:\/\/www.radicicarpet.it\/app\/uploads\/2025\/11\/Template-Testate-Giornalistiche-Sito-1.png","width":1429,"height":2000},{"@type":"BreadcrumbList","@id":"https:\/\/www.radicicarpet.it\/de\/press\/icon-gennaio-25\/#breadcrumb","itemListElement":[{"@type":"ListItem","position":1,"name":"Home","item":"https:\/\/www.radicicarpet.it\/de\/"},{"@type":"ListItem","position":2,"name":"Press","item":"https:\/\/www.radicicarpet.it\/de\/press\/"},{"@type":"ListItem","position":3,"name":"Icon Januar &#8217;25"}]},{"@type":"WebSite","@id":"https:\/\/www.radicicarpet.it\/de\/#website","url":"https:\/\/www.radicicarpet.it\/de\/","name":"Radici Moquette","description":"","potentialAction":[{"@type":"SearchAction","target":{"@type":"EntryPoint","urlTemplate":"https:\/\/www.radicicarpet.it\/de\/?s={search_term_string}"},"query-input":{"@type":"PropertyValueSpecification","valueRequired":true,"valueName":"search_term_string"}}],"inLanguage":"de-DE"}]}},"_links":{"self":[{"href":"https:\/\/www.radicicarpet.it\/de\/wp-json\/wp\/v2\/press\/22244","targetHints":{"allow":["GET"]}}],"collection":[{"href":"https:\/\/www.radicicarpet.it\/de\/wp-json\/wp\/v2\/press"}],"about":[{"href":"https:\/\/www.radicicarpet.it\/de\/wp-json\/wp\/v2\/types\/press"}],"wp:featuredmedia":[{"embeddable":true,"href":"https:\/\/www.radicicarpet.it\/de\/wp-json\/wp\/v2\/media\/22241"}],"wp:attachment":[{"href":"https:\/\/www.radicicarpet.it\/de\/wp-json\/wp\/v2\/media?parent=22244"}],"curies":[{"name":"wp","href":"https:\/\/api.w.org\/{rel}","templated":true}]}}