{"id":19105,"date":"2025-02-24T12:58:30","date_gmt":"2025-02-24T11:58:30","guid":{"rendered":"https:\/\/www.radicicarpet.it\/press\/teklan-x-telva-living-marzo-25\/"},"modified":"2025-02-24T13:01:40","modified_gmt":"2025-02-24T12:01:40","slug":"teklan-x-telva-living-marzo-25","status":"publish","type":"press","link":"https:\/\/www.radicicarpet.it\/de\/press\/teklan-x-telva-living-marzo-25\/","title":{"rendered":"Teklan x Telva Living M\u00e4rz &#8217;25"},"content":{"rendered":"\n<p><em>Telva Living<\/em>, ein spanisches Magazin f\u00fcr Interior Design, erkundet in der M\u00e4rzausgabe das farbenreiche Universum von Teklan, einer schwedischen Designerin, die mit gewagten Kontrasten und von den 60er- und 70er-Jahren inspirierten Geometrien spielt. Von den dreidimensionalen Teppichen der Newstalgia-Kollektion f\u00fcr Radici \u00fcber Ankl\u00e4nge an die Op-Art bis hin zu nachhaltigen Outdoor-Stoffen \u2013 die Bilder zelebrieren ihre raffinierte und innovative Farbvision im Interior Design.<\/p>\n\n\n\n<figure class=\"wp-block-gallery has-nested-images columns-default is-cropped wp-block-gallery-1 is-layout-flex wp-block-gallery-is-layout-flex\">\n<figure class=\"wp-block-image size-large\"><img decoding=\"async\" width=\"783\" height=\"1024\" data-id=\"19078\" src=\"https:\/\/www.radicicarpet.it\/app\/uploads\/2025\/02\/TelvaLiving003JMAR25-TELVA-20_02_2025-1_page-0001-783x1024.jpg\" alt=\"\" class=\"wp-image-19078\" srcset=\"https:\/\/www.radicicarpet.it\/app\/uploads\/2025\/02\/TelvaLiving003JMAR25-TELVA-20_02_2025-1_page-0001-783x1024.jpg 783w, https:\/\/www.radicicarpet.it\/app\/uploads\/2025\/02\/TelvaLiving003JMAR25-TELVA-20_02_2025-1_page-0001-229x300.jpg 229w, https:\/\/www.radicicarpet.it\/app\/uploads\/2025\/02\/TelvaLiving003JMAR25-TELVA-20_02_2025-1_page-0001-768x1005.jpg 768w, https:\/\/www.radicicarpet.it\/app\/uploads\/2025\/02\/TelvaLiving003JMAR25-TELVA-20_02_2025-1_page-0001-1174x1536.jpg 1174w, https:\/\/www.radicicarpet.it\/app\/uploads\/2025\/02\/TelvaLiving003JMAR25-TELVA-20_02_2025-1_page-0001.jpg 1264w\" sizes=\"(max-width: 783px) 100vw, 783px\" \/><\/figure>\n\n\n\n<figure class=\"wp-block-image size-large\"><img decoding=\"async\" width=\"783\" height=\"1024\" data-id=\"19091\" src=\"https:\/\/www.radicicarpet.it\/app\/uploads\/2025\/02\/TelvaLiving003JMAR25-TELVA-20_02_2025-60_page-0001-783x1024.jpg\" alt=\"\" class=\"wp-image-19091\" srcset=\"https:\/\/www.radicicarpet.it\/app\/uploads\/2025\/02\/TelvaLiving003JMAR25-TELVA-20_02_2025-60_page-0001-783x1024.jpg 783w, https:\/\/www.radicicarpet.it\/app\/uploads\/2025\/02\/TelvaLiving003JMAR25-TELVA-20_02_2025-60_page-0001-229x300.jpg 229w, https:\/\/www.radicicarpet.it\/app\/uploads\/2025\/02\/TelvaLiving003JMAR25-TELVA-20_02_2025-60_page-0001-768x1005.jpg 768w, https:\/\/www.radicicarpet.it\/app\/uploads\/2025\/02\/TelvaLiving003JMAR25-TELVA-20_02_2025-60_page-0001-1174x1536.jpg 1174w, https:\/\/www.radicicarpet.it\/app\/uploads\/2025\/02\/TelvaLiving003JMAR25-TELVA-20_02_2025-60_page-0001.jpg 1264w\" sizes=\"(max-width: 783px) 100vw, 783px\" \/><\/figure>\n\n\n\n<figure class=\"wp-block-image size-large\"><img decoding=\"async\" width=\"783\" height=\"1024\" data-id=\"19087\" src=\"https:\/\/www.radicicarpet.it\/app\/uploads\/2025\/02\/TelvaLiving003JMAR25-TELVA-20_02_2025-62_page-0001-783x1024.jpg\" alt=\"\" class=\"wp-image-19087\" srcset=\"https:\/\/www.radicicarpet.it\/app\/uploads\/2025\/02\/TelvaLiving003JMAR25-TELVA-20_02_2025-62_page-0001-783x1024.jpg 783w, https:\/\/www.radicicarpet.it\/app\/uploads\/2025\/02\/TelvaLiving003JMAR25-TELVA-20_02_2025-62_page-0001-229x300.jpg 229w, https:\/\/www.radicicarpet.it\/app\/uploads\/2025\/02\/TelvaLiving003JMAR25-TELVA-20_02_2025-62_page-0001-768x1005.jpg 768w, https:\/\/www.radicicarpet.it\/app\/uploads\/2025\/02\/TelvaLiving003JMAR25-TELVA-20_02_2025-62_page-0001-1174x1536.jpg 1174w, https:\/\/www.radicicarpet.it\/app\/uploads\/2025\/02\/TelvaLiving003JMAR25-TELVA-20_02_2025-62_page-0001.jpg 1264w\" sizes=\"(max-width: 783px) 100vw, 783px\" \/><\/figure>\n\n\n\n<figure class=\"wp-block-image size-large\"><img decoding=\"async\" width=\"783\" height=\"1024\" data-id=\"19082\" src=\"https:\/\/www.radicicarpet.it\/app\/uploads\/2025\/02\/TelvaLiving003JMAR25-TELVA-20_02_2025-61_page-0001-783x1024.jpg\" alt=\"\" class=\"wp-image-19082\" srcset=\"https:\/\/www.radicicarpet.it\/app\/uploads\/2025\/02\/TelvaLiving003JMAR25-TELVA-20_02_2025-61_page-0001-783x1024.jpg 783w, https:\/\/www.radicicarpet.it\/app\/uploads\/2025\/02\/TelvaLiving003JMAR25-TELVA-20_02_2025-61_page-0001-229x300.jpg 229w, https:\/\/www.radicicarpet.it\/app\/uploads\/2025\/02\/TelvaLiving003JMAR25-TELVA-20_02_2025-61_page-0001-768x1005.jpg 768w, https:\/\/www.radicicarpet.it\/app\/uploads\/2025\/02\/TelvaLiving003JMAR25-TELVA-20_02_2025-61_page-0001-1174x1536.jpg 1174w, https:\/\/www.radicicarpet.it\/app\/uploads\/2025\/02\/TelvaLiving003JMAR25-TELVA-20_02_2025-61_page-0001.jpg 1264w\" sizes=\"(max-width: 783px) 100vw, 783px\" \/><\/figure>\n\n\n\n<figure class=\"wp-block-image size-large\"><img decoding=\"async\" width=\"783\" height=\"1024\" data-id=\"19086\" src=\"https:\/\/www.radicicarpet.it\/app\/uploads\/2025\/02\/TelvaLiving003JMAR25-TELVA-20_02_2025-63_page-0001-783x1024.jpg\" alt=\"\" class=\"wp-image-19086\" srcset=\"https:\/\/www.radicicarpet.it\/app\/uploads\/2025\/02\/TelvaLiving003JMAR25-TELVA-20_02_2025-63_page-0001-783x1024.jpg 783w, https:\/\/www.radicicarpet.it\/app\/uploads\/2025\/02\/TelvaLiving003JMAR25-TELVA-20_02_2025-63_page-0001-229x300.jpg 229w, https:\/\/www.radicicarpet.it\/app\/uploads\/2025\/02\/TelvaLiving003JMAR25-TELVA-20_02_2025-63_page-0001-768x1005.jpg 768w, https:\/\/www.radicicarpet.it\/app\/uploads\/2025\/02\/TelvaLiving003JMAR25-TELVA-20_02_2025-63_page-0001-1174x1536.jpg 1174w, https:\/\/www.radicicarpet.it\/app\/uploads\/2025\/02\/TelvaLiving003JMAR25-TELVA-20_02_2025-63_page-0001.jpg 1264w\" sizes=\"(max-width: 783px) 100vw, 783px\" \/><\/figure>\n\n\n\n<figure class=\"wp-block-image size-large\"><img decoding=\"async\" width=\"783\" height=\"1024\" data-id=\"19097\" src=\"https:\/\/www.radicicarpet.it\/app\/uploads\/2025\/02\/TelvaLiving003JMAR25-TELVA-20_02_2025-65_page-0001-783x1024.jpg\" alt=\"\" class=\"wp-image-19097\" srcset=\"https:\/\/www.radicicarpet.it\/app\/uploads\/2025\/02\/TelvaLiving003JMAR25-TELVA-20_02_2025-65_page-0001-783x1024.jpg 783w, https:\/\/www.radicicarpet.it\/app\/uploads\/2025\/02\/TelvaLiving003JMAR25-TELVA-20_02_2025-65_page-0001-229x300.jpg 229w, https:\/\/www.radicicarpet.it\/app\/uploads\/2025\/02\/TelvaLiving003JMAR25-TELVA-20_02_2025-65_page-0001-768x1005.jpg 768w, https:\/\/www.radicicarpet.it\/app\/uploads\/2025\/02\/TelvaLiving003JMAR25-TELVA-20_02_2025-65_page-0001-1174x1536.jpg 1174w, https:\/\/www.radicicarpet.it\/app\/uploads\/2025\/02\/TelvaLiving003JMAR25-TELVA-20_02_2025-65_page-0001.jpg 1264w\" sizes=\"(max-width: 783px) 100vw, 783px\" \/><\/figure>\n<\/figure>\n\n\n\n<p><\/p>\n","protected":false},"excerpt":{"rendered":"<p>Telva Living, ein spanisches Magazin f\u00fcr Interior Design, erkundet in der M\u00e4rzausgabe das farbenreiche Universum von Teklan, einer schwedischen Designerin, die mit gewagten Kontrasten und von den 60er- und 70er-Jahren inspirierten Geometrien spielt. Von den dreidimensionalen Teppichen der Newstalgia-Kollektion f\u00fcr Radici \u00fcber Ankl\u00e4nge an die Op-Art bis hin zu nachhaltigen Outdoor-Stoffen \u2013 die Bilder zelebrieren &hellip; <a href=\"https:\/\/www.radicicarpet.it\/de\/press\/teklan-x-telva-living-marzo-25\/\">Continued<\/a><\/p>\n","protected":false},"featured_media":19081,"template":"","class_list":["post-19105","press","type-press","status-publish","has-post-thumbnail","hentry"],"acf":[],"yoast_head":"<!-- This site is optimized with the Yoast SEO plugin v27.2 - https:\/\/yoast.com\/product\/yoast-seo-wordpress\/ -->\n<title>Teklan x Telva Living M\u00e4rz &#039;25 | Radici<\/title>\n<meta name=\"robots\" content=\"index, follow, max-snippet:-1, max-image-preview:large, max-video-preview:-1\" \/>\n<link rel=\"canonical\" href=\"https:\/\/www.radicicarpet.it\/de\/press\/teklan-x-telva-living-marzo-25\/\" \/>\n<meta property=\"og:locale\" content=\"de_DE\" \/>\n<meta property=\"og:type\" content=\"article\" \/>\n<meta property=\"og:title\" content=\"Teklan x Telva Living M\u00e4rz &#039;25 | Radici\" \/>\n<meta property=\"og:description\" content=\"Telva Living, ein spanisches Magazin f\u00fcr Interior Design, erkundet in der M\u00e4rzausgabe das farbenreiche Universum von Teklan, einer schwedischen Designerin, die mit gewagten Kontrasten und von den 60er- und 70er-Jahren inspirierten Geometrien spielt. Von den dreidimensionalen Teppichen der Newstalgia-Kollektion f\u00fcr Radici \u00fcber Ankl\u00e4nge an die Op-Art bis hin zu nachhaltigen Outdoor-Stoffen \u2013 die Bilder zelebrieren &hellip; Continued\" \/>\n<meta property=\"og:url\" content=\"https:\/\/www.radicicarpet.it\/de\/press\/teklan-x-telva-living-marzo-25\/\" \/>\n<meta property=\"og:site_name\" content=\"Radici\" \/>\n<meta property=\"article:modified_time\" content=\"2025-02-24T12:01:40+00:00\" \/>\n<meta property=\"og:image\" content=\"https:\/\/www.radicicarpet.it\/app\/uploads\/2025\/02\/TelvaLiving003JMAR25-TELVA-20_02_2025-1_page-0001.jpg\" \/>\n\t<meta property=\"og:image:width\" content=\"1264\" \/>\n\t<meta property=\"og:image:height\" content=\"1654\" \/>\n\t<meta property=\"og:image:type\" content=\"image\/jpeg\" \/>\n<meta name=\"twitter:card\" content=\"summary_large_image\" \/>\n<meta name=\"twitter:label1\" content=\"Est. reading time\" \/>\n\t<meta name=\"twitter:data1\" content=\"2 minutes\" \/>\n<script type=\"application\/ld+json\" class=\"yoast-schema-graph\">{\"@context\":\"https:\/\/schema.org\",\"@graph\":[{\"@type\":\"WebPage\",\"@id\":\"https:\/\/www.radicicarpet.it\/de\/press\/teklan-x-telva-living-marzo-25\/\",\"url\":\"https:\/\/www.radicicarpet.it\/de\/press\/teklan-x-telva-living-marzo-25\/\",\"name\":\"Teklan x Telva Living M\u00e4rz '25 | Radici\",\"isPartOf\":{\"@id\":\"https:\/\/www.radicicarpet.it\/de\/#website\"},\"primaryImageOfPage\":{\"@id\":\"https:\/\/www.radicicarpet.it\/de\/press\/teklan-x-telva-living-marzo-25\/#primaryimage\"},\"image\":{\"@id\":\"https:\/\/www.radicicarpet.it\/de\/press\/teklan-x-telva-living-marzo-25\/#primaryimage\"},\"thumbnailUrl\":\"https:\/\/www.radicicarpet.it\/app\/uploads\/2025\/02\/TelvaLiving003JMAR25-TELVA-20_02_2025-1_page-0001.jpg\",\"datePublished\":\"2025-02-24T11:58:30+00:00\",\"dateModified\":\"2025-02-24T12:01:40+00:00\",\"breadcrumb\":{\"@id\":\"https:\/\/www.radicicarpet.it\/de\/press\/teklan-x-telva-living-marzo-25\/#breadcrumb\"},\"inLanguage\":\"de-DE\",\"potentialAction\":[{\"@type\":\"ReadAction\",\"target\":[\"https:\/\/www.radicicarpet.it\/de\/press\/teklan-x-telva-living-marzo-25\/\"]}]},{\"@type\":\"ImageObject\",\"inLanguage\":\"de-DE\",\"@id\":\"https:\/\/www.radicicarpet.it\/de\/press\/teklan-x-telva-living-marzo-25\/#primaryimage\",\"url\":\"https:\/\/www.radicicarpet.it\/app\/uploads\/2025\/02\/TelvaLiving003JMAR25-TELVA-20_02_2025-1_page-0001.jpg\",\"contentUrl\":\"https:\/\/www.radicicarpet.it\/app\/uploads\/2025\/02\/TelvaLiving003JMAR25-TELVA-20_02_2025-1_page-0001.jpg\",\"width\":1264,\"height\":1654},{\"@type\":\"BreadcrumbList\",\"@id\":\"https:\/\/www.radicicarpet.it\/de\/press\/teklan-x-telva-living-marzo-25\/#breadcrumb\",\"itemListElement\":[{\"@type\":\"ListItem\",\"position\":1,\"name\":\"Home\",\"item\":\"https:\/\/www.radicicarpet.it\/de\/\"},{\"@type\":\"ListItem\",\"position\":2,\"name\":\"Press\",\"item\":\"https:\/\/www.radicicarpet.it\/de\/press\/\"},{\"@type\":\"ListItem\",\"position\":3,\"name\":\"Teklan x Telva Living M\u00e4rz &#8217;25\"}]},{\"@type\":\"WebSite\",\"@id\":\"https:\/\/www.radicicarpet.it\/de\/#website\",\"url\":\"https:\/\/www.radicicarpet.it\/de\/\",\"name\":\"Radici Moquette\",\"description\":\"\",\"potentialAction\":[{\"@type\":\"SearchAction\",\"target\":{\"@type\":\"EntryPoint\",\"urlTemplate\":\"https:\/\/www.radicicarpet.it\/de\/?s={search_term_string}\"},\"query-input\":{\"@type\":\"PropertyValueSpecification\",\"valueRequired\":true,\"valueName\":\"search_term_string\"}}],\"inLanguage\":\"de-DE\"}]}<\/script>\n<!-- \/ Yoast SEO plugin. -->","yoast_head_json":{"title":"Teklan x Telva Living M\u00e4rz '25 | Radici","robots":{"index":"index","follow":"follow","max-snippet":"max-snippet:-1","max-image-preview":"max-image-preview:large","max-video-preview":"max-video-preview:-1"},"canonical":"https:\/\/www.radicicarpet.it\/de\/press\/teklan-x-telva-living-marzo-25\/","og_locale":"de_DE","og_type":"article","og_title":"Teklan x Telva Living M\u00e4rz '25 | Radici","og_description":"Telva Living, ein spanisches Magazin f\u00fcr Interior Design, erkundet in der M\u00e4rzausgabe das farbenreiche Universum von Teklan, einer schwedischen Designerin, die mit gewagten Kontrasten und von den 60er- und 70er-Jahren inspirierten Geometrien spielt. Von den dreidimensionalen Teppichen der Newstalgia-Kollektion f\u00fcr Radici \u00fcber Ankl\u00e4nge an die Op-Art bis hin zu nachhaltigen Outdoor-Stoffen \u2013 die Bilder zelebrieren &hellip; Continued","og_url":"https:\/\/www.radicicarpet.it\/de\/press\/teklan-x-telva-living-marzo-25\/","og_site_name":"Radici","article_modified_time":"2025-02-24T12:01:40+00:00","og_image":[{"width":1264,"height":1654,"url":"https:\/\/www.radicicarpet.it\/app\/uploads\/2025\/02\/TelvaLiving003JMAR25-TELVA-20_02_2025-1_page-0001.jpg","type":"image\/jpeg"}],"twitter_card":"summary_large_image","twitter_misc":{"Est. reading time":"2 minutes"},"schema":{"@context":"https:\/\/schema.org","@graph":[{"@type":"WebPage","@id":"https:\/\/www.radicicarpet.it\/de\/press\/teklan-x-telva-living-marzo-25\/","url":"https:\/\/www.radicicarpet.it\/de\/press\/teklan-x-telva-living-marzo-25\/","name":"Teklan x Telva Living M\u00e4rz '25 | Radici","isPartOf":{"@id":"https:\/\/www.radicicarpet.it\/de\/#website"},"primaryImageOfPage":{"@id":"https:\/\/www.radicicarpet.it\/de\/press\/teklan-x-telva-living-marzo-25\/#primaryimage"},"image":{"@id":"https:\/\/www.radicicarpet.it\/de\/press\/teklan-x-telva-living-marzo-25\/#primaryimage"},"thumbnailUrl":"https:\/\/www.radicicarpet.it\/app\/uploads\/2025\/02\/TelvaLiving003JMAR25-TELVA-20_02_2025-1_page-0001.jpg","datePublished":"2025-02-24T11:58:30+00:00","dateModified":"2025-02-24T12:01:40+00:00","breadcrumb":{"@id":"https:\/\/www.radicicarpet.it\/de\/press\/teklan-x-telva-living-marzo-25\/#breadcrumb"},"inLanguage":"de-DE","potentialAction":[{"@type":"ReadAction","target":["https:\/\/www.radicicarpet.it\/de\/press\/teklan-x-telva-living-marzo-25\/"]}]},{"@type":"ImageObject","inLanguage":"de-DE","@id":"https:\/\/www.radicicarpet.it\/de\/press\/teklan-x-telva-living-marzo-25\/#primaryimage","url":"https:\/\/www.radicicarpet.it\/app\/uploads\/2025\/02\/TelvaLiving003JMAR25-TELVA-20_02_2025-1_page-0001.jpg","contentUrl":"https:\/\/www.radicicarpet.it\/app\/uploads\/2025\/02\/TelvaLiving003JMAR25-TELVA-20_02_2025-1_page-0001.jpg","width":1264,"height":1654},{"@type":"BreadcrumbList","@id":"https:\/\/www.radicicarpet.it\/de\/press\/teklan-x-telva-living-marzo-25\/#breadcrumb","itemListElement":[{"@type":"ListItem","position":1,"name":"Home","item":"https:\/\/www.radicicarpet.it\/de\/"},{"@type":"ListItem","position":2,"name":"Press","item":"https:\/\/www.radicicarpet.it\/de\/press\/"},{"@type":"ListItem","position":3,"name":"Teklan x Telva Living M\u00e4rz &#8217;25"}]},{"@type":"WebSite","@id":"https:\/\/www.radicicarpet.it\/de\/#website","url":"https:\/\/www.radicicarpet.it\/de\/","name":"Radici Moquette","description":"","potentialAction":[{"@type":"SearchAction","target":{"@type":"EntryPoint","urlTemplate":"https:\/\/www.radicicarpet.it\/de\/?s={search_term_string}"},"query-input":{"@type":"PropertyValueSpecification","valueRequired":true,"valueName":"search_term_string"}}],"inLanguage":"de-DE"}]}},"_links":{"self":[{"href":"https:\/\/www.radicicarpet.it\/de\/wp-json\/wp\/v2\/press\/19105","targetHints":{"allow":["GET"]}}],"collection":[{"href":"https:\/\/www.radicicarpet.it\/de\/wp-json\/wp\/v2\/press"}],"about":[{"href":"https:\/\/www.radicicarpet.it\/de\/wp-json\/wp\/v2\/types\/press"}],"wp:featuredmedia":[{"embeddable":true,"href":"https:\/\/www.radicicarpet.it\/de\/wp-json\/wp\/v2\/media\/19081"}],"wp:attachment":[{"href":"https:\/\/www.radicicarpet.it\/de\/wp-json\/wp\/v2\/media?parent=19105"}],"curies":[{"name":"wp","href":"https:\/\/api.w.org\/{rel}","templated":true}]}}