{"id":12873,"date":"2023-03-01T15:12:00","date_gmt":"2023-03-01T14:12:00","guid":{"rendered":"https:\/\/www.radicicarpet.it\/press\/inno-alla-creativita-by-floor-wall\/"},"modified":"2023-12-22T13:50:05","modified_gmt":"2023-12-22T12:50:05","slug":"inno-alla-creativita-by-floor-wall","status":"publish","type":"press","link":"https:\/\/www.radicicarpet.it\/de\/press\/inno-alla-creativita-by-floor-wall\/","title":{"rendered":"Eine Ode an die Kreativit\u00e4t by Floor &amp; Wall"},"content":{"rendered":"\n<p>Abbiamo selezionato dieci novit\u00e0 in mostra alla MDW 2023, tra il Salone del Mobile e il Fuorisalone, fil rouge: l&#8217;inventiva, sia nella ricerca dei nuovi materiali, sia nell&#8217;interpretazione estetica.Wir haben zehn Neuheiten ausgew\u00e4hlt, die auf der Mail\u00e4nder Designwoche 2023 (auf dem \u201eSalone del Mobile\u201c und dem \u201eFuorisalone\u201c) ausgestellt werden. Der rote Faden ist der Erfindungsreichtum, sowohl in Bezug auf die Suche nach neuen Materialien als auch im Hinblick auf die \u00e4sthetische Interpretation.<\/p>\n\n\n\n<p>Zehn neue Oberfl\u00e4chendesigns werden auf der Mail\u00e4nder Designwoche 2023 alle Blick auf sich ziehen. Sie zeigen Experimentierfreude auf allen Ebenen: zunehmend leistungsstarke und umweltfreundliche Materialien und eine \u00c4sthetik voller Anspielungen und Verweise auf vergangene Zeiten und k\u00fcnstlerische Str\u00f6mungen.<\/p>\n\n\n\n<figure class=\"wp-block-image size-large is-resized\"><img decoding=\"async\" width=\"884\" height=\"1024\" src=\"https:\/\/www.radicicarpet.it\/app\/uploads\/2023\/10\/2-7-884x1024.webp\" alt=\"Inno alla creativit\u00e0 by Floor &amp; Wall\" class=\"wp-image-7220\" style=\"width:1450px;height:1024px\" srcset=\"https:\/\/www.radicicarpet.it\/app\/uploads\/2023\/10\/2-7-884x1024.webp 884w, https:\/\/www.radicicarpet.it\/app\/uploads\/2023\/10\/2-7-259x300.webp 259w, https:\/\/www.radicicarpet.it\/app\/uploads\/2023\/10\/2-7-768x890.webp 768w, https:\/\/www.radicicarpet.it\/app\/uploads\/2023\/10\/2-7-1325x1536.webp 1325w, https:\/\/www.radicicarpet.it\/app\/uploads\/2023\/10\/2-7-1767x2048.webp 1767w, https:\/\/www.radicicarpet.it\/app\/uploads\/2023\/10\/2-7.webp 1800w\" sizes=\"(max-width: 884px) 100vw, 884px\" \/><\/figure>\n\n\n\n<p>Eines der von Radici auf der Messe pr\u00e4sentierten neuen Designs f\u00fcr textile Bodenbel\u00e4ge ist das von Modedesigner Arthur Arbesser entworfene Muster Tarton Doodles: eine moderne Neuinterpretation des klassischen schottischen Karomusters, das auf der dynamischen \u00dcberlagerung verschiedener Schichten basiert. Es \u00fcberlagern sich Welten und Visionen, die dazu einladen, sich in eine parallele Dimension von Raum und Zeit zu begeben, in der man mit jedem Blick neue Details und Formen entdecken kann. Tartan Doodles basiert auf dem ber\u00fchmten Schottenmuster: einem Netz aus vertikalen und horizontalen Linien auf einem unregelm\u00e4\u00dfigen Hintergrundmuster, das an Kritzeleien (auf Englisch \u201eDoodles\u201c) erinnert.<\/p>\n","protected":false},"excerpt":{"rendered":"<p>&#8220;Floor&#038;Wall a s\u00e9lectionn\u00e9 dix nouveaut\u00e9s expos\u00e9es lors de la MDW 2023, entre le Salone del Mobile et le Fuorisalone. <\/p>\n","protected":false},"featured_media":12874,"template":"","class_list":["post-12873","press","type-press","status-publish","has-post-thumbnail","hentry"],"acf":[],"yoast_head":"<!-- This site is optimized with the Yoast SEO plugin v27.5 - https:\/\/yoast.com\/product\/yoast-seo-wordpress\/ -->\n<title>Eine Ode an die Kreativit\u00e4t by Floor &amp; Wall | Radici<\/title>\n<meta name=\"description\" content=\"Floor&amp;Wall a s\u00e9lectionn\u00e9 dix nouveaut\u00e9s expos\u00e9es lors de la MDW 2023, entre le Salone del Mobile et le Fuorisalone. Le fil conducteur : l&#039;inventivit\u00e9, tant dans la recherche de nouveaux mat\u00e9riaux que dans l&#039;interpr\u00e9tation esth\u00e9tique.\" \/>\n<meta name=\"robots\" content=\"index, follow, max-snippet:-1, max-image-preview:large, max-video-preview:-1\" \/>\n<link rel=\"canonical\" href=\"https:\/\/www.radicicarpet.it\/de\/press\/inno-alla-creativita-by-floor-wall\/\" \/>\n<meta property=\"og:locale\" content=\"de_DE\" \/>\n<meta property=\"og:type\" content=\"article\" \/>\n<meta property=\"og:title\" content=\"Eine Ode an die Kreativit\u00e4t by Floor &amp; Wall | Radici\" \/>\n<meta property=\"og:description\" content=\"Floor&amp;Wall a s\u00e9lectionn\u00e9 dix nouveaut\u00e9s expos\u00e9es lors de la MDW 2023, entre le Salone del Mobile et le Fuorisalone. Le fil conducteur : l&#039;inventivit\u00e9, tant dans la recherche de nouveaux mat\u00e9riaux que dans l&#039;interpr\u00e9tation esth\u00e9tique.\" \/>\n<meta property=\"og:url\" content=\"https:\/\/www.radicicarpet.it\/de\/press\/inno-alla-creativita-by-floor-wall\/\" \/>\n<meta property=\"og:site_name\" content=\"Radici\" \/>\n<meta property=\"article:modified_time\" content=\"2023-12-22T12:50:05+00:00\" \/>\n<meta property=\"og:image\" content=\"https:\/\/www.radicicarpet.it\/app\/uploads\/2023\/10\/Copertina.png\" \/>\n\t<meta property=\"og:image:width\" content=\"625\" \/>\n\t<meta property=\"og:image:height\" content=\"735\" \/>\n\t<meta property=\"og:image:type\" content=\"image\/png\" \/>\n<meta name=\"twitter:card\" content=\"summary_large_image\" \/>\n<meta name=\"twitter:label1\" content=\"Est. reading time\" \/>\n\t<meta name=\"twitter:data1\" content=\"2 minutes\" \/>\n<script type=\"application\/ld+json\" class=\"yoast-schema-graph\">{\"@context\":\"https:\\\/\\\/schema.org\",\"@graph\":[{\"@type\":\"WebPage\",\"@id\":\"https:\\\/\\\/www.radicicarpet.it\\\/de\\\/press\\\/inno-alla-creativita-by-floor-wall\\\/\",\"url\":\"https:\\\/\\\/www.radicicarpet.it\\\/de\\\/press\\\/inno-alla-creativita-by-floor-wall\\\/\",\"name\":\"Eine Ode an die Kreativit\u00e4t by Floor &amp; Wall | Radici\",\"isPartOf\":{\"@id\":\"https:\\\/\\\/www.radicicarpet.it\\\/de\\\/#website\"},\"primaryImageOfPage\":{\"@id\":\"https:\\\/\\\/www.radicicarpet.it\\\/de\\\/press\\\/inno-alla-creativita-by-floor-wall\\\/#primaryimage\"},\"image\":{\"@id\":\"https:\\\/\\\/www.radicicarpet.it\\\/de\\\/press\\\/inno-alla-creativita-by-floor-wall\\\/#primaryimage\"},\"thumbnailUrl\":\"https:\\\/\\\/www.radicicarpet.it\\\/app\\\/uploads\\\/2023\\\/10\\\/Copertina.png\",\"datePublished\":\"2023-03-01T14:12:00+00:00\",\"dateModified\":\"2023-12-22T12:50:05+00:00\",\"description\":\"Floor&Wall a s\u00e9lectionn\u00e9 dix nouveaut\u00e9s expos\u00e9es lors de la MDW 2023, entre le Salone del Mobile et le Fuorisalone. Le fil conducteur : l'inventivit\u00e9, tant dans la recherche de nouveaux mat\u00e9riaux que dans l'interpr\u00e9tation esth\u00e9tique.\",\"breadcrumb\":{\"@id\":\"https:\\\/\\\/www.radicicarpet.it\\\/de\\\/press\\\/inno-alla-creativita-by-floor-wall\\\/#breadcrumb\"},\"inLanguage\":\"de-DE\",\"potentialAction\":[{\"@type\":\"ReadAction\",\"target\":[\"https:\\\/\\\/www.radicicarpet.it\\\/de\\\/press\\\/inno-alla-creativita-by-floor-wall\\\/\"]}]},{\"@type\":\"ImageObject\",\"inLanguage\":\"de-DE\",\"@id\":\"https:\\\/\\\/www.radicicarpet.it\\\/de\\\/press\\\/inno-alla-creativita-by-floor-wall\\\/#primaryimage\",\"url\":\"https:\\\/\\\/www.radicicarpet.it\\\/app\\\/uploads\\\/2023\\\/10\\\/Copertina.png\",\"contentUrl\":\"https:\\\/\\\/www.radicicarpet.it\\\/app\\\/uploads\\\/2023\\\/10\\\/Copertina.png\",\"width\":625,\"height\":735},{\"@type\":\"BreadcrumbList\",\"@id\":\"https:\\\/\\\/www.radicicarpet.it\\\/de\\\/press\\\/inno-alla-creativita-by-floor-wall\\\/#breadcrumb\",\"itemListElement\":[{\"@type\":\"ListItem\",\"position\":1,\"name\":\"Home\",\"item\":\"https:\\\/\\\/www.radicicarpet.it\\\/de\\\/\"},{\"@type\":\"ListItem\",\"position\":2,\"name\":\"Press\",\"item\":\"https:\\\/\\\/www.radicicarpet.it\\\/de\\\/press\\\/\"},{\"@type\":\"ListItem\",\"position\":3,\"name\":\"Eine Ode an die Kreativit\u00e4t by Floor &amp; Wall\"}]},{\"@type\":\"WebSite\",\"@id\":\"https:\\\/\\\/www.radicicarpet.it\\\/de\\\/#website\",\"url\":\"https:\\\/\\\/www.radicicarpet.it\\\/de\\\/\",\"name\":\"Radici Moquette\",\"description\":\"\",\"potentialAction\":[{\"@type\":\"SearchAction\",\"target\":{\"@type\":\"EntryPoint\",\"urlTemplate\":\"https:\\\/\\\/www.radicicarpet.it\\\/de\\\/?s={search_term_string}\"},\"query-input\":{\"@type\":\"PropertyValueSpecification\",\"valueRequired\":true,\"valueName\":\"search_term_string\"}}],\"inLanguage\":\"de-DE\"}]}<\/script>\n<!-- \/ Yoast SEO plugin. -->","yoast_head_json":{"title":"Eine Ode an die Kreativit\u00e4t by Floor &amp; Wall | Radici","description":"Floor&Wall a s\u00e9lectionn\u00e9 dix nouveaut\u00e9s expos\u00e9es lors de la MDW 2023, entre le Salone del Mobile et le Fuorisalone. Le fil conducteur : l'inventivit\u00e9, tant dans la recherche de nouveaux mat\u00e9riaux que dans l'interpr\u00e9tation esth\u00e9tique.","robots":{"index":"index","follow":"follow","max-snippet":"max-snippet:-1","max-image-preview":"max-image-preview:large","max-video-preview":"max-video-preview:-1"},"canonical":"https:\/\/www.radicicarpet.it\/de\/press\/inno-alla-creativita-by-floor-wall\/","og_locale":"de_DE","og_type":"article","og_title":"Eine Ode an die Kreativit\u00e4t by Floor &amp; Wall | Radici","og_description":"Floor&Wall a s\u00e9lectionn\u00e9 dix nouveaut\u00e9s expos\u00e9es lors de la MDW 2023, entre le Salone del Mobile et le Fuorisalone. Le fil conducteur : l'inventivit\u00e9, tant dans la recherche de nouveaux mat\u00e9riaux que dans l'interpr\u00e9tation esth\u00e9tique.","og_url":"https:\/\/www.radicicarpet.it\/de\/press\/inno-alla-creativita-by-floor-wall\/","og_site_name":"Radici","article_modified_time":"2023-12-22T12:50:05+00:00","og_image":[{"width":625,"height":735,"url":"https:\/\/www.radicicarpet.it\/app\/uploads\/2023\/10\/Copertina.png","type":"image\/png"}],"twitter_card":"summary_large_image","twitter_misc":{"Est. reading time":"2 minutes"},"schema":{"@context":"https:\/\/schema.org","@graph":[{"@type":"WebPage","@id":"https:\/\/www.radicicarpet.it\/de\/press\/inno-alla-creativita-by-floor-wall\/","url":"https:\/\/www.radicicarpet.it\/de\/press\/inno-alla-creativita-by-floor-wall\/","name":"Eine Ode an die Kreativit\u00e4t by Floor &amp; Wall | Radici","isPartOf":{"@id":"https:\/\/www.radicicarpet.it\/de\/#website"},"primaryImageOfPage":{"@id":"https:\/\/www.radicicarpet.it\/de\/press\/inno-alla-creativita-by-floor-wall\/#primaryimage"},"image":{"@id":"https:\/\/www.radicicarpet.it\/de\/press\/inno-alla-creativita-by-floor-wall\/#primaryimage"},"thumbnailUrl":"https:\/\/www.radicicarpet.it\/app\/uploads\/2023\/10\/Copertina.png","datePublished":"2023-03-01T14:12:00+00:00","dateModified":"2023-12-22T12:50:05+00:00","description":"Floor&Wall a s\u00e9lectionn\u00e9 dix nouveaut\u00e9s expos\u00e9es lors de la MDW 2023, entre le Salone del Mobile et le Fuorisalone. Le fil conducteur : l'inventivit\u00e9, tant dans la recherche de nouveaux mat\u00e9riaux que dans l'interpr\u00e9tation esth\u00e9tique.","breadcrumb":{"@id":"https:\/\/www.radicicarpet.it\/de\/press\/inno-alla-creativita-by-floor-wall\/#breadcrumb"},"inLanguage":"de-DE","potentialAction":[{"@type":"ReadAction","target":["https:\/\/www.radicicarpet.it\/de\/press\/inno-alla-creativita-by-floor-wall\/"]}]},{"@type":"ImageObject","inLanguage":"de-DE","@id":"https:\/\/www.radicicarpet.it\/de\/press\/inno-alla-creativita-by-floor-wall\/#primaryimage","url":"https:\/\/www.radicicarpet.it\/app\/uploads\/2023\/10\/Copertina.png","contentUrl":"https:\/\/www.radicicarpet.it\/app\/uploads\/2023\/10\/Copertina.png","width":625,"height":735},{"@type":"BreadcrumbList","@id":"https:\/\/www.radicicarpet.it\/de\/press\/inno-alla-creativita-by-floor-wall\/#breadcrumb","itemListElement":[{"@type":"ListItem","position":1,"name":"Home","item":"https:\/\/www.radicicarpet.it\/de\/"},{"@type":"ListItem","position":2,"name":"Press","item":"https:\/\/www.radicicarpet.it\/de\/press\/"},{"@type":"ListItem","position":3,"name":"Eine Ode an die Kreativit\u00e4t by Floor &amp; Wall"}]},{"@type":"WebSite","@id":"https:\/\/www.radicicarpet.it\/de\/#website","url":"https:\/\/www.radicicarpet.it\/de\/","name":"Radici Moquette","description":"","potentialAction":[{"@type":"SearchAction","target":{"@type":"EntryPoint","urlTemplate":"https:\/\/www.radicicarpet.it\/de\/?s={search_term_string}"},"query-input":{"@type":"PropertyValueSpecification","valueRequired":true,"valueName":"search_term_string"}}],"inLanguage":"de-DE"}]}},"_links":{"self":[{"href":"https:\/\/www.radicicarpet.it\/de\/wp-json\/wp\/v2\/press\/12873","targetHints":{"allow":["GET"]}}],"collection":[{"href":"https:\/\/www.radicicarpet.it\/de\/wp-json\/wp\/v2\/press"}],"about":[{"href":"https:\/\/www.radicicarpet.it\/de\/wp-json\/wp\/v2\/types\/press"}],"wp:featuredmedia":[{"embeddable":true,"href":"https:\/\/www.radicicarpet.it\/de\/wp-json\/wp\/v2\/media\/12874"}],"wp:attachment":[{"href":"https:\/\/www.radicicarpet.it\/de\/wp-json\/wp\/v2\/media?parent=12873"}],"curies":[{"name":"wp","href":"https:\/\/api.w.org\/{rel}","templated":true}]}}