{"id":12818,"date":"2023-05-01T09:53:00","date_gmt":"2023-05-01T07:53:00","guid":{"rendered":"https:\/\/www.radicicarpet.it\/press\/il-meglio-del-salone-internazionale-del-mobile-un-laboratorio-didee\/"},"modified":"2023-12-22T11:33:40","modified_gmt":"2023-12-22T10:33:40","slug":"il-meglio-del-salone-internazionale-del-mobile-un-laboratorio-didee","status":"publish","type":"press","link":"https:\/\/www.radicicarpet.it\/de\/press\/il-meglio-del-salone-internazionale-del-mobile-un-laboratorio-didee\/","title":{"rendered":"DAS BESTE DER INTERNATIONALEN MAIL\u00c4NDER M\u00d6BELMESSE \u201eSALONE DEL MOBILE 2023\u201c, EINES IDEENLABORS"},"content":{"rendered":"\n<p><strong>AUF DER INTERNATIONALEN B\u00dcHNE WURDEN DIE NEUESTEN INNOVATIONEN AUS DEM BEREICH DER M\u00d6BEL- UND RAUMGESTALTUNG ALS ERGEBNIS VON FORSCHUNG UND EXPERIMENTEN PR\u00c4SENTIERT<\/strong><\/p>\n\n\n\n<p>Industrielle Schneiderei, handwerkliches Know-how und ein besonderes Augenmerk auf das \u201eMade in Italy\u201c: Die 61. Ausgabe der Mail\u00e4nder M\u00f6belmesse \u201eSalone del Mobile\u201c sowie die Begleitveranstaltung, die Mail\u00e4nder Designwoche, werden als Ereignisse von internationaler Bedeutung best\u00e4tigt, die als Orte der Begegnung und des Austauschs dienen und die M\u00f6glichkeit bieten, sich mit der Bedeutung des Designs und der Raumgestaltung auseinanderzusetzen.<\/p>\n\n\n\n<figure class=\"wp-block-image size-large\"><img decoding=\"async\" width=\"768\" height=\"1024\" src=\"https:\/\/www.radicicarpet.it\/app\/uploads\/2023\/10\/2-16-768x1024.webp\" alt=\"Il meglio del Salone internazionale del mobile, un laboratorio d'idee\" class=\"wp-image-8951\" srcset=\"https:\/\/www.radicicarpet.it\/app\/uploads\/2023\/10\/2-16-768x1024.webp 768w, https:\/\/www.radicicarpet.it\/app\/uploads\/2023\/10\/2-16-225x300.webp 225w, https:\/\/www.radicicarpet.it\/app\/uploads\/2023\/10\/2-16-1152x1536.webp 1152w, https:\/\/www.radicicarpet.it\/app\/uploads\/2023\/10\/2-16-1536x2048.webp 1536w, https:\/\/www.radicicarpet.it\/app\/uploads\/2023\/10\/2-16.webp 1800w\" sizes=\"(max-width: 768px) 100vw, 768px\" \/><\/figure>\n\n\n\n<p>Radici \u00f6ffnet seine T\u00fcren f\u00fcr die Kreativit\u00e4t und Vision kreativer K\u00f6pfe aus der Welt des Designs, der Mode und der Architektur. Das Unternehmen pr\u00e4sentiert textile Bodenbel\u00e4ge, die von Chiara Andreatti, Arthur Arbesser und dem DWA Design Studio entworfen wurden: Kaleidoskopische Muster wie Traffic und Kink und das Spiel mit kontrastierenden Farbt\u00f6nen und Mustern wie Tartan Doodles und Sponge.<\/p>\n\n\n\n<p><\/p>\n","protected":false},"excerpt":{"rendered":"<p>Industrielle Schneiderei, handwerkliches Know-how und ein besonderes Augenmerk auf das \u201eMade in Italy\u201c: Die 61. Ausgabe der Mail\u00e4nder M\u00f6belmesse \u201eSalone del Mobile\u201c sowie die Begleitveranstaltung, die Mail\u00e4nder Designwoche, werden als Ereignisse von internationaler Bedeutung best\u00e4tigt, die als Orte der Begegnung und des Austauschs dienen und die M\u00f6glichkeit bieten, sich mit der Bedeutung des Designs und der Raumgestaltung auseinanderzusetzen.<\/p>\n","protected":false},"featured_media":12820,"template":"","class_list":["post-12818","press","type-press","status-publish","has-post-thumbnail","hentry"],"acf":[],"yoast_head":"<!-- This site is optimized with the Yoast SEO plugin v27.2 - https:\/\/yoast.com\/product\/yoast-seo-wordpress\/ -->\n<title>DAS BESTE DER INTERNATIONALEN MAIL\u00c4NDER M\u00d6BELMESSE \u201eSALONE DEL MOBILE 2023\u201c, EINES IDEENLABORS | Radici<\/title>\n<meta name=\"description\" content=\"Industrielle Schneiderei, handwerkliches Know-how und ein besonderes Augenmerk auf das \u201eMade in Italy\u201c: Die 61. Ausgabe der Mail\u00e4nder M\u00f6belmesse \u201eSalone del Mobile\u201c sowie die Begleitveranstaltung, die Mail\u00e4nder Designwoche, werden als Ereignisse von internationaler Bedeutung best\u00e4tigt, die als Orte der Begegnung und des Austauschs dienen und die M\u00f6glichkeit bieten, sich mit der Bedeutung des Designs und der Raumgestaltung auseinanderzusetzen.\" \/>\n<meta name=\"robots\" content=\"index, follow, max-snippet:-1, max-image-preview:large, max-video-preview:-1\" \/>\n<link rel=\"canonical\" href=\"https:\/\/www.radicicarpet.it\/de\/press\/il-meglio-del-salone-internazionale-del-mobile-un-laboratorio-didee\/\" \/>\n<meta property=\"og:locale\" content=\"de_DE\" \/>\n<meta property=\"og:type\" content=\"article\" \/>\n<meta property=\"og:title\" content=\"DAS BESTE DER INTERNATIONALEN MAIL\u00c4NDER M\u00d6BELMESSE \u201eSALONE DEL MOBILE 2023\u201c, EINES IDEENLABORS | Radici\" \/>\n<meta property=\"og:description\" content=\"Industrielle Schneiderei, handwerkliches Know-how und ein besonderes Augenmerk auf das \u201eMade in Italy\u201c: Die 61. Ausgabe der Mail\u00e4nder M\u00f6belmesse \u201eSalone del Mobile\u201c sowie die Begleitveranstaltung, die Mail\u00e4nder Designwoche, werden als Ereignisse von internationaler Bedeutung best\u00e4tigt, die als Orte der Begegnung und des Austauschs dienen und die M\u00f6glichkeit bieten, sich mit der Bedeutung des Designs und der Raumgestaltung auseinanderzusetzen.\" \/>\n<meta property=\"og:url\" content=\"https:\/\/www.radicicarpet.it\/de\/press\/il-meglio-del-salone-internazionale-del-mobile-un-laboratorio-didee\/\" \/>\n<meta property=\"og:site_name\" content=\"Radici\" \/>\n<meta property=\"article:modified_time\" content=\"2023-12-22T10:33:40+00:00\" \/>\n<meta property=\"og:image\" content=\"https:\/\/www.radicicarpet.it\/app\/uploads\/2023\/05\/Copertina.jpg\" \/>\n\t<meta property=\"og:image:width\" content=\"1428\" \/>\n\t<meta property=\"og:image:height\" content=\"2000\" \/>\n\t<meta property=\"og:image:type\" content=\"image\/jpeg\" \/>\n<meta name=\"twitter:card\" content=\"summary_large_image\" \/>\n<meta name=\"twitter:label1\" content=\"Est. reading time\" \/>\n\t<meta name=\"twitter:data1\" content=\"1 minute\" \/>\n<script type=\"application\/ld+json\" class=\"yoast-schema-graph\">{\"@context\":\"https:\/\/schema.org\",\"@graph\":[{\"@type\":\"WebPage\",\"@id\":\"https:\/\/www.radicicarpet.it\/de\/press\/il-meglio-del-salone-internazionale-del-mobile-un-laboratorio-didee\/\",\"url\":\"https:\/\/www.radicicarpet.it\/de\/press\/il-meglio-del-salone-internazionale-del-mobile-un-laboratorio-didee\/\",\"name\":\"DAS BESTE DER INTERNATIONALEN MAIL\u00c4NDER M\u00d6BELMESSE \u201eSALONE DEL MOBILE 2023\u201c, EINES IDEENLABORS | Radici\",\"isPartOf\":{\"@id\":\"https:\/\/www.radicicarpet.it\/de\/#website\"},\"primaryImageOfPage\":{\"@id\":\"https:\/\/www.radicicarpet.it\/de\/press\/il-meglio-del-salone-internazionale-del-mobile-un-laboratorio-didee\/#primaryimage\"},\"image\":{\"@id\":\"https:\/\/www.radicicarpet.it\/de\/press\/il-meglio-del-salone-internazionale-del-mobile-un-laboratorio-didee\/#primaryimage\"},\"thumbnailUrl\":\"https:\/\/www.radicicarpet.it\/app\/uploads\/2023\/05\/Copertina.jpg\",\"datePublished\":\"2023-05-01T07:53:00+00:00\",\"dateModified\":\"2023-12-22T10:33:40+00:00\",\"description\":\"Industrielle Schneiderei, handwerkliches Know-how und ein besonderes Augenmerk auf das \u201eMade in Italy\u201c: Die 61. Ausgabe der Mail\u00e4nder M\u00f6belmesse \u201eSalone del Mobile\u201c sowie die Begleitveranstaltung, die Mail\u00e4nder Designwoche, werden als Ereignisse von internationaler Bedeutung best\u00e4tigt, die als Orte der Begegnung und des Austauschs dienen und die M\u00f6glichkeit bieten, sich mit der Bedeutung des Designs und der Raumgestaltung auseinanderzusetzen.\",\"breadcrumb\":{\"@id\":\"https:\/\/www.radicicarpet.it\/de\/press\/il-meglio-del-salone-internazionale-del-mobile-un-laboratorio-didee\/#breadcrumb\"},\"inLanguage\":\"de-DE\",\"potentialAction\":[{\"@type\":\"ReadAction\",\"target\":[\"https:\/\/www.radicicarpet.it\/de\/press\/il-meglio-del-salone-internazionale-del-mobile-un-laboratorio-didee\/\"]}]},{\"@type\":\"ImageObject\",\"inLanguage\":\"de-DE\",\"@id\":\"https:\/\/www.radicicarpet.it\/de\/press\/il-meglio-del-salone-internazionale-del-mobile-un-laboratorio-didee\/#primaryimage\",\"url\":\"https:\/\/www.radicicarpet.it\/app\/uploads\/2023\/05\/Copertina.jpg\",\"contentUrl\":\"https:\/\/www.radicicarpet.it\/app\/uploads\/2023\/05\/Copertina.jpg\",\"width\":1428,\"height\":2000},{\"@type\":\"BreadcrumbList\",\"@id\":\"https:\/\/www.radicicarpet.it\/de\/press\/il-meglio-del-salone-internazionale-del-mobile-un-laboratorio-didee\/#breadcrumb\",\"itemListElement\":[{\"@type\":\"ListItem\",\"position\":1,\"name\":\"Home\",\"item\":\"https:\/\/www.radicicarpet.it\/de\/\"},{\"@type\":\"ListItem\",\"position\":2,\"name\":\"Press\",\"item\":\"https:\/\/www.radicicarpet.it\/de\/press\/\"},{\"@type\":\"ListItem\",\"position\":3,\"name\":\"DAS BESTE DER INTERNATIONALEN MAIL\u00c4NDER M\u00d6BELMESSE \u201eSALONE DEL MOBILE 2023\u201c, EINES IDEENLABORS\"}]},{\"@type\":\"WebSite\",\"@id\":\"https:\/\/www.radicicarpet.it\/de\/#website\",\"url\":\"https:\/\/www.radicicarpet.it\/de\/\",\"name\":\"Radici Moquette\",\"description\":\"\",\"potentialAction\":[{\"@type\":\"SearchAction\",\"target\":{\"@type\":\"EntryPoint\",\"urlTemplate\":\"https:\/\/www.radicicarpet.it\/de\/?s={search_term_string}\"},\"query-input\":{\"@type\":\"PropertyValueSpecification\",\"valueRequired\":true,\"valueName\":\"search_term_string\"}}],\"inLanguage\":\"de-DE\"}]}<\/script>\n<!-- \/ Yoast SEO plugin. -->","yoast_head_json":{"title":"DAS BESTE DER INTERNATIONALEN MAIL\u00c4NDER M\u00d6BELMESSE \u201eSALONE DEL MOBILE 2023\u201c, EINES IDEENLABORS | Radici","description":"Industrielle Schneiderei, handwerkliches Know-how und ein besonderes Augenmerk auf das \u201eMade in Italy\u201c: Die 61. Ausgabe der Mail\u00e4nder M\u00f6belmesse \u201eSalone del Mobile\u201c sowie die Begleitveranstaltung, die Mail\u00e4nder Designwoche, werden als Ereignisse von internationaler Bedeutung best\u00e4tigt, die als Orte der Begegnung und des Austauschs dienen und die M\u00f6glichkeit bieten, sich mit der Bedeutung des Designs und der Raumgestaltung auseinanderzusetzen.","robots":{"index":"index","follow":"follow","max-snippet":"max-snippet:-1","max-image-preview":"max-image-preview:large","max-video-preview":"max-video-preview:-1"},"canonical":"https:\/\/www.radicicarpet.it\/de\/press\/il-meglio-del-salone-internazionale-del-mobile-un-laboratorio-didee\/","og_locale":"de_DE","og_type":"article","og_title":"DAS BESTE DER INTERNATIONALEN MAIL\u00c4NDER M\u00d6BELMESSE \u201eSALONE DEL MOBILE 2023\u201c, EINES IDEENLABORS | Radici","og_description":"Industrielle Schneiderei, handwerkliches Know-how und ein besonderes Augenmerk auf das \u201eMade in Italy\u201c: Die 61. Ausgabe der Mail\u00e4nder M\u00f6belmesse \u201eSalone del Mobile\u201c sowie die Begleitveranstaltung, die Mail\u00e4nder Designwoche, werden als Ereignisse von internationaler Bedeutung best\u00e4tigt, die als Orte der Begegnung und des Austauschs dienen und die M\u00f6glichkeit bieten, sich mit der Bedeutung des Designs und der Raumgestaltung auseinanderzusetzen.","og_url":"https:\/\/www.radicicarpet.it\/de\/press\/il-meglio-del-salone-internazionale-del-mobile-un-laboratorio-didee\/","og_site_name":"Radici","article_modified_time":"2023-12-22T10:33:40+00:00","og_image":[{"width":1428,"height":2000,"url":"https:\/\/www.radicicarpet.it\/app\/uploads\/2023\/05\/Copertina.jpg","type":"image\/jpeg"}],"twitter_card":"summary_large_image","twitter_misc":{"Est. reading time":"1 minute"},"schema":{"@context":"https:\/\/schema.org","@graph":[{"@type":"WebPage","@id":"https:\/\/www.radicicarpet.it\/de\/press\/il-meglio-del-salone-internazionale-del-mobile-un-laboratorio-didee\/","url":"https:\/\/www.radicicarpet.it\/de\/press\/il-meglio-del-salone-internazionale-del-mobile-un-laboratorio-didee\/","name":"DAS BESTE DER INTERNATIONALEN MAIL\u00c4NDER M\u00d6BELMESSE \u201eSALONE DEL MOBILE 2023\u201c, EINES IDEENLABORS | Radici","isPartOf":{"@id":"https:\/\/www.radicicarpet.it\/de\/#website"},"primaryImageOfPage":{"@id":"https:\/\/www.radicicarpet.it\/de\/press\/il-meglio-del-salone-internazionale-del-mobile-un-laboratorio-didee\/#primaryimage"},"image":{"@id":"https:\/\/www.radicicarpet.it\/de\/press\/il-meglio-del-salone-internazionale-del-mobile-un-laboratorio-didee\/#primaryimage"},"thumbnailUrl":"https:\/\/www.radicicarpet.it\/app\/uploads\/2023\/05\/Copertina.jpg","datePublished":"2023-05-01T07:53:00+00:00","dateModified":"2023-12-22T10:33:40+00:00","description":"Industrielle Schneiderei, handwerkliches Know-how und ein besonderes Augenmerk auf das \u201eMade in Italy\u201c: Die 61. Ausgabe der Mail\u00e4nder M\u00f6belmesse \u201eSalone del Mobile\u201c sowie die Begleitveranstaltung, die Mail\u00e4nder Designwoche, werden als Ereignisse von internationaler Bedeutung best\u00e4tigt, die als Orte der Begegnung und des Austauschs dienen und die M\u00f6glichkeit bieten, sich mit der Bedeutung des Designs und der Raumgestaltung auseinanderzusetzen.","breadcrumb":{"@id":"https:\/\/www.radicicarpet.it\/de\/press\/il-meglio-del-salone-internazionale-del-mobile-un-laboratorio-didee\/#breadcrumb"},"inLanguage":"de-DE","potentialAction":[{"@type":"ReadAction","target":["https:\/\/www.radicicarpet.it\/de\/press\/il-meglio-del-salone-internazionale-del-mobile-un-laboratorio-didee\/"]}]},{"@type":"ImageObject","inLanguage":"de-DE","@id":"https:\/\/www.radicicarpet.it\/de\/press\/il-meglio-del-salone-internazionale-del-mobile-un-laboratorio-didee\/#primaryimage","url":"https:\/\/www.radicicarpet.it\/app\/uploads\/2023\/05\/Copertina.jpg","contentUrl":"https:\/\/www.radicicarpet.it\/app\/uploads\/2023\/05\/Copertina.jpg","width":1428,"height":2000},{"@type":"BreadcrumbList","@id":"https:\/\/www.radicicarpet.it\/de\/press\/il-meglio-del-salone-internazionale-del-mobile-un-laboratorio-didee\/#breadcrumb","itemListElement":[{"@type":"ListItem","position":1,"name":"Home","item":"https:\/\/www.radicicarpet.it\/de\/"},{"@type":"ListItem","position":2,"name":"Press","item":"https:\/\/www.radicicarpet.it\/de\/press\/"},{"@type":"ListItem","position":3,"name":"DAS BESTE DER INTERNATIONALEN MAIL\u00c4NDER M\u00d6BELMESSE \u201eSALONE DEL MOBILE 2023\u201c, EINES IDEENLABORS"}]},{"@type":"WebSite","@id":"https:\/\/www.radicicarpet.it\/de\/#website","url":"https:\/\/www.radicicarpet.it\/de\/","name":"Radici Moquette","description":"","potentialAction":[{"@type":"SearchAction","target":{"@type":"EntryPoint","urlTemplate":"https:\/\/www.radicicarpet.it\/de\/?s={search_term_string}"},"query-input":{"@type":"PropertyValueSpecification","valueRequired":true,"valueName":"search_term_string"}}],"inLanguage":"de-DE"}]}},"_links":{"self":[{"href":"https:\/\/www.radicicarpet.it\/de\/wp-json\/wp\/v2\/press\/12818","targetHints":{"allow":["GET"]}}],"collection":[{"href":"https:\/\/www.radicicarpet.it\/de\/wp-json\/wp\/v2\/press"}],"about":[{"href":"https:\/\/www.radicicarpet.it\/de\/wp-json\/wp\/v2\/types\/press"}],"wp:featuredmedia":[{"embeddable":true,"href":"https:\/\/www.radicicarpet.it\/de\/wp-json\/wp\/v2\/media\/12820"}],"wp:attachment":[{"href":"https:\/\/www.radicicarpet.it\/de\/wp-json\/wp\/v2\/media?parent=12818"}],"curies":[{"name":"wp","href":"https:\/\/api.w.org\/{rel}","templated":true}]}}