{"id":23635,"date":"2026-09-02T10:03:00","date_gmt":"2026-09-02T08:03:00","guid":{"rendered":"https:\/\/www.radicicarpet.it\/news-de\/pavimento-acustico\/"},"modified":"2026-07-02T10:25:13","modified_gmt":"2026-07-02T08:25:13","slug":"akustischer-bodenbelag","status":"publish","type":"post","link":"https:\/\/www.radicicarpet.it\/de\/news-de\/akustischer-bodenbelag\/","title":{"rendered":"Akustischer Bodenbelag: Mehr akustischer Komfort f\u00fcr Innenr\u00e4ume"},"content":{"rendered":"\n<figure class=\"wp-block-gallery has-nested-images columns-default is-cropped wp-block-gallery-1 is-layout-flex wp-block-gallery-is-layout-flex\">\n<figure class=\"wp-block-image size-large\"><img decoding=\"async\" width=\"1024\" height=\"683\" data-id=\"20485\" src=\"https:\/\/www.radicicarpet.it\/app\/uploads\/2025\/04\/Stone-Island-02-1024x683.webp\" alt=\"Textile Bodenbel\u00e4ge zur Reduzierung von Trittschall und f\u00fcr mehr akustischen Komfort\" class=\"wp-image-20485\" srcset=\"https:\/\/www.radicicarpet.it\/app\/uploads\/2025\/04\/Stone-Island-02-1024x683.webp 1024w, https:\/\/www.radicicarpet.it\/app\/uploads\/2025\/04\/Stone-Island-02-300x200.webp 300w, https:\/\/www.radicicarpet.it\/app\/uploads\/2025\/04\/Stone-Island-02-768x512.webp 768w, https:\/\/www.radicicarpet.it\/app\/uploads\/2025\/04\/Stone-Island-02-1536x1024.webp 1536w, https:\/\/www.radicicarpet.it\/app\/uploads\/2025\/04\/Stone-Island-02-2048x1365.webp 2048w\" sizes=\"(max-width: 1024px) 100vw, 1024px\" \/><\/figure>\n\n\n\n<figure class=\"wp-block-image size-large\"><img decoding=\"async\" width=\"1024\" height=\"683\" data-id=\"20481\" src=\"https:\/\/www.radicicarpet.it\/app\/uploads\/2025\/04\/Stone-Island-01-1024x683.webp\" alt=\"Radici Carpet L\u00f6sung mit Geotextilr\u00fccken f\u00fcr mehr akustischen Komfort in Innenr\u00e4umen\" class=\"wp-image-20481\" srcset=\"https:\/\/www.radicicarpet.it\/app\/uploads\/2025\/04\/Stone-Island-01-1024x683.webp 1024w, https:\/\/www.radicicarpet.it\/app\/uploads\/2025\/04\/Stone-Island-01-300x200.webp 300w, https:\/\/www.radicicarpet.it\/app\/uploads\/2025\/04\/Stone-Island-01-768x512.webp 768w, https:\/\/www.radicicarpet.it\/app\/uploads\/2025\/04\/Stone-Island-01-1536x1024.webp 1536w, https:\/\/www.radicicarpet.it\/app\/uploads\/2025\/04\/Stone-Island-01-2048x1365.webp 2048w\" sizes=\"(max-width: 1024px) 100vw, 1024px\" \/><\/figure>\n<\/figure>\n\n\n\n<h2 class=\"wp-block-heading\">Was versteht man unter einem akustischen Bodenbelag?<\/h2>\n\n\n\n<p class=\"wp-block-paragraph\">Unter einem akustischen Bodenbelag versteht man eine L\u00f6sung, die dazu beitr\u00e4gt, den Ger\u00e4uschpegel innerhalb eines Geb\u00e4udes zu kontrollieren. Um ihre Funktionsweise zu verstehen, ist es hilfreich, zwischen zwei Begriffen zu unterscheiden, die h\u00e4ufig verwechselt werden: Schallabsorption und Schalld\u00e4mmung.<\/p>\n\n\n\n<p class=\"wp-block-paragraph\">Schallabsorption beschreibt die F\u00e4higkeit eines Materials, einen Teil der Schallenergie aufzunehmen, wodurch Nachhall reduziert und die Raumakustik verbessert wird. Schalld\u00e4mmung hingegen bezeichnet die F\u00e4higkeit, die \u00dcbertragung von Ger\u00e4uschen zwischen verschiedenen R\u00e4umen zu verringern.<\/p>\n\n\n\n<p class=\"wp-block-paragraph\">Beide Eigenschaften tragen zum akustischen Komfort bei, wirken jedoch auf unterschiedliche Weise.<\/p>\n\n\n\n<p class=\"wp-block-paragraph\">Bei der akustischen Planung werden au\u00dferdem verschiedene Arten von Ger\u00e4uschen ber\u00fccksichtigt: Luftschall wie Stimmen oder Musik, Trittschall durch Schritte sowie Nachhall, also das Fortbestehen eines Schalls im Raum, nachdem die Schallquelle verstummt ist.<\/p>\n\n\n\n<p class=\"wp-block-paragraph\">Die Leistung wird \u00fcblicherweise anhand spezifischer Kennwerte angegeben, darunter Dezibel (dB), der \u0394Lw-Wert zur Bewertung der Trittschallminderung sowie der Schallabsorptionsgrad \u03b1w, der die schallabsorbierende Wirkung eines Materials beschreibt.<\/p>\n\n\n\n<h2 class=\"wp-block-heading\">Warum Teppichboden von Natur aus ein akustischer Bodenbelag ist<\/h2>\n\n\n\n<p class=\"wp-block-paragraph\">Unter den verschiedenen Bodenbel\u00e4gen besitzt Teppichboden Eigenschaften, die ihn von Natur aus besonders leistungsf\u00e4hig im Bereich der Akustik machen.<\/p>\n\n\n\n<p class=\"wp-block-paragraph\">Seine faserige Struktur besteht aus Tausenden von Fasern, die zusammen mit der zwischen ihnen eingeschlossenen Luft einen Teil der Schallenergie absorbieren. Im Gegensatz zu harten Oberfl\u00e4chen, die Schall reflektieren, tr\u00e4gt textile Bodenbel\u00e4ge dazu bei, den Nachhall zu reduzieren und eine angenehmere Raumakustik zu schaffen.<\/p>\n\n\n\n<p class=\"wp-block-paragraph\">Auch der Pol spielt dabei eine wichtige Rolle. Seine unregelm\u00e4\u00dfige Oberfl\u00e4che f\u00f6rdert die Streuung der Schallwellen und tr\u00e4gt dazu bei, ihre Ausbreitung innerhalb des Raumes zu begrenzen.<\/p>\n\n\n\n<p class=\"wp-block-paragraph\">Das Ergebnis ist eine ausgewogenere akustische Wahrnehmung, die besonders in Hotels, Arbeitswelten und Entertainment-Bereichen gesch\u00e4tzt wird.<\/p>\n\n\n\n<h2 class=\"wp-block-heading\">Wie stark kann Teppichboden den L\u00e4rm reduzieren?<\/h2>\n\n\n\n<p class=\"wp-block-paragraph\">Die akustische Leistungsf\u00e4higkeit eines textilen Bodenbelags h\u00e4ngt von verschiedenen Faktoren ab, darunter der Konstruktion des Produkts, dem Fl\u00e4chengewicht des Garns und der Art des eingesetzten R\u00fcckenmaterials.<\/p>\n\n\n\n<p class=\"wp-block-paragraph\">Der Beitrag von Teppichboden zum akustischen Komfort ist bereits beim ersten Schritt sp\u00fcrbar. In Kombination mit Geotextilr\u00fccken, die speziell zur Verbesserung der Schallabsorption entwickelt wurden, l\u00e4sst sich dieser Effekt weiter verst\u00e4rken, wodurch der Bodenbelag zu einem integralen Bestandteil des akustischen Gesamtkonzepts wird.<\/p>\n\n\n\n<p class=\"wp-block-paragraph\">Viele Kollektionen von Radici Carpet k\u00f6nnen mit Geotextilr\u00fccken unterschiedlicher Gewichte und technischer Eigenschaften kombiniert werden, wodurch die Trittschallminderung deutlich verbessert wird. Je nach gew\u00e4hlter Ausf\u00fchrung kann die Reduzierung des Trittschalls Werte zwischen <strong>23 und 34 dB<\/strong> erreichen.<\/p>\n\n\n\n<p class=\"wp-block-paragraph\">Neben der Verringerung des Trittschalls tr\u00e4gt Teppichboden auch dazu bei, den Nachhall zu reduzieren, die wahrgenommene Raumakustik zu verbessern und die Sprachverst\u00e4ndlichkeit in gemeinsam genutzten Bereichen zu erh\u00f6hen.<\/p>\n\n\n\n<figure class=\"wp-block-gallery has-nested-images columns-default is-cropped wp-block-gallery-2 is-layout-flex wp-block-gallery-is-layout-flex\">\n<figure class=\"wp-block-image size-large\"><img decoding=\"async\" width=\"1024\" height=\"674\" data-id=\"22176\" src=\"https:\/\/www.radicicarpet.it\/app\/uploads\/2025\/06\/heritage-hotel-porin-makarska-makarska-photo-11-1024x674.jpg\" alt=\"Teppichboden f\u00fcr Hotelflure und G\u00e4stezimmer mit hervorragender akustischer Leistung\" class=\"wp-image-22176\" srcset=\"https:\/\/www.radicicarpet.it\/app\/uploads\/2025\/06\/heritage-hotel-porin-makarska-makarska-photo-11-1024x674.jpg 1024w, https:\/\/www.radicicarpet.it\/app\/uploads\/2025\/06\/heritage-hotel-porin-makarska-makarska-photo-11-300x197.jpg 300w, https:\/\/www.radicicarpet.it\/app\/uploads\/2025\/06\/heritage-hotel-porin-makarska-makarska-photo-11-768x506.jpg 768w, https:\/\/www.radicicarpet.it\/app\/uploads\/2025\/06\/heritage-hotel-porin-makarska-makarska-photo-11-1536x1011.jpg 1536w, https:\/\/www.radicicarpet.it\/app\/uploads\/2025\/06\/heritage-hotel-porin-makarska-makarska-photo-11-2048x1348.jpg 2048w\" sizes=\"(max-width: 1024px) 100vw, 1024px\" \/><\/figure>\n\n\n\n<figure class=\"wp-block-image size-large\"><img decoding=\"async\" width=\"515\" height=\"353\" data-id=\"21785\" src=\"https:\/\/www.radicicarpet.it\/app\/uploads\/2025\/09\/9g0OhWZmMeuaJiTs2kxE.webp\" alt=\"Textile Bodenbel\u00e4ge f\u00fcr Kinos mit hohem akustischem Komfort und reduziertem Trittschall\" class=\"wp-image-21785\" srcset=\"https:\/\/www.radicicarpet.it\/app\/uploads\/2025\/09\/9g0OhWZmMeuaJiTs2kxE.webp 515w, https:\/\/www.radicicarpet.it\/app\/uploads\/2025\/09\/9g0OhWZmMeuaJiTs2kxE-300x206.webp 300w\" sizes=\"(max-width: 515px) 100vw, 515px\" \/><\/figure>\n<\/figure>\n\n\n\n<h3 class=\"wp-block-heading\">Wo macht ein akustischer Bodenbelag wirklich den Unterschied?<\/h3>\n\n\n\n<p class=\"wp-block-paragraph\">Akustischer Komfort gewinnt \u00fcberall dort an Bedeutung, wo Menschen einen gro\u00dfen Teil ihres Tages verbringen.<\/p>\n\n\n\n<p class=\"wp-block-paragraph\"><a href=\"https:\/\/www.radicicarpet.it\/de\/news-de\/moquette-per-ufficio\/\"><strong>B\u00fcros und Arbeitsbereiche:<\/strong><\/a> L\u00e4rm geh\u00f6rt zu den h\u00e4ufigsten Ursachen f\u00fcr Ablenkung. Textile Bodenbel\u00e4ge tragen dazu bei, Ger\u00e4usche durch Bewegungen und Fu\u00dfverkehr zu reduzieren und verbessern so die Qualit\u00e4t der Arbeitsumgebung.<\/p>\n\n\n\n<p class=\"wp-block-paragraph\"><a href=\"https:\/\/www.radicicarpet.it\/de\/news-de\/hotel-carpet-comfort-design-custom-solutions-radici-carpet\/\"><strong>Hotels und Hospitality-Bereiche:<\/strong> <\/a>In Fluren, G\u00e4stezimmern und Konferenzr\u00e4umen beeinflusst der akustische Komfort unmittelbar die Wahrnehmung der Raumqualit\u00e4t. Trittschall zu reduzieren und die Ausbreitung von Ger\u00e4uschen zu begrenzen bedeutet, den Aufenthalt angenehmer und entspannter zu gestalten.<\/p>\n\n\n\n<p class=\"wp-block-paragraph\"><a href=\"https:\/\/www.radicicarpet.it\/de\/news-de\/teppichboden-kino\/\"><strong>Kinos, Auditorien und Konferenzr\u00e4ume:<\/strong> <\/a>In diesen Bereichen ist die Akustik ein wesentlicher Bestandteil des Gesamterlebnisses. Textile Bodenbel\u00e4ge tragen dazu bei, st\u00f6rende Ger\u00e4usche zu minimieren und die Klangqualit\u00e4t zu verbessern, indem sie die Wirkung anderer akustischer Elemente im Raum unterst\u00fctzen.<\/p>\n\n\n\n<h2 class=\"wp-block-heading\">Akustischer Komfort nach Radici Carpet<\/h2>\n\n\n\n<p class=\"wp-block-paragraph\">F\u00fcr uns bedeutet Komfort mehr als das, was Menschen sehen oder ber\u00fchren. Er umfasst auch das, was sie h\u00f6ren.<\/p>\n\n\n\n<p class=\"wp-block-paragraph\">Deshalb zeichnen sich viele unserer Kollektionen bereits von Natur aus durch gute akustische Eigenschaften aus und k\u00f6nnen mit Geotextilr\u00fccken kombiniert werden, die speziell entwickelt wurden, um die Trittschallminderung und den wahrgenommenen akustischen Komfort weiter zu verbessern.<\/p>\n\n\n\n<p class=\"wp-block-paragraph\">Diese L\u00f6sungen erf\u00fcllen die Anforderungen moderner Projekte, die zunehmend auf das Wohlbefinden der Menschen und die Qualit\u00e4t der Innenr\u00e4ume ausgerichtet sind. Dar\u00fcber hinaus k\u00f6nnen sie zur Erf\u00fcllung von Kriterien internationaler Geb\u00e4udestandards beitragen, die Gesundheit und Komfort der Nutzer f\u00f6rdern, wie beispielsweise dem <strong>WELL Building Standard<\/strong>.<\/p>\n\n\n\n<p class=\"wp-block-paragraph\">Akustische Leistungen k\u00f6nnen au\u00dferdem eine wichtige Rolle bei der Einhaltung geltender baurechtlicher Anforderungen spielen und die Ziele der akustischen Geb\u00e4udeplanung unterst\u00fctzen.<\/p>\n\n\n\n<h2 class=\"wp-block-heading\">Wenn Ruhe zu einem Planungswert wird<\/h2>\n\n\n\n<p class=\"wp-block-paragraph\">Akustischer Komfort geh\u00f6rt zu den Eigenschaften, die kaum wahrgenommen werden, solange sie funktionieren, deren Fehlen jedoch sofort auff\u00e4llt.<\/p>\n\n\n\n<p class=\"wp-block-paragraph\">Deshalb hat die Wahl des Bodenbelags oft einen weit gr\u00f6\u00dferen Einfluss, als man zun\u00e4chst vermutet. Nicht nur in \u00e4sthetischer oder funktionaler Hinsicht, sondern auch auf die Qualit\u00e4t des t\u00e4glichen Erlebens eines Raumes.<\/p>\n\n\n\n<p class=\"wp-block-paragraph\">In der zeitgen\u00f6ssischen Architektur ist der Boden l\u00e4ngst mehr als nur eine Fl\u00e4che, \u00fcber die man geht. Er ist ein aktiver Bestandteil des Raumes, der zum Wohlbefinden, zur Konzentration und zum Komfort der Menschen beitr\u00e4gt. Manchmal geschieht dies durch etwas so Einfaches und zugleich Wertvolles wie Stille.<\/p>\n\n\n\n<h2 class=\"wp-block-heading\"><strong>Empfohlene Produkte<\/strong><\/h2>\n\n\n\n<figure class=\"wp-block-gallery has-nested-images columns-default is-cropped wp-block-gallery-3 is-layout-flex wp-block-gallery-is-layout-flex\">\n<figure class=\"wp-block-image size-large\"><a href=\"https:\/\/www.radicicarpet.it\/de\/produkte\/bloom-back\/\"><img decoding=\"async\" width=\"683\" height=\"1024\" data-id=\"18011\" src=\"https:\/\/www.radicicarpet.it\/app\/uploads\/2024\/10\/Bloom_Back_6-683x1024.webp\" alt=\"Akustischer Bodenbelag f\u00fcr Hotels mit Teppichboden von Radici Carpet und Geotextilr\u00fccken\" class=\"wp-image-18011\" srcset=\"https:\/\/www.radicicarpet.it\/app\/uploads\/2024\/10\/Bloom_Back_6-683x1024.webp 683w, https:\/\/www.radicicarpet.it\/app\/uploads\/2024\/10\/Bloom_Back_6-200x300.webp 200w, https:\/\/www.radicicarpet.it\/app\/uploads\/2024\/10\/Bloom_Back_6-768x1152.webp 768w, https:\/\/www.radicicarpet.it\/app\/uploads\/2024\/10\/Bloom_Back_6-1024x1536.webp 1024w, https:\/\/www.radicicarpet.it\/app\/uploads\/2024\/10\/Bloom_Back_6-1365x2048.webp 1365w, https:\/\/www.radicicarpet.it\/app\/uploads\/2024\/10\/Bloom_Back_6-scaled.webp 1707w\" sizes=\"(max-width: 683px) 100vw, 683px\" \/><\/a><figcaption class=\"wp-element-caption\">Bloom Back<\/figcaption><\/figure>\n\n\n\n<figure class=\"wp-block-image size-large\"><a href=\"https:\/\/www.radicicarpet.it\/de\/produkte\/dolcevita\/\"><img decoding=\"async\" width=\"819\" height=\"1024\" data-id=\"2535\" src=\"https:\/\/www.radicicarpet.it\/app\/uploads\/2023\/09\/Dolcevita_1-819x1024.webp\" alt=\"Textile Bodenbel\u00e4ge zur Reduzierung von Trittschall und f\u00fcr mehr akustischen Komfort\" class=\"wp-image-2535\" srcset=\"https:\/\/www.radicicarpet.it\/app\/uploads\/2023\/09\/Dolcevita_1-819x1024.webp 819w, https:\/\/www.radicicarpet.it\/app\/uploads\/2023\/09\/Dolcevita_1-240x300.webp 240w, https:\/\/www.radicicarpet.it\/app\/uploads\/2023\/09\/Dolcevita_1-768x960.webp 768w, https:\/\/www.radicicarpet.it\/app\/uploads\/2023\/09\/Dolcevita_1.webp 1120w\" sizes=\"(max-width: 819px) 100vw, 819px\" \/><\/a><figcaption class=\"wp-element-caption\">Dolcevita<\/figcaption><\/figure>\n\n\n\n<figure class=\"wp-block-image size-large\"><a href=\"https:\/\/www.radicicarpet.it\/de\/produkte\/room-decor\/\"><img decoding=\"async\" width=\"768\" height=\"1024\" data-id=\"5173\" src=\"https:\/\/www.radicicarpet.it\/app\/uploads\/2023\/10\/Room-Decor_2-768x1024.webp\" alt=\"Textile Bodenbel\u00e4ge von Radici Carpet mit Geotextilr\u00fccken f\u00fcr hohen akustischen Komfort\" class=\"wp-image-5173\" srcset=\"https:\/\/www.radicicarpet.it\/app\/uploads\/2023\/10\/Room-Decor_2-768x1024.webp 768w, https:\/\/www.radicicarpet.it\/app\/uploads\/2023\/10\/Room-Decor_2-225x300.webp 225w, https:\/\/www.radicicarpet.it\/app\/uploads\/2023\/10\/Room-Decor_2.webp 1050w\" sizes=\"(max-width: 768px) 100vw, 768px\" \/><\/a><figcaption class=\"wp-element-caption\">Room Decor<\/figcaption><\/figure>\n<\/figure>\n","protected":false},"excerpt":{"rendered":"<p>Es gibt Ger\u00e4usche, die wir sofort wahrnehmen, und andere, die beinahe unbemerkt Teil unseres Alltags werden. Das Stimmengewirr in einem Open-Space-B\u00fcro, Schritte auf einem Hotelflur, das Echo in einem Besprechungsraum oder das Verr\u00fccken eines Stuhls \u00fcber einen harten Boden.<\/p>\n","protected":false},"author":5,"featured_media":20492,"comment_status":"open","ping_status":"open","sticky":false,"template":"","format":"standard","meta":{"_acf_changed":false,"inline_featured_image":false,"footnotes":""},"categories":[1726],"tags":[],"class_list":["post-23635","post","type-post","status-publish","format-standard","has-post-thumbnail","hentry","category-news-de"],"acf":[],"yoast_head":"<!-- This site is optimized with the Yoast SEO plugin v28.3 - https:\/\/yoast.com\/product\/yoast-seo-wordpress\/ -->\n<title>Akustischer Bodenbelag: Mehr akustischer Komfort f\u00fcr Innenr\u00e4ume | Radici<\/title>\n<meta name=\"description\" content=\"Akustische Bodenbel\u00e4ge reduzieren Trittschall und verbessern die Raumakustik. Erfahren Sie, wie Teppichboden zum akustischen Komfort moderner Innenr\u00e4ume beitr\u00e4gt.\" \/>\n<meta name=\"robots\" content=\"index, follow, max-snippet:-1, max-image-preview:large, max-video-preview:-1\" \/>\n<link rel=\"canonical\" href=\"https:\/\/www.radicicarpet.it\/de\/news-de\/akustischer-bodenbelag\/\" \/>\n<meta property=\"og:locale\" content=\"de_DE\" \/>\n<meta property=\"og:type\" content=\"article\" \/>\n<meta property=\"og:title\" content=\"Akustischer Bodenbelag: Mehr akustischer Komfort f\u00fcr Innenr\u00e4ume | Radici\" \/>\n<meta property=\"og:description\" content=\"Akustische Bodenbel\u00e4ge reduzieren Trittschall und verbessern die Raumakustik. Erfahren Sie, wie Teppichboden zum akustischen Komfort moderner Innenr\u00e4ume beitr\u00e4gt.\" \/>\n<meta property=\"og:url\" content=\"https:\/\/www.radicicarpet.it\/de\/news-de\/akustischer-bodenbelag\/\" \/>\n<meta property=\"og:site_name\" content=\"Radici\" \/>\n<meta property=\"article:published_time\" content=\"2026-09-02T08:03:00+00:00\" \/>\n<meta property=\"og:image\" content=\"https:\/\/www.radicicarpet.it\/app\/uploads\/2025\/04\/Stone-Island-03-scaled.webp\" \/>\n\t<meta property=\"og:image:width\" content=\"1706\" \/>\n\t<meta property=\"og:image:height\" content=\"2560\" \/>\n\t<meta property=\"og:image:type\" content=\"image\/webp\" \/>\n<meta name=\"author\" content=\"Valentina Gamba\" \/>\n<meta name=\"twitter:card\" content=\"summary_large_image\" \/>\n<meta name=\"twitter:label1\" content=\"Written by\" \/>\n\t<meta name=\"twitter:data1\" content=\"Valentina Gamba\" \/>\n\t<meta name=\"twitter:label2\" content=\"Est. reading time\" \/>\n\t<meta name=\"twitter:data2\" content=\"6 minutes\" \/>\n<script type=\"application\/ld+json\" class=\"yoast-schema-graph\">{\"@context\":\"https:\\\/\\\/schema.org\",\"@graph\":[{\"@type\":\"Article\",\"@id\":\"https:\\\/\\\/www.radicicarpet.it\\\/de\\\/news-de\\\/akustischer-bodenbelag\\\/#article\",\"isPartOf\":{\"@id\":\"https:\\\/\\\/www.radicicarpet.it\\\/de\\\/news-de\\\/akustischer-bodenbelag\\\/\"},\"author\":{\"name\":\"Valentina Gamba\",\"@id\":\"https:\\\/\\\/www.radicicarpet.it\\\/de\\\/#\\\/schema\\\/person\\\/17665ade8c4d839cac4f0be6566ddc53\"},\"headline\":\"Akustischer Bodenbelag: Mehr akustischer Komfort f\u00fcr Innenr\u00e4ume\",\"datePublished\":\"2026-09-02T08:03:00+00:00\",\"mainEntityOfPage\":{\"@id\":\"https:\\\/\\\/www.radicicarpet.it\\\/de\\\/news-de\\\/akustischer-bodenbelag\\\/\"},\"wordCount\":864,\"commentCount\":0,\"image\":{\"@id\":\"https:\\\/\\\/www.radicicarpet.it\\\/de\\\/news-de\\\/akustischer-bodenbelag\\\/#primaryimage\"},\"thumbnailUrl\":\"https:\\\/\\\/www.radicicarpet.it\\\/app\\\/uploads\\\/2025\\\/04\\\/Stone-Island-03-scaled.webp\",\"articleSection\":[\"News\"],\"inLanguage\":\"de-DE\",\"potentialAction\":[{\"@type\":\"CommentAction\",\"name\":\"Comment\",\"target\":[\"https:\\\/\\\/www.radicicarpet.it\\\/de\\\/news-de\\\/akustischer-bodenbelag\\\/#respond\"]}]},{\"@type\":\"WebPage\",\"@id\":\"https:\\\/\\\/www.radicicarpet.it\\\/de\\\/news-de\\\/akustischer-bodenbelag\\\/\",\"url\":\"https:\\\/\\\/www.radicicarpet.it\\\/de\\\/news-de\\\/akustischer-bodenbelag\\\/\",\"name\":\"Akustischer Bodenbelag: Mehr akustischer Komfort f\u00fcr Innenr\u00e4ume | Radici\",\"isPartOf\":{\"@id\":\"https:\\\/\\\/www.radicicarpet.it\\\/de\\\/#website\"},\"primaryImageOfPage\":{\"@id\":\"https:\\\/\\\/www.radicicarpet.it\\\/de\\\/news-de\\\/akustischer-bodenbelag\\\/#primaryimage\"},\"image\":{\"@id\":\"https:\\\/\\\/www.radicicarpet.it\\\/de\\\/news-de\\\/akustischer-bodenbelag\\\/#primaryimage\"},\"thumbnailUrl\":\"https:\\\/\\\/www.radicicarpet.it\\\/app\\\/uploads\\\/2025\\\/04\\\/Stone-Island-03-scaled.webp\",\"datePublished\":\"2026-09-02T08:03:00+00:00\",\"author\":{\"@id\":\"https:\\\/\\\/www.radicicarpet.it\\\/de\\\/#\\\/schema\\\/person\\\/17665ade8c4d839cac4f0be6566ddc53\"},\"description\":\"Akustische Bodenbel\u00e4ge reduzieren Trittschall und verbessern die Raumakustik. Erfahren Sie, wie Teppichboden zum akustischen Komfort moderner Innenr\u00e4ume beitr\u00e4gt.\",\"breadcrumb\":{\"@id\":\"https:\\\/\\\/www.radicicarpet.it\\\/de\\\/news-de\\\/akustischer-bodenbelag\\\/#breadcrumb\"},\"inLanguage\":\"de-DE\",\"potentialAction\":[{\"@type\":\"ReadAction\",\"target\":[\"https:\\\/\\\/www.radicicarpet.it\\\/de\\\/news-de\\\/akustischer-bodenbelag\\\/\"]}]},{\"@type\":\"ImageObject\",\"inLanguage\":\"de-DE\",\"@id\":\"https:\\\/\\\/www.radicicarpet.it\\\/de\\\/news-de\\\/akustischer-bodenbelag\\\/#primaryimage\",\"url\":\"https:\\\/\\\/www.radicicarpet.it\\\/app\\\/uploads\\\/2025\\\/04\\\/Stone-Island-03-scaled.webp\",\"contentUrl\":\"https:\\\/\\\/www.radicicarpet.it\\\/app\\\/uploads\\\/2025\\\/04\\\/Stone-Island-03-scaled.webp\",\"width\":1706,\"height\":2560},{\"@type\":\"BreadcrumbList\",\"@id\":\"https:\\\/\\\/www.radicicarpet.it\\\/de\\\/news-de\\\/akustischer-bodenbelag\\\/#breadcrumb\",\"itemListElement\":[{\"@type\":\"ListItem\",\"position\":1,\"name\":\"Home\",\"item\":\"https:\\\/\\\/www.radicicarpet.it\\\/de\\\/\"},{\"@type\":\"ListItem\",\"position\":2,\"name\":\"Akustischer Bodenbelag: Mehr akustischer Komfort f\u00fcr Innenr\u00e4ume\"}]},{\"@type\":\"WebSite\",\"@id\":\"https:\\\/\\\/www.radicicarpet.it\\\/de\\\/#website\",\"url\":\"https:\\\/\\\/www.radicicarpet.it\\\/de\\\/\",\"name\":\"Radici Moquette\",\"description\":\"\",\"potentialAction\":[{\"@type\":\"SearchAction\",\"target\":{\"@type\":\"EntryPoint\",\"urlTemplate\":\"https:\\\/\\\/www.radicicarpet.it\\\/de\\\/?s={search_term_string}\"},\"query-input\":{\"@type\":\"PropertyValueSpecification\",\"valueRequired\":true,\"valueName\":\"search_term_string\"}}],\"inLanguage\":\"de-DE\"},{\"@type\":\"Person\",\"@id\":\"https:\\\/\\\/www.radicicarpet.it\\\/de\\\/#\\\/schema\\\/person\\\/17665ade8c4d839cac4f0be6566ddc53\",\"name\":\"Valentina Gamba\",\"image\":{\"@type\":\"ImageObject\",\"inLanguage\":\"de-DE\",\"@id\":\"https:\\\/\\\/secure.gravatar.com\\\/avatar\\\/14952b16d336fc85aa3ff8024840b9e1c17781a1ca7c3414c220bf2ec8c7ccb3?s=96&d=mm&r=g\",\"url\":\"https:\\\/\\\/secure.gravatar.com\\\/avatar\\\/14952b16d336fc85aa3ff8024840b9e1c17781a1ca7c3414c220bf2ec8c7ccb3?s=96&d=mm&r=g\",\"contentUrl\":\"https:\\\/\\\/secure.gravatar.com\\\/avatar\\\/14952b16d336fc85aa3ff8024840b9e1c17781a1ca7c3414c220bf2ec8c7ccb3?s=96&d=mm&r=g\",\"caption\":\"Valentina Gamba\"}}]}<\/script>\n<!-- \/ Yoast SEO plugin. -->","yoast_head_json":{"title":"Akustischer Bodenbelag: Mehr akustischer Komfort f\u00fcr Innenr\u00e4ume | Radici","description":"Akustische Bodenbel\u00e4ge reduzieren Trittschall und verbessern die Raumakustik. Erfahren Sie, wie Teppichboden zum akustischen Komfort moderner Innenr\u00e4ume beitr\u00e4gt.","robots":{"index":"index","follow":"follow","max-snippet":"max-snippet:-1","max-image-preview":"max-image-preview:large","max-video-preview":"max-video-preview:-1"},"canonical":"https:\/\/www.radicicarpet.it\/de\/news-de\/akustischer-bodenbelag\/","og_locale":"de_DE","og_type":"article","og_title":"Akustischer Bodenbelag: Mehr akustischer Komfort f\u00fcr Innenr\u00e4ume | Radici","og_description":"Akustische Bodenbel\u00e4ge reduzieren Trittschall und verbessern die Raumakustik. Erfahren Sie, wie Teppichboden zum akustischen Komfort moderner Innenr\u00e4ume beitr\u00e4gt.","og_url":"https:\/\/www.radicicarpet.it\/de\/news-de\/akustischer-bodenbelag\/","og_site_name":"Radici","article_published_time":"2026-09-02T08:03:00+00:00","og_image":[{"width":1706,"height":2560,"url":"https:\/\/www.radicicarpet.it\/app\/uploads\/2025\/04\/Stone-Island-03-scaled.webp","type":"image\/webp"}],"author":"Valentina Gamba","twitter_card":"summary_large_image","twitter_misc":{"Written by":"Valentina Gamba","Est. reading time":"6 minutes"},"schema":{"@context":"https:\/\/schema.org","@graph":[{"@type":"Article","@id":"https:\/\/www.radicicarpet.it\/de\/news-de\/akustischer-bodenbelag\/#article","isPartOf":{"@id":"https:\/\/www.radicicarpet.it\/de\/news-de\/akustischer-bodenbelag\/"},"author":{"name":"Valentina Gamba","@id":"https:\/\/www.radicicarpet.it\/de\/#\/schema\/person\/17665ade8c4d839cac4f0be6566ddc53"},"headline":"Akustischer Bodenbelag: Mehr akustischer Komfort f\u00fcr Innenr\u00e4ume","datePublished":"2026-09-02T08:03:00+00:00","mainEntityOfPage":{"@id":"https:\/\/www.radicicarpet.it\/de\/news-de\/akustischer-bodenbelag\/"},"wordCount":864,"commentCount":0,"image":{"@id":"https:\/\/www.radicicarpet.it\/de\/news-de\/akustischer-bodenbelag\/#primaryimage"},"thumbnailUrl":"https:\/\/www.radicicarpet.it\/app\/uploads\/2025\/04\/Stone-Island-03-scaled.webp","articleSection":["News"],"inLanguage":"de-DE","potentialAction":[{"@type":"CommentAction","name":"Comment","target":["https:\/\/www.radicicarpet.it\/de\/news-de\/akustischer-bodenbelag\/#respond"]}]},{"@type":"WebPage","@id":"https:\/\/www.radicicarpet.it\/de\/news-de\/akustischer-bodenbelag\/","url":"https:\/\/www.radicicarpet.it\/de\/news-de\/akustischer-bodenbelag\/","name":"Akustischer Bodenbelag: Mehr akustischer Komfort f\u00fcr Innenr\u00e4ume | Radici","isPartOf":{"@id":"https:\/\/www.radicicarpet.it\/de\/#website"},"primaryImageOfPage":{"@id":"https:\/\/www.radicicarpet.it\/de\/news-de\/akustischer-bodenbelag\/#primaryimage"},"image":{"@id":"https:\/\/www.radicicarpet.it\/de\/news-de\/akustischer-bodenbelag\/#primaryimage"},"thumbnailUrl":"https:\/\/www.radicicarpet.it\/app\/uploads\/2025\/04\/Stone-Island-03-scaled.webp","datePublished":"2026-09-02T08:03:00+00:00","author":{"@id":"https:\/\/www.radicicarpet.it\/de\/#\/schema\/person\/17665ade8c4d839cac4f0be6566ddc53"},"description":"Akustische Bodenbel\u00e4ge reduzieren Trittschall und verbessern die Raumakustik. Erfahren Sie, wie Teppichboden zum akustischen Komfort moderner Innenr\u00e4ume beitr\u00e4gt.","breadcrumb":{"@id":"https:\/\/www.radicicarpet.it\/de\/news-de\/akustischer-bodenbelag\/#breadcrumb"},"inLanguage":"de-DE","potentialAction":[{"@type":"ReadAction","target":["https:\/\/www.radicicarpet.it\/de\/news-de\/akustischer-bodenbelag\/"]}]},{"@type":"ImageObject","inLanguage":"de-DE","@id":"https:\/\/www.radicicarpet.it\/de\/news-de\/akustischer-bodenbelag\/#primaryimage","url":"https:\/\/www.radicicarpet.it\/app\/uploads\/2025\/04\/Stone-Island-03-scaled.webp","contentUrl":"https:\/\/www.radicicarpet.it\/app\/uploads\/2025\/04\/Stone-Island-03-scaled.webp","width":1706,"height":2560},{"@type":"BreadcrumbList","@id":"https:\/\/www.radicicarpet.it\/de\/news-de\/akustischer-bodenbelag\/#breadcrumb","itemListElement":[{"@type":"ListItem","position":1,"name":"Home","item":"https:\/\/www.radicicarpet.it\/de\/"},{"@type":"ListItem","position":2,"name":"Akustischer Bodenbelag: Mehr akustischer Komfort f\u00fcr Innenr\u00e4ume"}]},{"@type":"WebSite","@id":"https:\/\/www.radicicarpet.it\/de\/#website","url":"https:\/\/www.radicicarpet.it\/de\/","name":"Radici Moquette","description":"","potentialAction":[{"@type":"SearchAction","target":{"@type":"EntryPoint","urlTemplate":"https:\/\/www.radicicarpet.it\/de\/?s={search_term_string}"},"query-input":{"@type":"PropertyValueSpecification","valueRequired":true,"valueName":"search_term_string"}}],"inLanguage":"de-DE"},{"@type":"Person","@id":"https:\/\/www.radicicarpet.it\/de\/#\/schema\/person\/17665ade8c4d839cac4f0be6566ddc53","name":"Valentina Gamba","image":{"@type":"ImageObject","inLanguage":"de-DE","@id":"https:\/\/secure.gravatar.com\/avatar\/14952b16d336fc85aa3ff8024840b9e1c17781a1ca7c3414c220bf2ec8c7ccb3?s=96&d=mm&r=g","url":"https:\/\/secure.gravatar.com\/avatar\/14952b16d336fc85aa3ff8024840b9e1c17781a1ca7c3414c220bf2ec8c7ccb3?s=96&d=mm&r=g","contentUrl":"https:\/\/secure.gravatar.com\/avatar\/14952b16d336fc85aa3ff8024840b9e1c17781a1ca7c3414c220bf2ec8c7ccb3?s=96&d=mm&r=g","caption":"Valentina Gamba"}}]}},"_links":{"self":[{"href":"https:\/\/www.radicicarpet.it\/de\/wp-json\/wp\/v2\/posts\/23635","targetHints":{"allow":["GET"]}}],"collection":[{"href":"https:\/\/www.radicicarpet.it\/de\/wp-json\/wp\/v2\/posts"}],"about":[{"href":"https:\/\/www.radicicarpet.it\/de\/wp-json\/wp\/v2\/types\/post"}],"author":[{"embeddable":true,"href":"https:\/\/www.radicicarpet.it\/de\/wp-json\/wp\/v2\/users\/5"}],"replies":[{"embeddable":true,"href":"https:\/\/www.radicicarpet.it\/de\/wp-json\/wp\/v2\/comments?post=23635"}],"version-history":[{"count":10,"href":"https:\/\/www.radicicarpet.it\/de\/wp-json\/wp\/v2\/posts\/23635\/revisions"}],"predecessor-version":[{"id":23720,"href":"https:\/\/www.radicicarpet.it\/de\/wp-json\/wp\/v2\/posts\/23635\/revisions\/23720"}],"wp:featuredmedia":[{"embeddable":true,"href":"https:\/\/www.radicicarpet.it\/de\/wp-json\/wp\/v2\/media\/20492"}],"wp:attachment":[{"href":"https:\/\/www.radicicarpet.it\/de\/wp-json\/wp\/v2\/media?parent=23635"}],"wp:term":[{"taxonomy":"category","embeddable":true,"href":"https:\/\/www.radicicarpet.it\/de\/wp-json\/wp\/v2\/categories?post=23635"},{"taxonomy":"post_tag","embeddable":true,"href":"https:\/\/www.radicicarpet.it\/de\/wp-json\/wp\/v2\/tags?post=23635"}],"curies":[{"name":"wp","href":"https:\/\/api.w.org\/{rel}","templated":true}]}}