{"id":21634,"date":"2025-10-15T10:00:00","date_gmt":"2025-10-15T08:00:00","guid":{"rendered":"https:\/\/www.radicicarpet.it\/?p=21634"},"modified":"2025-08-29T16:52:33","modified_gmt":"2025-08-29T14:52:33","slug":"akustikteppich-fuer-geschaefte","status":"publish","type":"post","link":"https:\/\/www.radicicarpet.it\/de\/news-de\/akustikteppich-fuer-geschaefte\/","title":{"rendered":"Silent Flooring: der ideale Akustikbodenbelag f\u00fcr Contract-Bereiche"},"content":{"rendered":"\n<figure class=\"wp-block-gallery has-nested-images columns-default is-cropped wp-block-gallery-1 is-layout-flex wp-block-gallery-is-layout-flex\">\n<figure class=\"wp-block-image size-large\"><img decoding=\"async\" width=\"1024\" height=\"674\" data-id=\"21308\" src=\"https:\/\/www.radicicarpet.it\/app\/uploads\/2025\/06\/Porin-soba-7.2-1024x674.jpg\" alt=\"Luxuri\u00f6ses Hauptschlafzimmer mit schallabsorbierendem Teppichboden\" class=\"wp-image-21308\" srcset=\"https:\/\/www.radicicarpet.it\/app\/uploads\/2025\/06\/Porin-soba-7.2-1024x674.jpg 1024w, https:\/\/www.radicicarpet.it\/app\/uploads\/2025\/06\/Porin-soba-7.2-300x197.jpg 300w, https:\/\/www.radicicarpet.it\/app\/uploads\/2025\/06\/Porin-soba-7.2-768x506.jpg 768w, https:\/\/www.radicicarpet.it\/app\/uploads\/2025\/06\/Porin-soba-7.2-1536x1011.jpg 1536w, https:\/\/www.radicicarpet.it\/app\/uploads\/2025\/06\/Porin-soba-7.2.jpg 1823w\" sizes=\"(max-width: 1024px) 100vw, 1024px\" \/><\/figure>\n\n\n\n<figure class=\"wp-block-image size-large\"><img decoding=\"async\" width=\"1024\" height=\"683\" data-id=\"21126\" src=\"https:\/\/www.radicicarpet.it\/app\/uploads\/2025\/06\/turist_01_14032022_17_photocopyright-by-godar-1024x683.jpg\" alt=\"Elegantes Hotelzimmer mit Akustikteppich f\u00fcr h\u00f6chsten Komfort\" class=\"wp-image-21126\" srcset=\"https:\/\/www.radicicarpet.it\/app\/uploads\/2025\/06\/turist_01_14032022_17_photocopyright-by-godar-1024x683.jpg 1024w, https:\/\/www.radicicarpet.it\/app\/uploads\/2025\/06\/turist_01_14032022_17_photocopyright-by-godar-300x200.jpg 300w, https:\/\/www.radicicarpet.it\/app\/uploads\/2025\/06\/turist_01_14032022_17_photocopyright-by-godar-768x512.jpg 768w, https:\/\/www.radicicarpet.it\/app\/uploads\/2025\/06\/turist_01_14032022_17_photocopyright-by-godar-1536x1024.jpg 1536w, https:\/\/www.radicicarpet.it\/app\/uploads\/2025\/06\/turist_01_14032022_17_photocopyright-by-godar-2048x1365.jpg 2048w\" sizes=\"(max-width: 1024px) 100vw, 1024px\" \/><\/figure>\n<\/figure>\n\n\n\n<p><strong><em>Was ist ein akustisch isolierender Bodenbelag?<\/em><\/strong><\/p>\n\n\n\n<p>Ein Boden mit Schallschutz-Eigenschaften ist eine technische L\u00f6sung, die entwickelt wurde, um die \u00dcbertragung von Trittschall zu reduzieren und die Schallabsorption in R\u00e4umen zu verbessern. Es ist wichtig, zwischen Schalld\u00e4mmung, die die Ausbreitung von Schall durch Strukturen wie B\u00f6den und W\u00e4nde verhindert, und Schallabsorption, der F\u00e4higkeit eines Materials, Schallwellen im Raum zu absorbieren und den Nachhall zu verringern, zu unterscheiden.<\/p>\n\n\n\n<p>Technisch wird die Schalld\u00e4mmung in Dezibel (dB) gemessen und durch den Einsatz spezifischer Materialien und Schichtaufbauten erreicht, die die \u00dcbertragung von Schwingungen mindern. Die Schallabsorption hingegen wird anhand von Koeffizienten wie dem NRC (Noise Reduction Coefficient) bewertet, der die F\u00e4higkeit misst, Ger\u00e4usche unterschiedlicher Frequenzen zu absorbieren.<\/p>\n\n\n\n<p><strong><em>Warum Teppichboden als akustische L\u00f6sung w\u00e4hlen?<\/em><\/strong><\/p>\n\n\n\n<p>Teppich geh\u00f6rt zu den wirksamsten Materialien, um die Raumakustik zu verbessern, dank seiner nat\u00fcrlichen Eigenschaften. Seine faserige Struktur absorbiert Schallwellen effizient, reduziert Trittschall und Nachhall und tr\u00e4gt so zu einer ruhigeren und komfortableren Atmosph\u00e4re bei.<\/p>\n\n\n\n<p>Im Vergleich zu anderen Materialien wie PVC, Holz oder Feinsteinzeug bietet Teppich einen einzigartigen taktilen Komfort und ein Gef\u00fchl von Weichheit, das die Aufenthaltsqualit\u00e4t verbessert. Anders als harte B\u00f6den reduziert Teppich Echos und verbessert die akustische Privatsph\u00e4re \u2013 entscheidende Aspekte in gemeinsam genutzten Bereichen und offenen B\u00fcrolandschaften.<\/p>\n\n\n\n<p><strong><em>Anwendungen von Teppich als akustische L\u00f6sung<\/em><\/strong><\/p>\n\n\n\n<p>Die Einsatzm\u00f6glichkeiten von Teppich im Akustikbereich sind vielf\u00e4ltig: Hotels, Theater, Kinos, Open-Space-B\u00fcros und Konferenzr\u00e4ume sind nur einige Beispiele, in denen Teppich den Komfort und die Funktionalit\u00e4t der R\u00e4ume erheblich steigert.<\/p>\n\n\n\n<figure class=\"wp-block-gallery has-nested-images columns-default is-cropped wp-block-gallery-2 is-layout-flex wp-block-gallery-is-layout-flex\">\n<figure class=\"wp-block-image size-large\"><img decoding=\"async\" width=\"1024\" height=\"683\" data-id=\"20485\" src=\"https:\/\/www.radicicarpet.it\/app\/uploads\/2025\/04\/Stone-Island-02-1024x683.webp\" alt=\"Akustikteppich-L\u00f6sung von Radici Carpet f\u00fcr stark frequentierte Contract-Bereiche\" class=\"wp-image-20485\" srcset=\"https:\/\/www.radicicarpet.it\/app\/uploads\/2025\/04\/Stone-Island-02-1024x683.webp 1024w, https:\/\/www.radicicarpet.it\/app\/uploads\/2025\/04\/Stone-Island-02-300x200.webp 300w, https:\/\/www.radicicarpet.it\/app\/uploads\/2025\/04\/Stone-Island-02-768x512.webp 768w, https:\/\/www.radicicarpet.it\/app\/uploads\/2025\/04\/Stone-Island-02-1536x1024.webp 1536w, https:\/\/www.radicicarpet.it\/app\/uploads\/2025\/04\/Stone-Island-02-2048x1365.webp 2048w\" sizes=\"(max-width: 1024px) 100vw, 1024px\" \/><\/figure>\n\n\n\n<figure class=\"wp-block-image size-large\"><img decoding=\"async\" width=\"1024\" height=\"683\" data-id=\"20481\" src=\"https:\/\/www.radicicarpet.it\/app\/uploads\/2025\/04\/Stone-Island-01-1024x683.webp\" alt=\"Akustikteppich-L\u00f6sung von Radici Carpet f\u00fcr stark frequentierte Contract-Bereiche\" class=\"wp-image-20481\" srcset=\"https:\/\/www.radicicarpet.it\/app\/uploads\/2025\/04\/Stone-Island-01-1024x683.webp 1024w, https:\/\/www.radicicarpet.it\/app\/uploads\/2025\/04\/Stone-Island-01-300x200.webp 300w, https:\/\/www.radicicarpet.it\/app\/uploads\/2025\/04\/Stone-Island-01-768x512.webp 768w, https:\/\/www.radicicarpet.it\/app\/uploads\/2025\/04\/Stone-Island-01-1536x1024.webp 1536w, https:\/\/www.radicicarpet.it\/app\/uploads\/2025\/04\/Stone-Island-01-2048x1365.webp 2048w\" sizes=\"(max-width: 1024px) 100vw, 1024px\" \/><\/figure>\n<\/figure>\n\n\n\n<h2 class=\"wp-block-heading\">Unsere L\u00f6sungen f\u00fcr die Schalld\u00e4mmung<\/h2>\n\n\n\n<p>Wir bieten Teppichb\u00f6den mit hoher akustischer Leistung, dank spezieller Strukturen und Materialien, die entwickelt wurden, um die Trittschalld\u00e4mmung und die Schallabsorption zu optimieren. In vielen F\u00e4llen integrieren wir Teppiche mit Geotextilien, die direkt in der Produktionsphase aufgebracht werden und als Unterlage dienen. Dadurch werden die akustischen Eigenschaften weiter verbessert und die Lebensdauer des Produkts um bis zu 30 % erh\u00f6ht.<\/p>\n\n\n\n<p>Unsere Bodenbel\u00e4ge verbinden Funktionalit\u00e4t mit \u00e4sthetischer Sorgfalt und bieten L\u00f6sungen, die sich perfekt in architektonische Projekte integrieren und h\u00f6chste Qualit\u00e4ts- und Stilanforderungen erf\u00fcllen. Ihre Langlebigkeit und einfache Pflege machen sie auch f\u00fcr stark frequentierte Bereiche geeignet.<\/p>\n\n\n\n<p>Alle Produkte werden vollst\u00e4ndig in Italien hergestellt, mit st\u00e4ndiger Aufmerksamkeit f\u00fcr handwerkliche Qualit\u00e4t und zertifizierte Produktionsprozesse. Diese Eigenschaften machen unsere L\u00f6sungen zu einem Ma\u00dfstab f\u00fcr Contract-Projekte, die Leistung, \u00c4sthetik und Nachhaltigkeit vereinen.<\/p>\n\n\n\n<p>Fazit<\/p>\n\n\n\n<p>Schalld\u00e4mmung ist ein entscheidender Faktor f\u00fcr den Erfolg jedes Contract-Projekts. Die Wahl eines akustisch leistungsstarken Teppichbodens verbessert die Qualit\u00e4t von R\u00e4umen erheblich, steigert Komfort, Privatsph\u00e4re und Wohlbefinden. Unsere L\u00f6sungen sind darauf ausgelegt, die Herausforderungen jedes Contract-Bereichs zu meistern, und bieten technisch fortschrittliche, anpassbare und nachhaltige Produkte \u2013 ideal f\u00fcr Architekten, Designer und Fachleute der Branche.<\/p>\n\n\n\n<h2 class=\"wp-block-heading\"><strong>Empfohlene Produkte<\/strong><\/h2>\n\n\n\n<figure class=\"wp-block-gallery has-nested-images columns-default is-cropped wp-block-gallery-3 is-layout-flex wp-block-gallery-is-layout-flex\">\n<figure class=\"wp-block-image size-large\"><a href=\"https:\/\/www.radicicarpet.it\/de\/produkte\/dea\/\"><img decoding=\"async\" width=\"805\" height=\"1024\" data-id=\"2475\" src=\"https:\/\/www.radicicarpet.it\/app\/uploads\/2023\/09\/Dea_1-805x1024.webp\" alt=\"Luxuri\u00f6se Hotellobby mit Akustikteppich f\u00fcr mehr Komfort und Stil\" class=\"wp-image-2475\" srcset=\"https:\/\/www.radicicarpet.it\/app\/uploads\/2023\/09\/Dea_1-805x1024.webp 805w, https:\/\/www.radicicarpet.it\/app\/uploads\/2023\/09\/Dea_1-236x300.webp 236w, https:\/\/www.radicicarpet.it\/app\/uploads\/2023\/09\/Dea_1-768x977.webp 768w, https:\/\/www.radicicarpet.it\/app\/uploads\/2023\/09\/Dea_1.webp 1100w\" sizes=\"(max-width: 805px) 100vw, 805px\" \/><\/a><figcaption class=\"wp-element-caption\">Dea<\/figcaption><\/figure>\n\n\n\n<figure class=\"wp-block-image size-large\"><a href=\"https:\/\/www.radicicarpet.it\/de\/produkte\/glamour\/\"><img decoding=\"async\" width=\"682\" height=\"1024\" data-id=\"2575\" src=\"https:\/\/www.radicicarpet.it\/app\/uploads\/2023\/09\/Glamour_3-682x1024.webp\" alt=\"Theaterinnenraum mit Radici Carpet f\u00fcr optimale Schallabsorption\" class=\"wp-image-2575\" srcset=\"https:\/\/www.radicicarpet.it\/app\/uploads\/2023\/09\/Glamour_3-682x1024.webp 682w, https:\/\/www.radicicarpet.it\/app\/uploads\/2023\/09\/Glamour_3-200x300.webp 200w, https:\/\/www.radicicarpet.it\/app\/uploads\/2023\/09\/Glamour_3-768x1152.webp 768w, https:\/\/www.radicicarpet.it\/app\/uploads\/2023\/09\/Glamour_3.webp 933w\" sizes=\"(max-width: 682px) 100vw, 682px\" \/><\/a><figcaption class=\"wp-element-caption\">Glamour<\/figcaption><\/figure>\n\n\n\n<figure class=\"wp-block-image size-large\"><a href=\"https:\/\/www.radicicarpet.it\/de\/produkte\/bari\/\"><img decoding=\"async\" width=\"682\" height=\"1024\" data-id=\"5226\" src=\"https:\/\/www.radicicarpet.it\/app\/uploads\/2023\/10\/Bari_1-682x1024.webp\" alt=\"Moderner Laden mit Akustikteppich zur Verbesserung des Kundenerlebnisses\" class=\"wp-image-5226\" srcset=\"https:\/\/www.radicicarpet.it\/app\/uploads\/2023\/10\/Bari_1-682x1024.webp 682w, https:\/\/www.radicicarpet.it\/app\/uploads\/2023\/10\/Bari_1-200x300.webp 200w, https:\/\/www.radicicarpet.it\/app\/uploads\/2023\/10\/Bari_1-768x1152.webp 768w, https:\/\/www.radicicarpet.it\/app\/uploads\/2023\/10\/Bari_1.webp 933w\" sizes=\"(max-width: 682px) 100vw, 682px\" \/><\/a><figcaption class=\"wp-element-caption\">Bari<\/figcaption><\/figure>\n\n\n\n<figure class=\"wp-block-image size-large\"><a href=\"https:\/\/www.radicicarpet.it\/de\/produkte\/bloom-back\/\"><img decoding=\"async\" width=\"683\" height=\"1024\" data-id=\"18011\" src=\"https:\/\/www.radicicarpet.it\/app\/uploads\/2024\/10\/Bloom_Back_6-683x1024.webp\" alt=\"Akustikteppich-L\u00f6sung von Radici Carpet f\u00fcr stark frequentierte Contract-Bereiche\" class=\"wp-image-18011\" srcset=\"https:\/\/www.radicicarpet.it\/app\/uploads\/2024\/10\/Bloom_Back_6-683x1024.webp 683w, https:\/\/www.radicicarpet.it\/app\/uploads\/2024\/10\/Bloom_Back_6-200x300.webp 200w, https:\/\/www.radicicarpet.it\/app\/uploads\/2024\/10\/Bloom_Back_6-768x1152.webp 768w, https:\/\/www.radicicarpet.it\/app\/uploads\/2024\/10\/Bloom_Back_6-1024x1536.webp 1024w, https:\/\/www.radicicarpet.it\/app\/uploads\/2024\/10\/Bloom_Back_6-1365x2048.webp 1365w, https:\/\/www.radicicarpet.it\/app\/uploads\/2024\/10\/Bloom_Back_6-scaled.webp 1707w\" sizes=\"(max-width: 683px) 100vw, 683px\" \/><\/a><figcaption class=\"wp-element-caption\">Bloom Back<\/figcaption><\/figure>\n\n\n\n<figure class=\"wp-block-image size-large\"><a href=\"https:\/\/www.radicicarpet.it\/de\/produkte\/hi-decor\/\"><img decoding=\"async\" width=\"768\" height=\"1024\" data-id=\"3402\" src=\"https:\/\/www.radicicarpet.it\/app\/uploads\/2023\/09\/fsg6-768x1024.webp\" alt=\"Modernes Open-Space-B\u00fcro mit Radici Carpet zur Verbesserung der Schalld\u00e4mmung\" class=\"wp-image-3402\" srcset=\"https:\/\/www.radicicarpet.it\/app\/uploads\/2023\/09\/fsg6-768x1024.webp 768w, https:\/\/www.radicicarpet.it\/app\/uploads\/2023\/09\/fsg6-225x300.webp 225w, https:\/\/www.radicicarpet.it\/app\/uploads\/2023\/09\/fsg6.webp 1050w\" sizes=\"(max-width: 768px) 100vw, 768px\" \/><\/a><figcaption class=\"wp-element-caption\">Hi-Decor<\/figcaption><\/figure>\n\n\n\n<figure class=\"wp-block-image size-large\"><a href=\"https:\/\/www.radicicarpet.it\/de\/produkte\/dolcevita\/\"><img decoding=\"async\" width=\"819\" height=\"1024\" data-id=\"2537\" src=\"https:\/\/www.radicicarpet.it\/app\/uploads\/2023\/09\/Dolcevita_7-819x1024.webp\" alt=\"Modeboutique mit Radici Carpet, die den akustischen Komfort verbessert\" class=\"wp-image-2537\" srcset=\"https:\/\/www.radicicarpet.it\/app\/uploads\/2023\/09\/Dolcevita_7-819x1024.webp 819w, https:\/\/www.radicicarpet.it\/app\/uploads\/2023\/09\/Dolcevita_7-240x300.webp 240w, https:\/\/www.radicicarpet.it\/app\/uploads\/2023\/09\/Dolcevita_7-768x960.webp 768w, https:\/\/www.radicicarpet.it\/app\/uploads\/2023\/09\/Dolcevita_7.webp 1120w\" sizes=\"(max-width: 819px) 100vw, 819px\" \/><\/a><figcaption class=\"wp-element-caption\">Dolcevita<\/figcaption><\/figure>\n<\/figure>\n\n\n\n<p><\/p>\n","protected":false},"excerpt":{"rendered":"<p>Ein Boden mit schalld\u00e4mmenden Eigenschaften ist eine technische L\u00f6sung, die entwickelt wurde, um die \u00dcbertragung von Trittschall zu reduzieren und die Schallabsorption in R\u00e4umen zu verbessern. Es ist wichtig, zwischen Schalld\u00e4mmung, die die Ausbreitung von Schall durch Strukturen wie B\u00f6den und W\u00e4nde verhindert, und Schallabsorption, der F\u00e4higkeit eines Materials, im Raum vorhandene Schallwellen zu absorbieren und den Nachhall zu verringern, zu unterscheiden.<\/p>\n","protected":false},"author":5,"featured_media":21434,"comment_status":"open","ping_status":"open","sticky":false,"template":"","format":"standard","meta":{"_acf_changed":false,"inline_featured_image":false,"footnotes":""},"categories":[1726],"tags":[],"class_list":["post-21634","post","type-post","status-publish","format-standard","has-post-thumbnail","hentry","category-news-de"],"acf":[],"yoast_head":"<!-- This site is optimized with the Yoast SEO plugin v27.2 - https:\/\/yoast.com\/product\/yoast-seo-wordpress\/ -->\n<title>Akustikteppich f\u00fcr Gesch\u00e4fte | Radici Carpet<\/title>\n<meta name=\"description\" content=\"Entdecken Sie die Akustikteppiche von Radici Carpet: Made-in-Italy-L\u00f6sungen, die L\u00e4rm reduzieren und Komfort und Stil.\" \/>\n<meta name=\"robots\" content=\"index, follow, max-snippet:-1, max-image-preview:large, max-video-preview:-1\" \/>\n<link rel=\"canonical\" href=\"https:\/\/www.radicicarpet.it\/de\/news-de\/akustikteppich-fuer-geschaefte\/\" \/>\n<meta property=\"og:locale\" content=\"de_DE\" \/>\n<meta property=\"og:type\" content=\"article\" \/>\n<meta property=\"og:title\" content=\"Akustikteppich f\u00fcr Gesch\u00e4fte | Radici Carpet\" \/>\n<meta property=\"og:description\" content=\"Entdecken Sie die Akustikteppiche von Radici Carpet: Made-in-Italy-L\u00f6sungen, die L\u00e4rm reduzieren und Komfort und Stil.\" \/>\n<meta property=\"og:url\" content=\"https:\/\/www.radicicarpet.it\/de\/news-de\/akustikteppich-fuer-geschaefte\/\" \/>\n<meta property=\"og:site_name\" content=\"Radici\" \/>\n<meta property=\"article:published_time\" content=\"2025-10-15T08:00:00+00:00\" \/>\n<meta property=\"og:image\" content=\"https:\/\/www.radicicarpet.it\/app\/uploads\/2025\/07\/RADICI_2303160234_-copia.webp\" \/>\n\t<meta property=\"og:image:width\" content=\"1500\" \/>\n\t<meta property=\"og:image:height\" content=\"2000\" \/>\n\t<meta property=\"og:image:type\" content=\"image\/webp\" \/>\n<meta name=\"author\" content=\"Valentina Gamba\" \/>\n<meta name=\"twitter:card\" content=\"summary_large_image\" \/>\n<meta name=\"twitter:label1\" content=\"Written by\" \/>\n\t<meta name=\"twitter:data1\" content=\"Valentina Gamba\" \/>\n\t<meta name=\"twitter:label2\" content=\"Est. reading time\" \/>\n\t<meta name=\"twitter:data2\" content=\"5 minutes\" \/>\n<script type=\"application\/ld+json\" class=\"yoast-schema-graph\">{\"@context\":\"https:\/\/schema.org\",\"@graph\":[{\"@type\":\"Article\",\"@id\":\"https:\/\/www.radicicarpet.it\/de\/news-de\/akustikteppich-fuer-geschaefte\/#article\",\"isPartOf\":{\"@id\":\"https:\/\/www.radicicarpet.it\/de\/news-de\/akustikteppich-fuer-geschaefte\/\"},\"author\":{\"name\":\"Valentina Gamba\",\"@id\":\"https:\/\/www.radicicarpet.it\/de\/#\/schema\/person\/17665ade8c4d839cac4f0be6566ddc53\"},\"headline\":\"Silent Flooring: der ideale Akustikbodenbelag f\u00fcr Contract-Bereiche\",\"datePublished\":\"2025-10-15T08:00:00+00:00\",\"mainEntityOfPage\":{\"@id\":\"https:\/\/www.radicicarpet.it\/de\/news-de\/akustikteppich-fuer-geschaefte\/\"},\"wordCount\":493,\"commentCount\":0,\"image\":{\"@id\":\"https:\/\/www.radicicarpet.it\/de\/news-de\/akustikteppich-fuer-geschaefte\/#primaryimage\"},\"thumbnailUrl\":\"https:\/\/www.radicicarpet.it\/app\/uploads\/2025\/07\/RADICI_2303160234_-copia.webp\",\"articleSection\":[\"News\"],\"inLanguage\":\"de-DE\",\"potentialAction\":[{\"@type\":\"CommentAction\",\"name\":\"Comment\",\"target\":[\"https:\/\/www.radicicarpet.it\/de\/news-de\/akustikteppich-fuer-geschaefte\/#respond\"]}]},{\"@type\":\"WebPage\",\"@id\":\"https:\/\/www.radicicarpet.it\/de\/news-de\/akustikteppich-fuer-geschaefte\/\",\"url\":\"https:\/\/www.radicicarpet.it\/de\/news-de\/akustikteppich-fuer-geschaefte\/\",\"name\":\"Akustikteppich f\u00fcr Gesch\u00e4fte | Radici Carpet\",\"isPartOf\":{\"@id\":\"https:\/\/www.radicicarpet.it\/de\/#website\"},\"primaryImageOfPage\":{\"@id\":\"https:\/\/www.radicicarpet.it\/de\/news-de\/akustikteppich-fuer-geschaefte\/#primaryimage\"},\"image\":{\"@id\":\"https:\/\/www.radicicarpet.it\/de\/news-de\/akustikteppich-fuer-geschaefte\/#primaryimage\"},\"thumbnailUrl\":\"https:\/\/www.radicicarpet.it\/app\/uploads\/2025\/07\/RADICI_2303160234_-copia.webp\",\"datePublished\":\"2025-10-15T08:00:00+00:00\",\"author\":{\"@id\":\"https:\/\/www.radicicarpet.it\/de\/#\/schema\/person\/17665ade8c4d839cac4f0be6566ddc53\"},\"description\":\"Entdecken Sie die Akustikteppiche von Radici Carpet: Made-in-Italy-L\u00f6sungen, die L\u00e4rm reduzieren und Komfort und Stil.\",\"breadcrumb\":{\"@id\":\"https:\/\/www.radicicarpet.it\/de\/news-de\/akustikteppich-fuer-geschaefte\/#breadcrumb\"},\"inLanguage\":\"de-DE\",\"potentialAction\":[{\"@type\":\"ReadAction\",\"target\":[\"https:\/\/www.radicicarpet.it\/de\/news-de\/akustikteppich-fuer-geschaefte\/\"]}]},{\"@type\":\"ImageObject\",\"inLanguage\":\"de-DE\",\"@id\":\"https:\/\/www.radicicarpet.it\/de\/news-de\/akustikteppich-fuer-geschaefte\/#primaryimage\",\"url\":\"https:\/\/www.radicicarpet.it\/app\/uploads\/2025\/07\/RADICI_2303160234_-copia.webp\",\"contentUrl\":\"https:\/\/www.radicicarpet.it\/app\/uploads\/2025\/07\/RADICI_2303160234_-copia.webp\",\"width\":1500,\"height\":2000},{\"@type\":\"BreadcrumbList\",\"@id\":\"https:\/\/www.radicicarpet.it\/de\/news-de\/akustikteppich-fuer-geschaefte\/#breadcrumb\",\"itemListElement\":[{\"@type\":\"ListItem\",\"position\":1,\"name\":\"Home\",\"item\":\"https:\/\/www.radicicarpet.it\/de\/\"},{\"@type\":\"ListItem\",\"position\":2,\"name\":\"Silent Flooring: der ideale Akustikbodenbelag f\u00fcr Contract-Bereiche\"}]},{\"@type\":\"WebSite\",\"@id\":\"https:\/\/www.radicicarpet.it\/de\/#website\",\"url\":\"https:\/\/www.radicicarpet.it\/de\/\",\"name\":\"Radici Moquette\",\"description\":\"\",\"potentialAction\":[{\"@type\":\"SearchAction\",\"target\":{\"@type\":\"EntryPoint\",\"urlTemplate\":\"https:\/\/www.radicicarpet.it\/de\/?s={search_term_string}\"},\"query-input\":{\"@type\":\"PropertyValueSpecification\",\"valueRequired\":true,\"valueName\":\"search_term_string\"}}],\"inLanguage\":\"de-DE\"},{\"@type\":\"Person\",\"@id\":\"https:\/\/www.radicicarpet.it\/de\/#\/schema\/person\/17665ade8c4d839cac4f0be6566ddc53\",\"name\":\"Valentina Gamba\",\"image\":{\"@type\":\"ImageObject\",\"inLanguage\":\"de-DE\",\"@id\":\"https:\/\/secure.gravatar.com\/avatar\/14952b16d336fc85aa3ff8024840b9e1c17781a1ca7c3414c220bf2ec8c7ccb3?s=96&d=mm&r=g\",\"url\":\"https:\/\/secure.gravatar.com\/avatar\/14952b16d336fc85aa3ff8024840b9e1c17781a1ca7c3414c220bf2ec8c7ccb3?s=96&d=mm&r=g\",\"contentUrl\":\"https:\/\/secure.gravatar.com\/avatar\/14952b16d336fc85aa3ff8024840b9e1c17781a1ca7c3414c220bf2ec8c7ccb3?s=96&d=mm&r=g\",\"caption\":\"Valentina Gamba\"}}]}<\/script>\n<!-- \/ Yoast SEO plugin. -->","yoast_head_json":{"title":"Akustikteppich f\u00fcr Gesch\u00e4fte | Radici Carpet","description":"Entdecken Sie die Akustikteppiche von Radici Carpet: Made-in-Italy-L\u00f6sungen, die L\u00e4rm reduzieren und Komfort und Stil.","robots":{"index":"index","follow":"follow","max-snippet":"max-snippet:-1","max-image-preview":"max-image-preview:large","max-video-preview":"max-video-preview:-1"},"canonical":"https:\/\/www.radicicarpet.it\/de\/news-de\/akustikteppich-fuer-geschaefte\/","og_locale":"de_DE","og_type":"article","og_title":"Akustikteppich f\u00fcr Gesch\u00e4fte | Radici Carpet","og_description":"Entdecken Sie die Akustikteppiche von Radici Carpet: Made-in-Italy-L\u00f6sungen, die L\u00e4rm reduzieren und Komfort und Stil.","og_url":"https:\/\/www.radicicarpet.it\/de\/news-de\/akustikteppich-fuer-geschaefte\/","og_site_name":"Radici","article_published_time":"2025-10-15T08:00:00+00:00","og_image":[{"width":1500,"height":2000,"url":"https:\/\/www.radicicarpet.it\/app\/uploads\/2025\/07\/RADICI_2303160234_-copia.webp","type":"image\/webp"}],"author":"Valentina Gamba","twitter_card":"summary_large_image","twitter_misc":{"Written by":"Valentina Gamba","Est. reading time":"5 minutes"},"schema":{"@context":"https:\/\/schema.org","@graph":[{"@type":"Article","@id":"https:\/\/www.radicicarpet.it\/de\/news-de\/akustikteppich-fuer-geschaefte\/#article","isPartOf":{"@id":"https:\/\/www.radicicarpet.it\/de\/news-de\/akustikteppich-fuer-geschaefte\/"},"author":{"name":"Valentina Gamba","@id":"https:\/\/www.radicicarpet.it\/de\/#\/schema\/person\/17665ade8c4d839cac4f0be6566ddc53"},"headline":"Silent Flooring: der ideale Akustikbodenbelag f\u00fcr Contract-Bereiche","datePublished":"2025-10-15T08:00:00+00:00","mainEntityOfPage":{"@id":"https:\/\/www.radicicarpet.it\/de\/news-de\/akustikteppich-fuer-geschaefte\/"},"wordCount":493,"commentCount":0,"image":{"@id":"https:\/\/www.radicicarpet.it\/de\/news-de\/akustikteppich-fuer-geschaefte\/#primaryimage"},"thumbnailUrl":"https:\/\/www.radicicarpet.it\/app\/uploads\/2025\/07\/RADICI_2303160234_-copia.webp","articleSection":["News"],"inLanguage":"de-DE","potentialAction":[{"@type":"CommentAction","name":"Comment","target":["https:\/\/www.radicicarpet.it\/de\/news-de\/akustikteppich-fuer-geschaefte\/#respond"]}]},{"@type":"WebPage","@id":"https:\/\/www.radicicarpet.it\/de\/news-de\/akustikteppich-fuer-geschaefte\/","url":"https:\/\/www.radicicarpet.it\/de\/news-de\/akustikteppich-fuer-geschaefte\/","name":"Akustikteppich f\u00fcr Gesch\u00e4fte | Radici Carpet","isPartOf":{"@id":"https:\/\/www.radicicarpet.it\/de\/#website"},"primaryImageOfPage":{"@id":"https:\/\/www.radicicarpet.it\/de\/news-de\/akustikteppich-fuer-geschaefte\/#primaryimage"},"image":{"@id":"https:\/\/www.radicicarpet.it\/de\/news-de\/akustikteppich-fuer-geschaefte\/#primaryimage"},"thumbnailUrl":"https:\/\/www.radicicarpet.it\/app\/uploads\/2025\/07\/RADICI_2303160234_-copia.webp","datePublished":"2025-10-15T08:00:00+00:00","author":{"@id":"https:\/\/www.radicicarpet.it\/de\/#\/schema\/person\/17665ade8c4d839cac4f0be6566ddc53"},"description":"Entdecken Sie die Akustikteppiche von Radici Carpet: Made-in-Italy-L\u00f6sungen, die L\u00e4rm reduzieren und Komfort und Stil.","breadcrumb":{"@id":"https:\/\/www.radicicarpet.it\/de\/news-de\/akustikteppich-fuer-geschaefte\/#breadcrumb"},"inLanguage":"de-DE","potentialAction":[{"@type":"ReadAction","target":["https:\/\/www.radicicarpet.it\/de\/news-de\/akustikteppich-fuer-geschaefte\/"]}]},{"@type":"ImageObject","inLanguage":"de-DE","@id":"https:\/\/www.radicicarpet.it\/de\/news-de\/akustikteppich-fuer-geschaefte\/#primaryimage","url":"https:\/\/www.radicicarpet.it\/app\/uploads\/2025\/07\/RADICI_2303160234_-copia.webp","contentUrl":"https:\/\/www.radicicarpet.it\/app\/uploads\/2025\/07\/RADICI_2303160234_-copia.webp","width":1500,"height":2000},{"@type":"BreadcrumbList","@id":"https:\/\/www.radicicarpet.it\/de\/news-de\/akustikteppich-fuer-geschaefte\/#breadcrumb","itemListElement":[{"@type":"ListItem","position":1,"name":"Home","item":"https:\/\/www.radicicarpet.it\/de\/"},{"@type":"ListItem","position":2,"name":"Silent Flooring: der ideale Akustikbodenbelag f\u00fcr Contract-Bereiche"}]},{"@type":"WebSite","@id":"https:\/\/www.radicicarpet.it\/de\/#website","url":"https:\/\/www.radicicarpet.it\/de\/","name":"Radici Moquette","description":"","potentialAction":[{"@type":"SearchAction","target":{"@type":"EntryPoint","urlTemplate":"https:\/\/www.radicicarpet.it\/de\/?s={search_term_string}"},"query-input":{"@type":"PropertyValueSpecification","valueRequired":true,"valueName":"search_term_string"}}],"inLanguage":"de-DE"},{"@type":"Person","@id":"https:\/\/www.radicicarpet.it\/de\/#\/schema\/person\/17665ade8c4d839cac4f0be6566ddc53","name":"Valentina Gamba","image":{"@type":"ImageObject","inLanguage":"de-DE","@id":"https:\/\/secure.gravatar.com\/avatar\/14952b16d336fc85aa3ff8024840b9e1c17781a1ca7c3414c220bf2ec8c7ccb3?s=96&d=mm&r=g","url":"https:\/\/secure.gravatar.com\/avatar\/14952b16d336fc85aa3ff8024840b9e1c17781a1ca7c3414c220bf2ec8c7ccb3?s=96&d=mm&r=g","contentUrl":"https:\/\/secure.gravatar.com\/avatar\/14952b16d336fc85aa3ff8024840b9e1c17781a1ca7c3414c220bf2ec8c7ccb3?s=96&d=mm&r=g","caption":"Valentina Gamba"}}]}},"_links":{"self":[{"href":"https:\/\/www.radicicarpet.it\/de\/wp-json\/wp\/v2\/posts\/21634","targetHints":{"allow":["GET"]}}],"collection":[{"href":"https:\/\/www.radicicarpet.it\/de\/wp-json\/wp\/v2\/posts"}],"about":[{"href":"https:\/\/www.radicicarpet.it\/de\/wp-json\/wp\/v2\/types\/post"}],"author":[{"embeddable":true,"href":"https:\/\/www.radicicarpet.it\/de\/wp-json\/wp\/v2\/users\/5"}],"replies":[{"embeddable":true,"href":"https:\/\/www.radicicarpet.it\/de\/wp-json\/wp\/v2\/comments?post=21634"}],"version-history":[{"count":8,"href":"https:\/\/www.radicicarpet.it\/de\/wp-json\/wp\/v2\/posts\/21634\/revisions"}],"predecessor-version":[{"id":21689,"href":"https:\/\/www.radicicarpet.it\/de\/wp-json\/wp\/v2\/posts\/21634\/revisions\/21689"}],"wp:featuredmedia":[{"embeddable":true,"href":"https:\/\/www.radicicarpet.it\/de\/wp-json\/wp\/v2\/media\/21434"}],"wp:attachment":[{"href":"https:\/\/www.radicicarpet.it\/de\/wp-json\/wp\/v2\/media?parent=21634"}],"wp:term":[{"taxonomy":"category","embeddable":true,"href":"https:\/\/www.radicicarpet.it\/de\/wp-json\/wp\/v2\/categories?post=21634"},{"taxonomy":"post_tag","embeddable":true,"href":"https:\/\/www.radicicarpet.it\/de\/wp-json\/wp\/v2\/tags?post=21634"}],"curies":[{"name":"wp","href":"https:\/\/api.w.org\/{rel}","templated":true}]}}