{"id":21031,"date":"2025-07-10T10:00:00","date_gmt":"2025-07-10T08:00:00","guid":{"rendered":"https:\/\/www.radicicarpet.it\/?p=21031"},"modified":"2025-06-23T17:58:07","modified_gmt":"2025-06-23T15:58:07","slug":"teppichboden-fuer-geschaefte-komfort-design-und-markenidentitaet-radici-carpet","status":"publish","type":"post","link":"https:\/\/www.radicicarpet.it\/de\/news-de\/teppichboden-fuer-geschaefte-komfort-design-und-markenidentitaet-radici-carpet\/","title":{"rendered":"Ladenteppich mit Stil"},"content":{"rendered":"\n<figure class=\"wp-block-gallery has-nested-images columns-default is-cropped wp-block-gallery-1 is-layout-flex wp-block-gallery-is-layout-flex\">\n<figure class=\"wp-block-image size-large\"><img decoding=\"async\" width=\"816\" height=\"544\" data-id=\"4102\" src=\"https:\/\/www.radicicarpet.it\/app\/uploads\/2023\/09\/0-Bimba-y-Lola-Stores.webp\" alt=\"Digital bedruckter Teppichboden mit Markenfarben in einem Concept Store\" class=\"wp-image-4102\" srcset=\"https:\/\/www.radicicarpet.it\/app\/uploads\/2023\/09\/0-Bimba-y-Lola-Stores.webp 816w, https:\/\/www.radicicarpet.it\/app\/uploads\/2023\/09\/0-Bimba-y-Lola-Stores-300x200.webp 300w, https:\/\/www.radicicarpet.it\/app\/uploads\/2023\/09\/0-Bimba-y-Lola-Stores-768x512.webp 768w\" sizes=\"(max-width: 816px) 100vw, 816px\" \/><\/figure>\n\n\n\n<figure class=\"wp-block-image size-large\"><img decoding=\"async\" width=\"819\" height=\"1024\" data-id=\"4104\" src=\"https:\/\/www.radicicarpet.it\/app\/uploads\/2023\/09\/BEL-3-819x1024.webp\" alt=\"Ma\u00dfgeschneiderter Teppichboden mit geometrischem Muster in einer Boutique\n\n\" class=\"wp-image-4104\" srcset=\"https:\/\/www.radicicarpet.it\/app\/uploads\/2023\/09\/BEL-3-819x1024.webp 819w, https:\/\/www.radicicarpet.it\/app\/uploads\/2023\/09\/BEL-3-240x300.webp 240w, https:\/\/www.radicicarpet.it\/app\/uploads\/2023\/09\/BEL-3-768x960.webp 768w, https:\/\/www.radicicarpet.it\/app\/uploads\/2023\/09\/BEL-3.webp 1120w\" sizes=\"(max-width: 819px) 100vw, 819px\" \/><\/figure>\n<\/figure>\n\n\n\n<h2 class=\"wp-block-heading\"><strong>Die Vorteile von Teppichboden im Einzelhandel<\/strong><\/h2>\n\n\n\n<p><br><strong><em>Komfort und W\u00e4rmed\u00e4mmung<br><\/em><\/strong>Jeder Schritt erz\u00e4hlt eine Geschichte. Das Gehen auf einer weichen, warmen Oberfl\u00e4che vermittelt sofort ein Gef\u00fchl von Wohlbefinden. Teppichboden verbessert die thermische Behaglichkeit des Raumes, speichert W\u00e4rme und sorgt f\u00fcr ein angenehmes haptisches Erlebnis, das zur einladenden Atmosph\u00e4re beitr\u00e4gt.<\/p>\n\n\n\n<p><strong><em>Schalld\u00e4mmung<br><\/em><\/strong>Ein akustisch ausgewogener Laden strahlt Ruhe und Professionalit\u00e4t aus. Teppich absorbiert Trittschall, reduziert Nachhall und schafft eine ruhigere und entspanntere Umgebung \u2013 ideal f\u00fcr Boutiquen, Galerien, Showrooms und Concept Stores, in denen die Atmosph\u00e4re ebenso wichtig ist wie das Layout.<\/p>\n\n\n\n<p><strong><em>Designvielfalt und Farbwahl<br><\/em><\/strong>Von elegantem Grau und Taupe bis hin zu mutigen Farbt\u00f6nen \u2013 Teppichb\u00f6den geben dem Raum Charakter. Radici Carpet bietet ma\u00dfgeschneiderte Muster, strukturierte Texturen und individuelle Designs, die es erm\u00f6glichen, den Stil des Gesch\u00e4fts auch durch die Bodengestaltung auszudr\u00fccken. Die Kombinationen verschmelzen mit dem Interieur zu einem immersiven, koh\u00e4renten Erlebnis.<\/p>\n\n\n\n<p><strong><em>Einfache Reinigung und Pflege<br><\/em><\/strong>Dank innovativer Materialien wie Polyamid sind moderne Teppichb\u00f6den strapazierf\u00e4hig und pflegeleicht. Schmutzabweisende und staubresistente Beschichtungen sorgen f\u00fcr ein makelloses Erscheinungsbild \u2013 auch bei hoher Kundenfrequenz. Ein langlebiger Bodenbelag, der Eleganz nicht einb\u00fc\u00dft.<\/p>\n\n\n\n<p><strong><em>Einfluss auf das Einkaufserlebnis<br><\/em><\/strong>Die Customer Experience beginnt beim Betreten des Ladens. Teppichboden empf\u00e4ngt, l\u00e4dt zum Verweilen ein und bringt K\u00f6rper und Raum in Einklang. Das Gef\u00fchl von Komfort verl\u00e4ngert den Aufenthalt, f\u00f6rdert die Produktentdeckung und st\u00e4rkt das Markenimage. Ein unsichtbares, aber wirkungsvolles Element, das einen Unterschied macht.<\/p>\n\n\n\n<h2 class=\"wp-block-heading\">Wichtige Auswahlkriterien f\u00fcr Teppichb\u00f6den im Handel<\/h2>\n\n\n\n<p><strong><em><br>Materialien und Leistung<br><\/em><\/strong>Jedes Projekt stellt spezifische Anforderungen. Im Premiumsegment sind dichte, edle Strukturen gefragt, die Form und Farbe langfristig erhalten. Regenerierte Fasern wie ECONYL\u00ae vereinen \u00c4sthetik mit Umweltbewusstsein. Monomaterial-Tr\u00e4gerr\u00fccken erleichtern das Recycling und unterst\u00fctzen eine nachhaltige Planung.<\/p>\n\n\n\n<p><strong><em>Strapazierf\u00e4higkeit bei hoher Frequentierung<br><\/em><\/strong>Eing\u00e4nge, G\u00e4nge, Ausstellungsfl\u00e4chen \u2013 diese Bereiche erfordern langlebige L\u00f6sungen, ohne \u00e4sthetische Kompromisse. Die Kollektionen von Radici Carpet sind so konzipiert, dass sie intensive Nutzung aushalten und dabei ihre Weichheit und Farbintensit\u00e4t bewahren.<\/p>\n\n\n\n<p><strong><em>Stil und Markenidentit\u00e4t<br><\/em><\/strong>Der Bodenbelag ist Teil des Gesamtbilds. Er kann ein minimalistisches Konzept unterst\u00fctzen oder als visuelles Highlight wirken. Dank hochaufl\u00f6sender Digitaldrucktechnologien k\u00f6nnen Teppichmuster an Kollektionen, Markenfarben oder die Warenpr\u00e4sentation angepasst werden \u2013 nicht nur passend zum Konzept, sondern als Teil davon.<\/p>\n\n\n\n<figure class=\"wp-block-gallery has-nested-images columns-default is-cropped wp-block-gallery-2 is-layout-flex wp-block-gallery-is-layout-flex\">\n<figure class=\"wp-block-image size-large\"><img decoding=\"async\" width=\"1024\" height=\"683\" data-id=\"20481\" src=\"https:\/\/www.radicicarpet.it\/app\/uploads\/2025\/04\/Stone-Island-01-1024x683.webp\" alt=\"Hochwertiger Teppich in Taupe-T\u00f6nen in einem modernen Modegesch\u00e4ft\n\n\" class=\"wp-image-20481\" srcset=\"https:\/\/www.radicicarpet.it\/app\/uploads\/2025\/04\/Stone-Island-01-1024x683.webp 1024w, https:\/\/www.radicicarpet.it\/app\/uploads\/2025\/04\/Stone-Island-01-300x200.webp 300w, https:\/\/www.radicicarpet.it\/app\/uploads\/2025\/04\/Stone-Island-01-768x512.webp 768w, https:\/\/www.radicicarpet.it\/app\/uploads\/2025\/04\/Stone-Island-01-1536x1024.webp 1536w, https:\/\/www.radicicarpet.it\/app\/uploads\/2025\/04\/Stone-Island-01-2048x1365.webp 2048w\" sizes=\"(max-width: 1024px) 100vw, 1024px\" \/><\/figure>\n\n\n\n<figure class=\"wp-block-image size-large\"><img decoding=\"async\" width=\"1024\" height=\"683\" data-id=\"5234\" src=\"https:\/\/www.radicicarpet.it\/app\/uploads\/2023\/10\/Bari_5-1024x683.webp\" alt=\"Texturierter Teppich mit individuellen Farben f\u00fcr ein stilvolles Einkaufserlebnis\n\n\" class=\"wp-image-5234\" srcset=\"https:\/\/www.radicicarpet.it\/app\/uploads\/2023\/10\/Bari_5-1024x683.webp 1024w, https:\/\/www.radicicarpet.it\/app\/uploads\/2023\/10\/Bari_5-300x200.webp 300w, https:\/\/www.radicicarpet.it\/app\/uploads\/2023\/10\/Bari_5-768x512.webp 768w, https:\/\/www.radicicarpet.it\/app\/uploads\/2023\/10\/Bari_5-1536x1024.webp 1536w, https:\/\/www.radicicarpet.it\/app\/uploads\/2023\/10\/Bari_5-2048x1365.webp 2048w\" sizes=\"(max-width: 1024px) 100vw, 1024px\" \/><\/figure>\n<\/figure>\n\n\n\n<p><strong><em>Pflege und Instandhaltung: f\u00fcr Erscheinung und Werterhalt<br><\/em><\/strong>Ein gut gepflegter Teppichboden bewahrt seine Wirkung \u00fcber Jahre hinweg.<\/p>\n\n\n\n<p>T\u00e4gliche Reinigung: Verwendung von Staubsaugern mit HEPA-Filtern, um die Oberfl\u00e4che sauber und staubfrei zu halten.<\/p>\n\n\n\n<p>Gezielte Fleckentfernung: Schnelles Handeln mit milden Reinigern hilft, Fasern und Farben zu schonen.<\/p>\n\n\n\n<p>Saisonale Tiefenreinigung: Professionelle Pflege mit Dampfreinigung oder Trockenverfahren verl\u00e4ngert die Lebensdauer und sorgt f\u00fcr Hygiene auf h\u00f6chstem Niveau.<\/p>\n\n\n\n<p>Jede Pflegema\u00dfnahme st\u00e4rkt das Image des Ladens \u2013 und im Einzelhandel ist das Erscheinungsbild entscheidend.<\/p>\n\n\n\n<p><strong><em>Fazit<br><\/em><\/strong>Die Wahl eines Teppichbodens f\u00fcr den Laden ist mehr als funktionale Entscheidung \u2013 sie definiert eine Erfahrung, eine Botschaft, eine Identit\u00e4t. Mit Radici Carpet wird jede Fl\u00e4che zu einer Einladung zum Verweilen, Beobachten und Entdecken.<\/p>\n\n\n\n<p>Unsere beliebtesten Shop-Designs: <a href=\"https:\/\/www.radicicarpet.it\/de\/projekte\/bimba-y-lola-stores\/\">Bimba Y Lola<\/a>, <a href=\"https:\/\/www.radicicarpet.it\/de\/projekte\/bentley-showroom\/\">Ben<\/a><a href=\"https:\/\/www.radicicarpet.it\/de\/projekte\/bentley-showroom\/\">t<\/a><a href=\"https:\/\/www.radicicarpet.it\/de\/projekte\/bentley-showroom\/\">ley<\/a><\/p>\n\n\n\n<h2 class=\"wp-block-heading\">Empfohlene Produkte<\/h2>\n\n\n\n<p><br><\/p>\n\n\n\n<figure class=\"wp-block-gallery has-nested-images columns-default is-cropped wp-block-gallery-3 is-layout-flex wp-block-gallery-is-layout-flex\">\n<figure class=\"wp-block-image size-large\"><a href=\"https:\/\/www.radicicarpet.it\/de\/produkte\/dolcevita\/\"><img decoding=\"async\" width=\"819\" height=\"1024\" data-id=\"2535\" src=\"https:\/\/www.radicicarpet.it\/app\/uploads\/2023\/09\/Dolcevita_1-819x1024.webp\" alt=\"Teppich mit organischen Mustern abgestimmt auf das Interior Design\n\n\" class=\"wp-image-2535\" srcset=\"https:\/\/www.radicicarpet.it\/app\/uploads\/2023\/09\/Dolcevita_1-819x1024.webp 819w, https:\/\/www.radicicarpet.it\/app\/uploads\/2023\/09\/Dolcevita_1-240x300.webp 240w, https:\/\/www.radicicarpet.it\/app\/uploads\/2023\/09\/Dolcevita_1-768x960.webp 768w, https:\/\/www.radicicarpet.it\/app\/uploads\/2023\/09\/Dolcevita_1.webp 1120w\" sizes=\"(max-width: 819px) 100vw, 819px\" \/><\/a><figcaption class=\"wp-element-caption\">Dolcevita<\/figcaption><\/figure>\n\n\n\n<figure class=\"wp-block-image size-large\"><a href=\"https:\/\/www.radicicarpet.it\/de\/produkte\/bloom-back\/\"><img decoding=\"async\" width=\"683\" height=\"1024\" data-id=\"18011\" src=\"https:\/\/www.radicicarpet.it\/app\/uploads\/2024\/10\/Bloom_Back_6-683x1024.webp\" alt=\"Weicher Teppichboden f\u00fcr ein warmes und komfortables Einkaufserlebnis\n\n\" class=\"wp-image-18011\" srcset=\"https:\/\/www.radicicarpet.it\/app\/uploads\/2024\/10\/Bloom_Back_6-683x1024.webp 683w, https:\/\/www.radicicarpet.it\/app\/uploads\/2024\/10\/Bloom_Back_6-200x300.webp 200w, https:\/\/www.radicicarpet.it\/app\/uploads\/2024\/10\/Bloom_Back_6-768x1152.webp 768w, https:\/\/www.radicicarpet.it\/app\/uploads\/2024\/10\/Bloom_Back_6-1024x1536.webp 1024w, https:\/\/www.radicicarpet.it\/app\/uploads\/2024\/10\/Bloom_Back_6-1365x2048.webp 1365w, https:\/\/www.radicicarpet.it\/app\/uploads\/2024\/10\/Bloom_Back_6-scaled.webp 1707w\" sizes=\"(max-width: 683px) 100vw, 683px\" \/><\/a><figcaption class=\"wp-element-caption\">Bloom Back<\/figcaption><\/figure>\n\n\n\n<figure class=\"wp-block-image size-large\"><a href=\"https:\/\/www.radicicarpet.it\/de\/produkte\/handtuft\/\"><img decoding=\"async\" width=\"682\" height=\"1024\" data-id=\"5618\" src=\"https:\/\/www.radicicarpet.it\/app\/uploads\/2023\/10\/Handtuft_5-682x1024.webp\" alt=\"Akustisch wirksamer Teppichboden zur Reduzierung von Trittschall im Laden\n\n\" class=\"wp-image-5618\" srcset=\"https:\/\/www.radicicarpet.it\/app\/uploads\/2023\/10\/Handtuft_5-682x1024.webp 682w, https:\/\/www.radicicarpet.it\/app\/uploads\/2023\/10\/Handtuft_5-200x300.webp 200w, https:\/\/www.radicicarpet.it\/app\/uploads\/2023\/10\/Handtuft_5-768x1154.webp 768w, https:\/\/www.radicicarpet.it\/app\/uploads\/2023\/10\/Handtuft_5.webp 932w\" sizes=\"(max-width: 682px) 100vw, 682px\" \/><\/a><figcaption class=\"wp-element-caption\">Handtuft<\/figcaption><\/figure>\n\n\n\n<figure class=\"wp-block-image size-large\"><a href=\"https:\/\/www.radicicarpet.it\/de\/produkte\/hi-decor\/\"><img decoding=\"async\" width=\"768\" height=\"1024\" data-id=\"3402\" src=\"https:\/\/www.radicicarpet.it\/app\/uploads\/2023\/09\/fsg6-768x1024.webp\" alt=\"Ger\u00e4uschd\u00e4mmender Teppichboden in einem eleganten Showroom\n\n\" class=\"wp-image-3402\" srcset=\"https:\/\/www.radicicarpet.it\/app\/uploads\/2023\/09\/fsg6-768x1024.webp 768w, https:\/\/www.radicicarpet.it\/app\/uploads\/2023\/09\/fsg6-225x300.webp 225w, https:\/\/www.radicicarpet.it\/app\/uploads\/2023\/09\/fsg6.webp 1050w\" sizes=\"(max-width: 768px) 100vw, 768px\" \/><\/a><figcaption class=\"wp-element-caption\">Hi-Decor<\/figcaption><\/figure>\n\n\n\n<figure class=\"wp-block-image size-large\"><a href=\"https:\/\/www.radicicarpet.it\/de\/produkte\/bloom\/\"><img decoding=\"async\" width=\"768\" height=\"1024\" data-id=\"4963\" src=\"https:\/\/www.radicicarpet.it\/app\/uploads\/2023\/10\/Bloom_7-768x1024.webp\" alt=\"Texturierter Teppich mit individuellen Farben f\u00fcr ein stilvolles Einkaufserlebnis\n\n\" class=\"wp-image-4963\" srcset=\"https:\/\/www.radicicarpet.it\/app\/uploads\/2023\/10\/Bloom_7-768x1024.webp 768w, https:\/\/www.radicicarpet.it\/app\/uploads\/2023\/10\/Bloom_7-225x300.webp 225w, https:\/\/www.radicicarpet.it\/app\/uploads\/2023\/10\/Bloom_7.webp 1050w\" sizes=\"(max-width: 768px) 100vw, 768px\" \/><\/a><figcaption class=\"wp-element-caption\">Bloom<\/figcaption><\/figure>\n\n\n\n<figure class=\"wp-block-image size-large\"><a href=\"https:\/\/www.radicicarpet.it\/de\/produkte\/abetone\/\"><img decoding=\"async\" width=\"768\" height=\"1024\" data-id=\"2439\" src=\"https:\/\/www.radicicarpet.it\/app\/uploads\/2023\/09\/Abetone_1-768x1024.webp\" alt=\"Teppich mit organischen Mustern abgestimmt auf das Interior Design\n\n\" class=\"wp-image-2439\" srcset=\"https:\/\/www.radicicarpet.it\/app\/uploads\/2023\/09\/Abetone_1-768x1024.webp 768w, https:\/\/www.radicicarpet.it\/app\/uploads\/2023\/09\/Abetone_1-225x300.webp 225w, https:\/\/www.radicicarpet.it\/app\/uploads\/2023\/09\/Abetone_1.webp 1050w\" sizes=\"(max-width: 768px) 100vw, 768px\" \/><\/a><figcaption class=\"wp-element-caption\">Abetone<\/figcaption><\/figure>\n<\/figure>\n","protected":false},"excerpt":{"rendered":"<p>Im modernen Einzelhandel ist die Raumgestaltung ein wesentlicher Bestandteil der Markenkommunikation. Teppichboden, mit seiner textilen Beschaffenheit und gestalterischen Vielfalt, verbindet Material und Atmosph\u00e4re, Komfort und visuelle Sprache.<\/p>\n","protected":false},"author":5,"featured_media":10739,"comment_status":"open","ping_status":"open","sticky":false,"template":"","format":"standard","meta":{"_acf_changed":false,"inline_featured_image":false,"footnotes":""},"categories":[1726],"tags":[],"class_list":["post-21031","post","type-post","status-publish","format-standard","has-post-thumbnail","hentry","category-news-de"],"acf":[],"yoast_head":"<!-- This site is optimized with the Yoast SEO plugin v27.5 - https:\/\/yoast.com\/product\/yoast-seo-wordpress\/ -->\n<title>Ladenteppich mit Stil | Radici<\/title>\n<meta name=\"description\" content=\"Erleben Sie die Vorteile von Teppichb\u00f6den im Einzelhandel: W\u00e4rmekomfort, Schallschutz, individuelles Design und hohe Strapazierf\u00e4higkeit.\" \/>\n<meta name=\"robots\" content=\"index, follow, max-snippet:-1, max-image-preview:large, max-video-preview:-1\" \/>\n<link rel=\"canonical\" href=\"https:\/\/www.radicicarpet.it\/de\/news-de\/teppichboden-fuer-geschaefte-komfort-design-und-markenidentitaet-radici-carpet\/\" \/>\n<meta property=\"og:locale\" content=\"de_DE\" \/>\n<meta property=\"og:type\" content=\"article\" \/>\n<meta property=\"og:title\" content=\"Ladenteppich mit Stil | Radici\" \/>\n<meta property=\"og:description\" content=\"Erleben Sie die Vorteile von Teppichb\u00f6den im Einzelhandel: W\u00e4rmekomfort, Schallschutz, individuelles Design und hohe Strapazierf\u00e4higkeit.\" \/>\n<meta property=\"og:url\" content=\"https:\/\/www.radicicarpet.it\/de\/news-de\/teppichboden-fuer-geschaefte-komfort-design-und-markenidentitaet-radici-carpet\/\" \/>\n<meta property=\"og:site_name\" content=\"Radici\" \/>\n<meta property=\"article:published_time\" content=\"2025-07-10T08:00:00+00:00\" \/>\n<meta property=\"og:image\" content=\"https:\/\/www.radicicarpet.it\/app\/uploads\/2023\/09\/0-Bimba-y-Lola-Stores.webp\" \/>\n\t<meta property=\"og:image:width\" content=\"816\" \/>\n\t<meta property=\"og:image:height\" content=\"544\" \/>\n\t<meta property=\"og:image:type\" content=\"image\/webp\" \/>\n<meta name=\"author\" content=\"Valentina Gamba\" \/>\n<meta name=\"twitter:card\" content=\"summary_large_image\" \/>\n<meta name=\"twitter:label1\" content=\"Written by\" \/>\n\t<meta name=\"twitter:data1\" content=\"Valentina Gamba\" \/>\n\t<meta name=\"twitter:label2\" content=\"Est. reading time\" \/>\n\t<meta name=\"twitter:data2\" content=\"5 minutes\" \/>\n<script type=\"application\/ld+json\" class=\"yoast-schema-graph\">{\"@context\":\"https:\\\/\\\/schema.org\",\"@graph\":[{\"@type\":\"Article\",\"@id\":\"https:\\\/\\\/www.radicicarpet.it\\\/de\\\/news-de\\\/teppichboden-fuer-geschaefte-komfort-design-und-markenidentitaet-radici-carpet\\\/#article\",\"isPartOf\":{\"@id\":\"https:\\\/\\\/www.radicicarpet.it\\\/de\\\/news-de\\\/teppichboden-fuer-geschaefte-komfort-design-und-markenidentitaet-radici-carpet\\\/\"},\"author\":{\"name\":\"Valentina Gamba\",\"@id\":\"https:\\\/\\\/www.radicicarpet.it\\\/de\\\/#\\\/schema\\\/person\\\/17665ade8c4d839cac4f0be6566ddc53\"},\"headline\":\"Ladenteppich mit Stil\",\"datePublished\":\"2025-07-10T08:00:00+00:00\",\"mainEntityOfPage\":{\"@id\":\"https:\\\/\\\/www.radicicarpet.it\\\/de\\\/news-de\\\/teppichboden-fuer-geschaefte-komfort-design-und-markenidentitaet-radici-carpet\\\/\"},\"wordCount\":534,\"commentCount\":0,\"image\":{\"@id\":\"https:\\\/\\\/www.radicicarpet.it\\\/de\\\/news-de\\\/teppichboden-fuer-geschaefte-komfort-design-und-markenidentitaet-radici-carpet\\\/#primaryimage\"},\"thumbnailUrl\":\"https:\\\/\\\/www.radicicarpet.it\\\/app\\\/uploads\\\/2023\\\/09\\\/0-Bimba-y-Lola-Stores.webp\",\"articleSection\":[\"News\"],\"inLanguage\":\"de-DE\",\"potentialAction\":[{\"@type\":\"CommentAction\",\"name\":\"Comment\",\"target\":[\"https:\\\/\\\/www.radicicarpet.it\\\/de\\\/news-de\\\/teppichboden-fuer-geschaefte-komfort-design-und-markenidentitaet-radici-carpet\\\/#respond\"]}]},{\"@type\":\"WebPage\",\"@id\":\"https:\\\/\\\/www.radicicarpet.it\\\/de\\\/news-de\\\/teppichboden-fuer-geschaefte-komfort-design-und-markenidentitaet-radici-carpet\\\/\",\"url\":\"https:\\\/\\\/www.radicicarpet.it\\\/de\\\/news-de\\\/teppichboden-fuer-geschaefte-komfort-design-und-markenidentitaet-radici-carpet\\\/\",\"name\":\"Ladenteppich mit Stil | Radici\",\"isPartOf\":{\"@id\":\"https:\\\/\\\/www.radicicarpet.it\\\/de\\\/#website\"},\"primaryImageOfPage\":{\"@id\":\"https:\\\/\\\/www.radicicarpet.it\\\/de\\\/news-de\\\/teppichboden-fuer-geschaefte-komfort-design-und-markenidentitaet-radici-carpet\\\/#primaryimage\"},\"image\":{\"@id\":\"https:\\\/\\\/www.radicicarpet.it\\\/de\\\/news-de\\\/teppichboden-fuer-geschaefte-komfort-design-und-markenidentitaet-radici-carpet\\\/#primaryimage\"},\"thumbnailUrl\":\"https:\\\/\\\/www.radicicarpet.it\\\/app\\\/uploads\\\/2023\\\/09\\\/0-Bimba-y-Lola-Stores.webp\",\"datePublished\":\"2025-07-10T08:00:00+00:00\",\"author\":{\"@id\":\"https:\\\/\\\/www.radicicarpet.it\\\/de\\\/#\\\/schema\\\/person\\\/17665ade8c4d839cac4f0be6566ddc53\"},\"description\":\"Erleben Sie die Vorteile von Teppichb\u00f6den im Einzelhandel: W\u00e4rmekomfort, Schallschutz, individuelles Design und hohe Strapazierf\u00e4higkeit.\",\"breadcrumb\":{\"@id\":\"https:\\\/\\\/www.radicicarpet.it\\\/de\\\/news-de\\\/teppichboden-fuer-geschaefte-komfort-design-und-markenidentitaet-radici-carpet\\\/#breadcrumb\"},\"inLanguage\":\"de-DE\",\"potentialAction\":[{\"@type\":\"ReadAction\",\"target\":[\"https:\\\/\\\/www.radicicarpet.it\\\/de\\\/news-de\\\/teppichboden-fuer-geschaefte-komfort-design-und-markenidentitaet-radici-carpet\\\/\"]}]},{\"@type\":\"ImageObject\",\"inLanguage\":\"de-DE\",\"@id\":\"https:\\\/\\\/www.radicicarpet.it\\\/de\\\/news-de\\\/teppichboden-fuer-geschaefte-komfort-design-und-markenidentitaet-radici-carpet\\\/#primaryimage\",\"url\":\"https:\\\/\\\/www.radicicarpet.it\\\/app\\\/uploads\\\/2023\\\/09\\\/0-Bimba-y-Lola-Stores.webp\",\"contentUrl\":\"https:\\\/\\\/www.radicicarpet.it\\\/app\\\/uploads\\\/2023\\\/09\\\/0-Bimba-y-Lola-Stores.webp\",\"width\":816,\"height\":544},{\"@type\":\"BreadcrumbList\",\"@id\":\"https:\\\/\\\/www.radicicarpet.it\\\/de\\\/news-de\\\/teppichboden-fuer-geschaefte-komfort-design-und-markenidentitaet-radici-carpet\\\/#breadcrumb\",\"itemListElement\":[{\"@type\":\"ListItem\",\"position\":1,\"name\":\"Home\",\"item\":\"https:\\\/\\\/www.radicicarpet.it\\\/de\\\/\"},{\"@type\":\"ListItem\",\"position\":2,\"name\":\"Ladenteppich mit Stil\"}]},{\"@type\":\"WebSite\",\"@id\":\"https:\\\/\\\/www.radicicarpet.it\\\/de\\\/#website\",\"url\":\"https:\\\/\\\/www.radicicarpet.it\\\/de\\\/\",\"name\":\"Radici Moquette\",\"description\":\"\",\"potentialAction\":[{\"@type\":\"SearchAction\",\"target\":{\"@type\":\"EntryPoint\",\"urlTemplate\":\"https:\\\/\\\/www.radicicarpet.it\\\/de\\\/?s={search_term_string}\"},\"query-input\":{\"@type\":\"PropertyValueSpecification\",\"valueRequired\":true,\"valueName\":\"search_term_string\"}}],\"inLanguage\":\"de-DE\"},{\"@type\":\"Person\",\"@id\":\"https:\\\/\\\/www.radicicarpet.it\\\/de\\\/#\\\/schema\\\/person\\\/17665ade8c4d839cac4f0be6566ddc53\",\"name\":\"Valentina Gamba\",\"image\":{\"@type\":\"ImageObject\",\"inLanguage\":\"de-DE\",\"@id\":\"https:\\\/\\\/secure.gravatar.com\\\/avatar\\\/14952b16d336fc85aa3ff8024840b9e1c17781a1ca7c3414c220bf2ec8c7ccb3?s=96&d=mm&r=g\",\"url\":\"https:\\\/\\\/secure.gravatar.com\\\/avatar\\\/14952b16d336fc85aa3ff8024840b9e1c17781a1ca7c3414c220bf2ec8c7ccb3?s=96&d=mm&r=g\",\"contentUrl\":\"https:\\\/\\\/secure.gravatar.com\\\/avatar\\\/14952b16d336fc85aa3ff8024840b9e1c17781a1ca7c3414c220bf2ec8c7ccb3?s=96&d=mm&r=g\",\"caption\":\"Valentina Gamba\"}}]}<\/script>\n<!-- \/ Yoast SEO plugin. -->","yoast_head_json":{"title":"Ladenteppich mit Stil | Radici","description":"Erleben Sie die Vorteile von Teppichb\u00f6den im Einzelhandel: W\u00e4rmekomfort, Schallschutz, individuelles Design und hohe Strapazierf\u00e4higkeit.","robots":{"index":"index","follow":"follow","max-snippet":"max-snippet:-1","max-image-preview":"max-image-preview:large","max-video-preview":"max-video-preview:-1"},"canonical":"https:\/\/www.radicicarpet.it\/de\/news-de\/teppichboden-fuer-geschaefte-komfort-design-und-markenidentitaet-radici-carpet\/","og_locale":"de_DE","og_type":"article","og_title":"Ladenteppich mit Stil | Radici","og_description":"Erleben Sie die Vorteile von Teppichb\u00f6den im Einzelhandel: W\u00e4rmekomfort, Schallschutz, individuelles Design und hohe Strapazierf\u00e4higkeit.","og_url":"https:\/\/www.radicicarpet.it\/de\/news-de\/teppichboden-fuer-geschaefte-komfort-design-und-markenidentitaet-radici-carpet\/","og_site_name":"Radici","article_published_time":"2025-07-10T08:00:00+00:00","og_image":[{"width":816,"height":544,"url":"https:\/\/www.radicicarpet.it\/app\/uploads\/2023\/09\/0-Bimba-y-Lola-Stores.webp","type":"image\/webp"}],"author":"Valentina Gamba","twitter_card":"summary_large_image","twitter_misc":{"Written by":"Valentina Gamba","Est. reading time":"5 minutes"},"schema":{"@context":"https:\/\/schema.org","@graph":[{"@type":"Article","@id":"https:\/\/www.radicicarpet.it\/de\/news-de\/teppichboden-fuer-geschaefte-komfort-design-und-markenidentitaet-radici-carpet\/#article","isPartOf":{"@id":"https:\/\/www.radicicarpet.it\/de\/news-de\/teppichboden-fuer-geschaefte-komfort-design-und-markenidentitaet-radici-carpet\/"},"author":{"name":"Valentina Gamba","@id":"https:\/\/www.radicicarpet.it\/de\/#\/schema\/person\/17665ade8c4d839cac4f0be6566ddc53"},"headline":"Ladenteppich mit Stil","datePublished":"2025-07-10T08:00:00+00:00","mainEntityOfPage":{"@id":"https:\/\/www.radicicarpet.it\/de\/news-de\/teppichboden-fuer-geschaefte-komfort-design-und-markenidentitaet-radici-carpet\/"},"wordCount":534,"commentCount":0,"image":{"@id":"https:\/\/www.radicicarpet.it\/de\/news-de\/teppichboden-fuer-geschaefte-komfort-design-und-markenidentitaet-radici-carpet\/#primaryimage"},"thumbnailUrl":"https:\/\/www.radicicarpet.it\/app\/uploads\/2023\/09\/0-Bimba-y-Lola-Stores.webp","articleSection":["News"],"inLanguage":"de-DE","potentialAction":[{"@type":"CommentAction","name":"Comment","target":["https:\/\/www.radicicarpet.it\/de\/news-de\/teppichboden-fuer-geschaefte-komfort-design-und-markenidentitaet-radici-carpet\/#respond"]}]},{"@type":"WebPage","@id":"https:\/\/www.radicicarpet.it\/de\/news-de\/teppichboden-fuer-geschaefte-komfort-design-und-markenidentitaet-radici-carpet\/","url":"https:\/\/www.radicicarpet.it\/de\/news-de\/teppichboden-fuer-geschaefte-komfort-design-und-markenidentitaet-radici-carpet\/","name":"Ladenteppich mit Stil | Radici","isPartOf":{"@id":"https:\/\/www.radicicarpet.it\/de\/#website"},"primaryImageOfPage":{"@id":"https:\/\/www.radicicarpet.it\/de\/news-de\/teppichboden-fuer-geschaefte-komfort-design-und-markenidentitaet-radici-carpet\/#primaryimage"},"image":{"@id":"https:\/\/www.radicicarpet.it\/de\/news-de\/teppichboden-fuer-geschaefte-komfort-design-und-markenidentitaet-radici-carpet\/#primaryimage"},"thumbnailUrl":"https:\/\/www.radicicarpet.it\/app\/uploads\/2023\/09\/0-Bimba-y-Lola-Stores.webp","datePublished":"2025-07-10T08:00:00+00:00","author":{"@id":"https:\/\/www.radicicarpet.it\/de\/#\/schema\/person\/17665ade8c4d839cac4f0be6566ddc53"},"description":"Erleben Sie die Vorteile von Teppichb\u00f6den im Einzelhandel: W\u00e4rmekomfort, Schallschutz, individuelles Design und hohe Strapazierf\u00e4higkeit.","breadcrumb":{"@id":"https:\/\/www.radicicarpet.it\/de\/news-de\/teppichboden-fuer-geschaefte-komfort-design-und-markenidentitaet-radici-carpet\/#breadcrumb"},"inLanguage":"de-DE","potentialAction":[{"@type":"ReadAction","target":["https:\/\/www.radicicarpet.it\/de\/news-de\/teppichboden-fuer-geschaefte-komfort-design-und-markenidentitaet-radici-carpet\/"]}]},{"@type":"ImageObject","inLanguage":"de-DE","@id":"https:\/\/www.radicicarpet.it\/de\/news-de\/teppichboden-fuer-geschaefte-komfort-design-und-markenidentitaet-radici-carpet\/#primaryimage","url":"https:\/\/www.radicicarpet.it\/app\/uploads\/2023\/09\/0-Bimba-y-Lola-Stores.webp","contentUrl":"https:\/\/www.radicicarpet.it\/app\/uploads\/2023\/09\/0-Bimba-y-Lola-Stores.webp","width":816,"height":544},{"@type":"BreadcrumbList","@id":"https:\/\/www.radicicarpet.it\/de\/news-de\/teppichboden-fuer-geschaefte-komfort-design-und-markenidentitaet-radici-carpet\/#breadcrumb","itemListElement":[{"@type":"ListItem","position":1,"name":"Home","item":"https:\/\/www.radicicarpet.it\/de\/"},{"@type":"ListItem","position":2,"name":"Ladenteppich mit Stil"}]},{"@type":"WebSite","@id":"https:\/\/www.radicicarpet.it\/de\/#website","url":"https:\/\/www.radicicarpet.it\/de\/","name":"Radici Moquette","description":"","potentialAction":[{"@type":"SearchAction","target":{"@type":"EntryPoint","urlTemplate":"https:\/\/www.radicicarpet.it\/de\/?s={search_term_string}"},"query-input":{"@type":"PropertyValueSpecification","valueRequired":true,"valueName":"search_term_string"}}],"inLanguage":"de-DE"},{"@type":"Person","@id":"https:\/\/www.radicicarpet.it\/de\/#\/schema\/person\/17665ade8c4d839cac4f0be6566ddc53","name":"Valentina Gamba","image":{"@type":"ImageObject","inLanguage":"de-DE","@id":"https:\/\/secure.gravatar.com\/avatar\/14952b16d336fc85aa3ff8024840b9e1c17781a1ca7c3414c220bf2ec8c7ccb3?s=96&d=mm&r=g","url":"https:\/\/secure.gravatar.com\/avatar\/14952b16d336fc85aa3ff8024840b9e1c17781a1ca7c3414c220bf2ec8c7ccb3?s=96&d=mm&r=g","contentUrl":"https:\/\/secure.gravatar.com\/avatar\/14952b16d336fc85aa3ff8024840b9e1c17781a1ca7c3414c220bf2ec8c7ccb3?s=96&d=mm&r=g","caption":"Valentina Gamba"}}]}},"_links":{"self":[{"href":"https:\/\/www.radicicarpet.it\/de\/wp-json\/wp\/v2\/posts\/21031","targetHints":{"allow":["GET"]}}],"collection":[{"href":"https:\/\/www.radicicarpet.it\/de\/wp-json\/wp\/v2\/posts"}],"about":[{"href":"https:\/\/www.radicicarpet.it\/de\/wp-json\/wp\/v2\/types\/post"}],"author":[{"embeddable":true,"href":"https:\/\/www.radicicarpet.it\/de\/wp-json\/wp\/v2\/users\/5"}],"replies":[{"embeddable":true,"href":"https:\/\/www.radicicarpet.it\/de\/wp-json\/wp\/v2\/comments?post=21031"}],"version-history":[{"count":6,"href":"https:\/\/www.radicicarpet.it\/de\/wp-json\/wp\/v2\/posts\/21031\/revisions"}],"predecessor-version":[{"id":21058,"href":"https:\/\/www.radicicarpet.it\/de\/wp-json\/wp\/v2\/posts\/21031\/revisions\/21058"}],"wp:featuredmedia":[{"embeddable":true,"href":"https:\/\/www.radicicarpet.it\/de\/wp-json\/wp\/v2\/media\/10739"}],"wp:attachment":[{"href":"https:\/\/www.radicicarpet.it\/de\/wp-json\/wp\/v2\/media?parent=21031"}],"wp:term":[{"taxonomy":"category","embeddable":true,"href":"https:\/\/www.radicicarpet.it\/de\/wp-json\/wp\/v2\/categories?post=21031"},{"taxonomy":"post_tag","embeddable":true,"href":"https:\/\/www.radicicarpet.it\/de\/wp-json\/wp\/v2\/tags?post=21031"}],"curies":[{"name":"wp","href":"https:\/\/api.w.org\/{rel}","templated":true}]}}