{"id":20185,"date":"2025-04-15T09:58:17","date_gmt":"2025-04-15T07:58:17","guid":{"rendered":"https:\/\/www.radicicarpet.it\/news-de\/chroma-collection\/"},"modified":"2025-04-15T15:13:54","modified_gmt":"2025-04-15T13:13:54","slug":"chroma-collection","status":"publish","type":"post","link":"https:\/\/www.radicicarpet.it\/de\/news-de\/chroma-collection\/","title":{"rendered":"Chroma Pattern Collection"},"content":{"rendered":"\n<p>Die Kollektion basiert auf dem textilen Bodenbelag Bloom Back von Radici \u2013 eine innovative und nachhaltige Oberfl\u00e4che aus Econyl-Garn mit monomaterialer Struktur.<br>Diese L\u00f6sung kombiniert ein Prim\u00e4rgewebe aus Polyamid mit einer R\u00fcckseite aus demselben Material und erm\u00f6glicht so eine vollst\u00e4ndige Wiederverwertung am Ende des Produktlebenszyklus.<\/p>\n\n\n\n<p><\/p>\n\n\n\n<figure class=\"wp-block-gallery has-nested-images columns-default is-cropped wp-block-gallery-1 is-layout-flex wp-block-gallery-is-layout-flex\">\n<figure class=\"wp-block-image size-large\"><img decoding=\"async\" width=\"683\" height=\"1024\" data-id=\"20122\" src=\"https:\/\/www.radicicarpet.it\/app\/uploads\/2025\/04\/Radici_Chroma0178-1-683x1024.webp\" alt=\"\" class=\"wp-image-20122\" srcset=\"https:\/\/www.radicicarpet.it\/app\/uploads\/2025\/04\/Radici_Chroma0178-1-683x1024.webp 683w, https:\/\/www.radicicarpet.it\/app\/uploads\/2025\/04\/Radici_Chroma0178-1-200x300.webp 200w, https:\/\/www.radicicarpet.it\/app\/uploads\/2025\/04\/Radici_Chroma0178-1-768x1152.webp 768w, https:\/\/www.radicicarpet.it\/app\/uploads\/2025\/04\/Radici_Chroma0178-1-1024x1536.webp 1024w, https:\/\/www.radicicarpet.it\/app\/uploads\/2025\/04\/Radici_Chroma0178-1-1365x2048.webp 1365w, https:\/\/www.radicicarpet.it\/app\/uploads\/2025\/04\/Radici_Chroma0178-1-scaled.webp 1707w\" sizes=\"(max-width: 683px) 100vw, 683px\" \/><\/figure>\n\n\n\n<figure class=\"wp-block-image size-large\"><img decoding=\"async\" width=\"1024\" height=\"768\" data-id=\"20142\" src=\"https:\/\/www.radicicarpet.it\/app\/uploads\/2025\/04\/Radici_Chroma0180-1-1024x768.webp\" alt=\"\" class=\"wp-image-20142\" srcset=\"https:\/\/www.radicicarpet.it\/app\/uploads\/2025\/04\/Radici_Chroma0180-1-1024x768.webp 1024w, https:\/\/www.radicicarpet.it\/app\/uploads\/2025\/04\/Radici_Chroma0180-1-300x225.webp 300w, https:\/\/www.radicicarpet.it\/app\/uploads\/2025\/04\/Radici_Chroma0180-1-768x576.webp 768w, https:\/\/www.radicicarpet.it\/app\/uploads\/2025\/04\/Radici_Chroma0180-1-1536x1152.webp 1536w, https:\/\/www.radicicarpet.it\/app\/uploads\/2025\/04\/Radici_Chroma0180-1-2048x1536.webp 2048w\" sizes=\"(max-width: 1024px) 100vw, 1024px\" \/><\/figure>\n\n\n\n<figure class=\"wp-block-image size-large\"><img decoding=\"async\" width=\"683\" height=\"1024\" data-id=\"20130\" src=\"https:\/\/www.radicicarpet.it\/app\/uploads\/2025\/04\/Radici_Chroma0195-683x1024.webp\" alt=\"\" class=\"wp-image-20130\" srcset=\"https:\/\/www.radicicarpet.it\/app\/uploads\/2025\/04\/Radici_Chroma0195-683x1024.webp 683w, https:\/\/www.radicicarpet.it\/app\/uploads\/2025\/04\/Radici_Chroma0195-200x300.webp 200w, https:\/\/www.radicicarpet.it\/app\/uploads\/2025\/04\/Radici_Chroma0195-768x1152.webp 768w, https:\/\/www.radicicarpet.it\/app\/uploads\/2025\/04\/Radici_Chroma0195-1024x1536.webp 1024w, https:\/\/www.radicicarpet.it\/app\/uploads\/2025\/04\/Radici_Chroma0195-1365x2048.webp 1365w, https:\/\/www.radicicarpet.it\/app\/uploads\/2025\/04\/Radici_Chroma0195-scaled.webp 1707w\" sizes=\"(max-width: 683px) 100vw, 683px\" \/><\/figure>\n\n\n\n<figure class=\"wp-block-image size-large\"><img decoding=\"async\" width=\"1024\" height=\"768\" data-id=\"20126\" src=\"https:\/\/www.radicicarpet.it\/app\/uploads\/2025\/04\/Radici_Chroma0214-1024x768.webp\" alt=\"\" class=\"wp-image-20126\" srcset=\"https:\/\/www.radicicarpet.it\/app\/uploads\/2025\/04\/Radici_Chroma0214-1024x768.webp 1024w, https:\/\/www.radicicarpet.it\/app\/uploads\/2025\/04\/Radici_Chroma0214-300x225.webp 300w, https:\/\/www.radicicarpet.it\/app\/uploads\/2025\/04\/Radici_Chroma0214-768x576.webp 768w, https:\/\/www.radicicarpet.it\/app\/uploads\/2025\/04\/Radici_Chroma0214-1536x1152.webp 1536w, https:\/\/www.radicicarpet.it\/app\/uploads\/2025\/04\/Radici_Chroma0214-2048x1536.webp 2048w\" sizes=\"(max-width: 1024px) 100vw, 1024px\" \/><\/figure>\n\n\n\n<figure class=\"wp-block-image size-large\"><img decoding=\"async\" width=\"683\" height=\"1024\" data-id=\"20158\" src=\"https:\/\/www.radicicarpet.it\/app\/uploads\/2025\/04\/Radici_Chroma0215-683x1024.webp\" alt=\"\" class=\"wp-image-20158\" srcset=\"https:\/\/www.radicicarpet.it\/app\/uploads\/2025\/04\/Radici_Chroma0215-683x1024.webp 683w, https:\/\/www.radicicarpet.it\/app\/uploads\/2025\/04\/Radici_Chroma0215-200x300.webp 200w, https:\/\/www.radicicarpet.it\/app\/uploads\/2025\/04\/Radici_Chroma0215-768x1152.webp 768w, https:\/\/www.radicicarpet.it\/app\/uploads\/2025\/04\/Radici_Chroma0215-1024x1536.webp 1024w, https:\/\/www.radicicarpet.it\/app\/uploads\/2025\/04\/Radici_Chroma0215-1365x2048.webp 1365w, https:\/\/www.radicicarpet.it\/app\/uploads\/2025\/04\/Radici_Chroma0215-scaled.webp 1707w\" sizes=\"(max-width: 683px) 100vw, 683px\" \/><\/figure>\n\n\n\n<figure class=\"wp-block-image size-large\"><img decoding=\"async\" width=\"683\" height=\"1024\" data-id=\"20138\" src=\"https:\/\/www.radicicarpet.it\/app\/uploads\/2025\/04\/Radici_Chroma0224-683x1024.webp\" alt=\"\" class=\"wp-image-20138\" srcset=\"https:\/\/www.radicicarpet.it\/app\/uploads\/2025\/04\/Radici_Chroma0224-683x1024.webp 683w, https:\/\/www.radicicarpet.it\/app\/uploads\/2025\/04\/Radici_Chroma0224-200x300.webp 200w, https:\/\/www.radicicarpet.it\/app\/uploads\/2025\/04\/Radici_Chroma0224-768x1152.webp 768w, https:\/\/www.radicicarpet.it\/app\/uploads\/2025\/04\/Radici_Chroma0224-1024x1536.webp 1024w, https:\/\/www.radicicarpet.it\/app\/uploads\/2025\/04\/Radici_Chroma0224-1365x2048.webp 1365w, https:\/\/www.radicicarpet.it\/app\/uploads\/2025\/04\/Radici_Chroma0224-scaled.webp 1707w\" sizes=\"(max-width: 683px) 100vw, 683px\" \/><\/figure>\n\n\n\n<figure class=\"wp-block-image size-large\"><img decoding=\"async\" width=\"683\" height=\"1024\" data-id=\"20166\" src=\"https:\/\/www.radicicarpet.it\/app\/uploads\/2025\/04\/Radici_Chroma0237-copia-683x1024.webp\" alt=\"\" class=\"wp-image-20166\" srcset=\"https:\/\/www.radicicarpet.it\/app\/uploads\/2025\/04\/Radici_Chroma0237-copia-683x1024.webp 683w, https:\/\/www.radicicarpet.it\/app\/uploads\/2025\/04\/Radici_Chroma0237-copia-200x300.webp 200w, https:\/\/www.radicicarpet.it\/app\/uploads\/2025\/04\/Radici_Chroma0237-copia-768x1152.webp 768w, https:\/\/www.radicicarpet.it\/app\/uploads\/2025\/04\/Radici_Chroma0237-copia-1024x1536.webp 1024w, https:\/\/www.radicicarpet.it\/app\/uploads\/2025\/04\/Radici_Chroma0237-copia-1365x2048.webp 1365w, https:\/\/www.radicicarpet.it\/app\/uploads\/2025\/04\/Radici_Chroma0237-copia-scaled.webp 1707w\" sizes=\"(max-width: 683px) 100vw, 683px\" \/><\/figure>\n\n\n\n<figure class=\"wp-block-image size-large\"><img decoding=\"async\" width=\"768\" height=\"1024\" data-id=\"20134\" src=\"https:\/\/www.radicicarpet.it\/app\/uploads\/2025\/04\/Radici_Chroma0264-768x1024.webp\" alt=\"\" class=\"wp-image-20134\" srcset=\"https:\/\/www.radicicarpet.it\/app\/uploads\/2025\/04\/Radici_Chroma0264-768x1024.webp 768w, https:\/\/www.radicicarpet.it\/app\/uploads\/2025\/04\/Radici_Chroma0264-225x300.webp 225w, https:\/\/www.radicicarpet.it\/app\/uploads\/2025\/04\/Radici_Chroma0264-1152x1536.webp 1152w, https:\/\/www.radicicarpet.it\/app\/uploads\/2025\/04\/Radici_Chroma0264-1536x2048.webp 1536w, https:\/\/www.radicicarpet.it\/app\/uploads\/2025\/04\/Radici_Chroma0264-scaled.webp 1920w\" sizes=\"(max-width: 768px) 100vw, 768px\" \/><\/figure>\n\n\n\n<figure class=\"wp-block-image size-large\"><img decoding=\"async\" width=\"768\" height=\"1024\" data-id=\"20146\" src=\"https:\/\/www.radicicarpet.it\/app\/uploads\/2025\/04\/Radici_Chroma0293-768x1024.webp\" alt=\"\" class=\"wp-image-20146\" srcset=\"https:\/\/www.radicicarpet.it\/app\/uploads\/2025\/04\/Radici_Chroma0293-768x1024.webp 768w, https:\/\/www.radicicarpet.it\/app\/uploads\/2025\/04\/Radici_Chroma0293-225x300.webp 225w, https:\/\/www.radicicarpet.it\/app\/uploads\/2025\/04\/Radici_Chroma0293-1152x1536.webp 1152w, https:\/\/www.radicicarpet.it\/app\/uploads\/2025\/04\/Radici_Chroma0293-1536x2048.webp 1536w, https:\/\/www.radicicarpet.it\/app\/uploads\/2025\/04\/Radici_Chroma0293-scaled.webp 1920w\" sizes=\"(max-width: 768px) 100vw, 768px\" \/><\/figure>\n<\/figure>\n","protected":false},"excerpt":{"rendered":"<p>Chroma, entworfen von Serena Confalonieri, ist eine Musterkollektion mit acht Designs, die in vier Capsule Collections unterteilt sind \u2013 jede inspiriert von einer anderen malerischen oder dekorativen Technik.<\/p>\n","protected":false},"author":5,"featured_media":20176,"comment_status":"open","ping_status":"open","sticky":false,"template":"","format":"standard","meta":{"_acf_changed":false,"inline_featured_image":false,"footnotes":""},"categories":[1726],"tags":[],"class_list":["post-20185","post","type-post","status-publish","format-standard","has-post-thumbnail","hentry","category-news-de"],"acf":[],"yoast_head":"<!-- This site is optimized with the Yoast SEO plugin v27.5 - https:\/\/yoast.com\/product\/yoast-seo-wordpress\/ -->\n<title>Chroma Pattern Collection | Radici<\/title>\n<meta name=\"robots\" content=\"index, follow, max-snippet:-1, max-image-preview:large, max-video-preview:-1\" \/>\n<link rel=\"canonical\" href=\"https:\/\/www.radicicarpet.it\/de\/news-de\/chroma-collection\/\" \/>\n<meta property=\"og:locale\" content=\"de_DE\" \/>\n<meta property=\"og:type\" content=\"article\" \/>\n<meta property=\"og:title\" content=\"Chroma Pattern Collection | Radici\" \/>\n<meta property=\"og:description\" content=\"Chroma, entworfen von Serena Confalonieri, ist eine Musterkollektion mit acht Designs, die in vier Capsule Collections unterteilt sind \u2013 jede inspiriert von einer anderen malerischen oder dekorativen Technik.\" \/>\n<meta property=\"og:url\" content=\"https:\/\/www.radicicarpet.it\/de\/news-de\/chroma-collection\/\" \/>\n<meta property=\"og:site_name\" content=\"Radici\" \/>\n<meta property=\"article:published_time\" content=\"2025-04-15T07:58:17+00:00\" \/>\n<meta property=\"article:modified_time\" content=\"2025-04-15T13:13:54+00:00\" \/>\n<meta property=\"og:image\" content=\"https:\/\/www.radicicarpet.it\/app\/uploads\/2025\/04\/Radici_Chroma0090-1-scaled.webp\" \/>\n\t<meta property=\"og:image:width\" content=\"1707\" \/>\n\t<meta property=\"og:image:height\" content=\"2560\" \/>\n\t<meta property=\"og:image:type\" content=\"image\/webp\" \/>\n<meta name=\"author\" content=\"Valentina Gamba\" \/>\n<meta name=\"twitter:card\" content=\"summary_large_image\" \/>\n<meta name=\"twitter:label1\" content=\"Written by\" \/>\n\t<meta name=\"twitter:data1\" content=\"Valentina Gamba\" \/>\n\t<meta name=\"twitter:label2\" content=\"Est. reading time\" \/>\n\t<meta name=\"twitter:data2\" content=\"3 minutes\" \/>\n<script type=\"application\/ld+json\" class=\"yoast-schema-graph\">{\"@context\":\"https:\\\/\\\/schema.org\",\"@graph\":[{\"@type\":\"Article\",\"@id\":\"https:\\\/\\\/www.radicicarpet.it\\\/de\\\/news-de\\\/chroma-collection\\\/#article\",\"isPartOf\":{\"@id\":\"https:\\\/\\\/www.radicicarpet.it\\\/de\\\/news-de\\\/chroma-collection\\\/\"},\"author\":{\"name\":\"Valentina Gamba\",\"@id\":\"https:\\\/\\\/www.radicicarpet.it\\\/de\\\/#\\\/schema\\\/person\\\/17665ade8c4d839cac4f0be6566ddc53\"},\"headline\":\"Chroma Pattern Collection\",\"datePublished\":\"2025-04-15T07:58:17+00:00\",\"dateModified\":\"2025-04-15T13:13:54+00:00\",\"mainEntityOfPage\":{\"@id\":\"https:\\\/\\\/www.radicicarpet.it\\\/de\\\/news-de\\\/chroma-collection\\\/\"},\"wordCount\":53,\"commentCount\":0,\"image\":{\"@id\":\"https:\\\/\\\/www.radicicarpet.it\\\/de\\\/news-de\\\/chroma-collection\\\/#primaryimage\"},\"thumbnailUrl\":\"https:\\\/\\\/www.radicicarpet.it\\\/app\\\/uploads\\\/2025\\\/04\\\/Radici_Chroma0090-1-scaled.webp\",\"articleSection\":[\"News\"],\"inLanguage\":\"de-DE\",\"potentialAction\":[{\"@type\":\"CommentAction\",\"name\":\"Comment\",\"target\":[\"https:\\\/\\\/www.radicicarpet.it\\\/de\\\/news-de\\\/chroma-collection\\\/#respond\"]}]},{\"@type\":\"WebPage\",\"@id\":\"https:\\\/\\\/www.radicicarpet.it\\\/de\\\/news-de\\\/chroma-collection\\\/\",\"url\":\"https:\\\/\\\/www.radicicarpet.it\\\/de\\\/news-de\\\/chroma-collection\\\/\",\"name\":\"Chroma Pattern Collection | Radici\",\"isPartOf\":{\"@id\":\"https:\\\/\\\/www.radicicarpet.it\\\/de\\\/#website\"},\"primaryImageOfPage\":{\"@id\":\"https:\\\/\\\/www.radicicarpet.it\\\/de\\\/news-de\\\/chroma-collection\\\/#primaryimage\"},\"image\":{\"@id\":\"https:\\\/\\\/www.radicicarpet.it\\\/de\\\/news-de\\\/chroma-collection\\\/#primaryimage\"},\"thumbnailUrl\":\"https:\\\/\\\/www.radicicarpet.it\\\/app\\\/uploads\\\/2025\\\/04\\\/Radici_Chroma0090-1-scaled.webp\",\"datePublished\":\"2025-04-15T07:58:17+00:00\",\"dateModified\":\"2025-04-15T13:13:54+00:00\",\"author\":{\"@id\":\"https:\\\/\\\/www.radicicarpet.it\\\/de\\\/#\\\/schema\\\/person\\\/17665ade8c4d839cac4f0be6566ddc53\"},\"breadcrumb\":{\"@id\":\"https:\\\/\\\/www.radicicarpet.it\\\/de\\\/news-de\\\/chroma-collection\\\/#breadcrumb\"},\"inLanguage\":\"de-DE\",\"potentialAction\":[{\"@type\":\"ReadAction\",\"target\":[\"https:\\\/\\\/www.radicicarpet.it\\\/de\\\/news-de\\\/chroma-collection\\\/\"]}]},{\"@type\":\"ImageObject\",\"inLanguage\":\"de-DE\",\"@id\":\"https:\\\/\\\/www.radicicarpet.it\\\/de\\\/news-de\\\/chroma-collection\\\/#primaryimage\",\"url\":\"https:\\\/\\\/www.radicicarpet.it\\\/app\\\/uploads\\\/2025\\\/04\\\/Radici_Chroma0090-1-scaled.webp\",\"contentUrl\":\"https:\\\/\\\/www.radicicarpet.it\\\/app\\\/uploads\\\/2025\\\/04\\\/Radici_Chroma0090-1-scaled.webp\",\"width\":1707,\"height\":2560},{\"@type\":\"BreadcrumbList\",\"@id\":\"https:\\\/\\\/www.radicicarpet.it\\\/de\\\/news-de\\\/chroma-collection\\\/#breadcrumb\",\"itemListElement\":[{\"@type\":\"ListItem\",\"position\":1,\"name\":\"Home\",\"item\":\"https:\\\/\\\/www.radicicarpet.it\\\/de\\\/\"},{\"@type\":\"ListItem\",\"position\":2,\"name\":\"Chroma Pattern Collection\"}]},{\"@type\":\"WebSite\",\"@id\":\"https:\\\/\\\/www.radicicarpet.it\\\/de\\\/#website\",\"url\":\"https:\\\/\\\/www.radicicarpet.it\\\/de\\\/\",\"name\":\"Radici Moquette\",\"description\":\"\",\"potentialAction\":[{\"@type\":\"SearchAction\",\"target\":{\"@type\":\"EntryPoint\",\"urlTemplate\":\"https:\\\/\\\/www.radicicarpet.it\\\/de\\\/?s={search_term_string}\"},\"query-input\":{\"@type\":\"PropertyValueSpecification\",\"valueRequired\":true,\"valueName\":\"search_term_string\"}}],\"inLanguage\":\"de-DE\"},{\"@type\":\"Person\",\"@id\":\"https:\\\/\\\/www.radicicarpet.it\\\/de\\\/#\\\/schema\\\/person\\\/17665ade8c4d839cac4f0be6566ddc53\",\"name\":\"Valentina Gamba\",\"image\":{\"@type\":\"ImageObject\",\"inLanguage\":\"de-DE\",\"@id\":\"https:\\\/\\\/secure.gravatar.com\\\/avatar\\\/14952b16d336fc85aa3ff8024840b9e1c17781a1ca7c3414c220bf2ec8c7ccb3?s=96&d=mm&r=g\",\"url\":\"https:\\\/\\\/secure.gravatar.com\\\/avatar\\\/14952b16d336fc85aa3ff8024840b9e1c17781a1ca7c3414c220bf2ec8c7ccb3?s=96&d=mm&r=g\",\"contentUrl\":\"https:\\\/\\\/secure.gravatar.com\\\/avatar\\\/14952b16d336fc85aa3ff8024840b9e1c17781a1ca7c3414c220bf2ec8c7ccb3?s=96&d=mm&r=g\",\"caption\":\"Valentina Gamba\"}}]}<\/script>\n<!-- \/ Yoast SEO plugin. -->","yoast_head_json":{"title":"Chroma Pattern Collection | Radici","robots":{"index":"index","follow":"follow","max-snippet":"max-snippet:-1","max-image-preview":"max-image-preview:large","max-video-preview":"max-video-preview:-1"},"canonical":"https:\/\/www.radicicarpet.it\/de\/news-de\/chroma-collection\/","og_locale":"de_DE","og_type":"article","og_title":"Chroma Pattern Collection | Radici","og_description":"Chroma, entworfen von Serena Confalonieri, ist eine Musterkollektion mit acht Designs, die in vier Capsule Collections unterteilt sind \u2013 jede inspiriert von einer anderen malerischen oder dekorativen Technik.","og_url":"https:\/\/www.radicicarpet.it\/de\/news-de\/chroma-collection\/","og_site_name":"Radici","article_published_time":"2025-04-15T07:58:17+00:00","article_modified_time":"2025-04-15T13:13:54+00:00","og_image":[{"width":1707,"height":2560,"url":"https:\/\/www.radicicarpet.it\/app\/uploads\/2025\/04\/Radici_Chroma0090-1-scaled.webp","type":"image\/webp"}],"author":"Valentina Gamba","twitter_card":"summary_large_image","twitter_misc":{"Written by":"Valentina Gamba","Est. reading time":"3 minutes"},"schema":{"@context":"https:\/\/schema.org","@graph":[{"@type":"Article","@id":"https:\/\/www.radicicarpet.it\/de\/news-de\/chroma-collection\/#article","isPartOf":{"@id":"https:\/\/www.radicicarpet.it\/de\/news-de\/chroma-collection\/"},"author":{"name":"Valentina Gamba","@id":"https:\/\/www.radicicarpet.it\/de\/#\/schema\/person\/17665ade8c4d839cac4f0be6566ddc53"},"headline":"Chroma Pattern Collection","datePublished":"2025-04-15T07:58:17+00:00","dateModified":"2025-04-15T13:13:54+00:00","mainEntityOfPage":{"@id":"https:\/\/www.radicicarpet.it\/de\/news-de\/chroma-collection\/"},"wordCount":53,"commentCount":0,"image":{"@id":"https:\/\/www.radicicarpet.it\/de\/news-de\/chroma-collection\/#primaryimage"},"thumbnailUrl":"https:\/\/www.radicicarpet.it\/app\/uploads\/2025\/04\/Radici_Chroma0090-1-scaled.webp","articleSection":["News"],"inLanguage":"de-DE","potentialAction":[{"@type":"CommentAction","name":"Comment","target":["https:\/\/www.radicicarpet.it\/de\/news-de\/chroma-collection\/#respond"]}]},{"@type":"WebPage","@id":"https:\/\/www.radicicarpet.it\/de\/news-de\/chroma-collection\/","url":"https:\/\/www.radicicarpet.it\/de\/news-de\/chroma-collection\/","name":"Chroma Pattern Collection | Radici","isPartOf":{"@id":"https:\/\/www.radicicarpet.it\/de\/#website"},"primaryImageOfPage":{"@id":"https:\/\/www.radicicarpet.it\/de\/news-de\/chroma-collection\/#primaryimage"},"image":{"@id":"https:\/\/www.radicicarpet.it\/de\/news-de\/chroma-collection\/#primaryimage"},"thumbnailUrl":"https:\/\/www.radicicarpet.it\/app\/uploads\/2025\/04\/Radici_Chroma0090-1-scaled.webp","datePublished":"2025-04-15T07:58:17+00:00","dateModified":"2025-04-15T13:13:54+00:00","author":{"@id":"https:\/\/www.radicicarpet.it\/de\/#\/schema\/person\/17665ade8c4d839cac4f0be6566ddc53"},"breadcrumb":{"@id":"https:\/\/www.radicicarpet.it\/de\/news-de\/chroma-collection\/#breadcrumb"},"inLanguage":"de-DE","potentialAction":[{"@type":"ReadAction","target":["https:\/\/www.radicicarpet.it\/de\/news-de\/chroma-collection\/"]}]},{"@type":"ImageObject","inLanguage":"de-DE","@id":"https:\/\/www.radicicarpet.it\/de\/news-de\/chroma-collection\/#primaryimage","url":"https:\/\/www.radicicarpet.it\/app\/uploads\/2025\/04\/Radici_Chroma0090-1-scaled.webp","contentUrl":"https:\/\/www.radicicarpet.it\/app\/uploads\/2025\/04\/Radici_Chroma0090-1-scaled.webp","width":1707,"height":2560},{"@type":"BreadcrumbList","@id":"https:\/\/www.radicicarpet.it\/de\/news-de\/chroma-collection\/#breadcrumb","itemListElement":[{"@type":"ListItem","position":1,"name":"Home","item":"https:\/\/www.radicicarpet.it\/de\/"},{"@type":"ListItem","position":2,"name":"Chroma Pattern Collection"}]},{"@type":"WebSite","@id":"https:\/\/www.radicicarpet.it\/de\/#website","url":"https:\/\/www.radicicarpet.it\/de\/","name":"Radici Moquette","description":"","potentialAction":[{"@type":"SearchAction","target":{"@type":"EntryPoint","urlTemplate":"https:\/\/www.radicicarpet.it\/de\/?s={search_term_string}"},"query-input":{"@type":"PropertyValueSpecification","valueRequired":true,"valueName":"search_term_string"}}],"inLanguage":"de-DE"},{"@type":"Person","@id":"https:\/\/www.radicicarpet.it\/de\/#\/schema\/person\/17665ade8c4d839cac4f0be6566ddc53","name":"Valentina Gamba","image":{"@type":"ImageObject","inLanguage":"de-DE","@id":"https:\/\/secure.gravatar.com\/avatar\/14952b16d336fc85aa3ff8024840b9e1c17781a1ca7c3414c220bf2ec8c7ccb3?s=96&d=mm&r=g","url":"https:\/\/secure.gravatar.com\/avatar\/14952b16d336fc85aa3ff8024840b9e1c17781a1ca7c3414c220bf2ec8c7ccb3?s=96&d=mm&r=g","contentUrl":"https:\/\/secure.gravatar.com\/avatar\/14952b16d336fc85aa3ff8024840b9e1c17781a1ca7c3414c220bf2ec8c7ccb3?s=96&d=mm&r=g","caption":"Valentina Gamba"}}]}},"_links":{"self":[{"href":"https:\/\/www.radicicarpet.it\/de\/wp-json\/wp\/v2\/posts\/20185","targetHints":{"allow":["GET"]}}],"collection":[{"href":"https:\/\/www.radicicarpet.it\/de\/wp-json\/wp\/v2\/posts"}],"about":[{"href":"https:\/\/www.radicicarpet.it\/de\/wp-json\/wp\/v2\/types\/post"}],"author":[{"embeddable":true,"href":"https:\/\/www.radicicarpet.it\/de\/wp-json\/wp\/v2\/users\/5"}],"replies":[{"embeddable":true,"href":"https:\/\/www.radicicarpet.it\/de\/wp-json\/wp\/v2\/comments?post=20185"}],"version-history":[{"count":3,"href":"https:\/\/www.radicicarpet.it\/de\/wp-json\/wp\/v2\/posts\/20185\/revisions"}],"predecessor-version":[{"id":20196,"href":"https:\/\/www.radicicarpet.it\/de\/wp-json\/wp\/v2\/posts\/20185\/revisions\/20196"}],"wp:featuredmedia":[{"embeddable":true,"href":"https:\/\/www.radicicarpet.it\/de\/wp-json\/wp\/v2\/media\/20176"}],"wp:attachment":[{"href":"https:\/\/www.radicicarpet.it\/de\/wp-json\/wp\/v2\/media?parent=20185"}],"wp:term":[{"taxonomy":"category","embeddable":true,"href":"https:\/\/www.radicicarpet.it\/de\/wp-json\/wp\/v2\/categories?post=20185"},{"taxonomy":"post_tag","embeddable":true,"href":"https:\/\/www.radicicarpet.it\/de\/wp-json\/wp\/v2\/tags?post=20185"}],"curies":[{"name":"wp","href":"https:\/\/api.w.org\/{rel}","templated":true}]}}