{"id":12956,"date":"2022-06-06T12:33:00","date_gmt":"2022-06-06T10:33:00","guid":{"rendered":"https:\/\/www.radicicarpet.it\/news-de\/radici-x-salone-del-mobile-2022\/"},"modified":"2023-12-22T10:13:11","modified_gmt":"2023-12-22T09:13:11","slug":"radici-x-salone-del-mobile-2022","status":"publish","type":"post","link":"https:\/\/www.radicicarpet.it\/de\/news-de\/radici-x-salone-del-mobile-2022\/","title":{"rendered":"Mail\u00e4nder M\u00f6belmesse \u201eSalone del Mobile 2022\u201c"},"content":{"rendered":"\n<h2 class=\"wp-block-heading\"><\/h2>\n\n\n\n<figure class=\"wp-block-gallery has-nested-images columns-default is-cropped wp-block-gallery-1 is-layout-flex wp-block-gallery-is-layout-flex\">\n<figure class=\"wp-block-image size-large\"><img decoding=\"async\" width=\"1024\" height=\"683\" data-id=\"6486\" src=\"https:\/\/www.radicicarpet.it\/app\/uploads\/2023\/10\/DSC08400-1024x683.webp\" alt=\"Radici x Salone del Mobile 2022\" class=\"wp-image-6486\" srcset=\"https:\/\/www.radicicarpet.it\/app\/uploads\/2023\/10\/DSC08400-1024x683.webp 1024w, https:\/\/www.radicicarpet.it\/app\/uploads\/2023\/10\/DSC08400-300x200.webp 300w, https:\/\/www.radicicarpet.it\/app\/uploads\/2023\/10\/DSC08400-768x512.webp 768w, https:\/\/www.radicicarpet.it\/app\/uploads\/2023\/10\/DSC08400-1536x1025.webp 1536w, https:\/\/www.radicicarpet.it\/app\/uploads\/2023\/10\/DSC08400.webp 1800w\" sizes=\"(max-width: 1024px) 100vw, 1024px\" \/><\/figure>\n\n\n\n<figure class=\"wp-block-image size-large\"><img decoding=\"async\" width=\"683\" height=\"1024\" data-id=\"6484\" src=\"https:\/\/www.radicicarpet.it\/app\/uploads\/2023\/10\/DSC08462-683x1024.webp\" alt=\"Radici x Salone del Mobile 2022\" class=\"wp-image-6484\" srcset=\"https:\/\/www.radicicarpet.it\/app\/uploads\/2023\/10\/DSC08462-683x1024.webp 683w, https:\/\/www.radicicarpet.it\/app\/uploads\/2023\/10\/DSC08462-200x300.webp 200w, https:\/\/www.radicicarpet.it\/app\/uploads\/2023\/10\/DSC08462-768x1151.webp 768w, https:\/\/www.radicicarpet.it\/app\/uploads\/2023\/10\/DSC08462-1025x1536.webp 1025w, https:\/\/www.radicicarpet.it\/app\/uploads\/2023\/10\/DSC08462-1366x2048.webp 1366w, https:\/\/www.radicicarpet.it\/app\/uploads\/2023\/10\/DSC08462-scaled.webp 1708w\" sizes=\"(max-width: 683px) 100vw, 683px\" \/><\/figure>\n\n\n\n<figure class=\"wp-block-image size-large\"><img decoding=\"async\" width=\"683\" height=\"1024\" data-id=\"6482\" src=\"https:\/\/www.radicicarpet.it\/app\/uploads\/2023\/10\/DSC08439-683x1024.webp\" alt=\"Radici x Salone del Mobile 2022\" class=\"wp-image-6482\" srcset=\"https:\/\/www.radicicarpet.it\/app\/uploads\/2023\/10\/DSC08439-683x1024.webp 683w, https:\/\/www.radicicarpet.it\/app\/uploads\/2023\/10\/DSC08439-200x300.webp 200w, https:\/\/www.radicicarpet.it\/app\/uploads\/2023\/10\/DSC08439-768x1151.webp 768w, https:\/\/www.radicicarpet.it\/app\/uploads\/2023\/10\/DSC08439-1025x1536.webp 1025w, https:\/\/www.radicicarpet.it\/app\/uploads\/2023\/10\/DSC08439-1366x2048.webp 1366w, https:\/\/www.radicicarpet.it\/app\/uploads\/2023\/10\/DSC08439-scaled.webp 1708w\" sizes=\"(max-width: 683px) 100vw, 683px\" \/><\/figure>\n\n\n\n<figure class=\"wp-block-image size-large\"><img decoding=\"async\" width=\"1024\" height=\"683\" data-id=\"6480\" src=\"https:\/\/www.radicicarpet.it\/app\/uploads\/2023\/10\/DSC08424-1024x683.webp\" alt=\"Radici x Salone del Mobile 2022\" class=\"wp-image-6480\" srcset=\"https:\/\/www.radicicarpet.it\/app\/uploads\/2023\/10\/DSC08424-1024x683.webp 1024w, https:\/\/www.radicicarpet.it\/app\/uploads\/2023\/10\/DSC08424-300x200.webp 300w, https:\/\/www.radicicarpet.it\/app\/uploads\/2023\/10\/DSC08424-768x512.webp 768w, https:\/\/www.radicicarpet.it\/app\/uploads\/2023\/10\/DSC08424-1536x1025.webp 1536w, https:\/\/www.radicicarpet.it\/app\/uploads\/2023\/10\/DSC08424.webp 1800w\" sizes=\"(max-width: 1024px) 100vw, 1024px\" \/><\/figure>\n<\/figure>\n","protected":false},"excerpt":{"rendered":"<p>Auf der EquipHotel 2022 pr\u00e4sentiert Radici eine in Zusammenarbeit mit der Designerin Chiara Andreatti entworfene neue Design-Kollektion f\u00fcr textile Bodenbel\u00e4ge.<\/p>\n","protected":false},"author":5,"featured_media":12957,"comment_status":"open","ping_status":"open","sticky":false,"template":"","format":"standard","meta":{"_acf_changed":false,"inline_featured_image":false,"footnotes":""},"categories":[1726],"tags":[],"class_list":["post-12956","post","type-post","status-publish","format-standard","has-post-thumbnail","hentry","category-news-de"],"acf":[],"yoast_head":"<!-- This site is optimized with the Yoast SEO plugin v27.5 - https:\/\/yoast.com\/product\/yoast-seo-wordpress\/ -->\n<title>Mail\u00e4nder M\u00f6belmesse \u201eSalone del Mobile 2022\u201c | Radici<\/title>\n<meta name=\"description\" content=\"Auf der EquipHotel 2022 pr\u00e4sentiert Radici eine in Zusammenarbeit mit der Designerin Chiara Andreatti entworfene neue Design-Kollektion f\u00fcr textile Bodenbel\u00e4ge.\" \/>\n<meta name=\"robots\" content=\"index, follow, max-snippet:-1, max-image-preview:large, max-video-preview:-1\" \/>\n<link rel=\"canonical\" href=\"https:\/\/www.radicicarpet.it\/de\/news-de\/radici-x-salone-del-mobile-2022\/\" \/>\n<meta property=\"og:locale\" content=\"de_DE\" \/>\n<meta property=\"og:type\" content=\"article\" \/>\n<meta property=\"og:title\" content=\"Mail\u00e4nder M\u00f6belmesse \u201eSalone del Mobile 2022\u201c | Radici\" \/>\n<meta property=\"og:description\" content=\"Auf der EquipHotel 2022 pr\u00e4sentiert Radici eine in Zusammenarbeit mit der Designerin Chiara Andreatti entworfene neue Design-Kollektion f\u00fcr textile Bodenbel\u00e4ge.\" \/>\n<meta property=\"og:url\" content=\"https:\/\/www.radicicarpet.it\/de\/news-de\/radici-x-salone-del-mobile-2022\/\" \/>\n<meta property=\"og:site_name\" content=\"Radici\" \/>\n<meta property=\"article:published_time\" content=\"2022-06-06T10:33:00+00:00\" \/>\n<meta property=\"article:modified_time\" content=\"2023-12-22T09:13:11+00:00\" \/>\n<meta property=\"og:image\" content=\"https:\/\/www.radicicarpet.it\/app\/uploads\/2023\/10\/Copertina-7.webp\" \/>\n\t<meta property=\"og:image:width\" content=\"1288\" \/>\n\t<meta property=\"og:image:height\" content=\"1288\" \/>\n\t<meta property=\"og:image:type\" content=\"image\/webp\" \/>\n<meta name=\"author\" content=\"Valentina Gamba\" \/>\n<meta name=\"twitter:card\" content=\"summary_large_image\" \/>\n<meta name=\"twitter:label1\" content=\"Written by\" \/>\n\t<meta name=\"twitter:data1\" content=\"Valentina Gamba\" \/>\n\t<meta name=\"twitter:label2\" content=\"Est. reading time\" \/>\n\t<meta name=\"twitter:data2\" content=\"1 minute\" \/>\n<script type=\"application\/ld+json\" class=\"yoast-schema-graph\">{\"@context\":\"https:\\\/\\\/schema.org\",\"@graph\":[{\"@type\":\"Article\",\"@id\":\"https:\\\/\\\/www.radicicarpet.it\\\/de\\\/news-de\\\/radici-x-salone-del-mobile-2022\\\/#article\",\"isPartOf\":{\"@id\":\"https:\\\/\\\/www.radicicarpet.it\\\/de\\\/news-de\\\/radici-x-salone-del-mobile-2022\\\/\"},\"author\":{\"name\":\"Valentina Gamba\",\"@id\":\"https:\\\/\\\/www.radicicarpet.it\\\/de\\\/#\\\/schema\\\/person\\\/17665ade8c4d839cac4f0be6566ddc53\"},\"headline\":\"Mail\u00e4nder M\u00f6belmesse \u201eSalone del Mobile 2022\u201c\",\"datePublished\":\"2022-06-06T10:33:00+00:00\",\"dateModified\":\"2023-12-22T09:13:11+00:00\",\"mainEntityOfPage\":{\"@id\":\"https:\\\/\\\/www.radicicarpet.it\\\/de\\\/news-de\\\/radici-x-salone-del-mobile-2022\\\/\"},\"wordCount\":7,\"commentCount\":0,\"image\":{\"@id\":\"https:\\\/\\\/www.radicicarpet.it\\\/de\\\/news-de\\\/radici-x-salone-del-mobile-2022\\\/#primaryimage\"},\"thumbnailUrl\":\"https:\\\/\\\/www.radicicarpet.it\\\/app\\\/uploads\\\/2023\\\/10\\\/Copertina-7.webp\",\"articleSection\":[\"News\"],\"inLanguage\":\"de-DE\",\"potentialAction\":[{\"@type\":\"CommentAction\",\"name\":\"Comment\",\"target\":[\"https:\\\/\\\/www.radicicarpet.it\\\/de\\\/news-de\\\/radici-x-salone-del-mobile-2022\\\/#respond\"]}]},{\"@type\":\"WebPage\",\"@id\":\"https:\\\/\\\/www.radicicarpet.it\\\/de\\\/news-de\\\/radici-x-salone-del-mobile-2022\\\/\",\"url\":\"https:\\\/\\\/www.radicicarpet.it\\\/de\\\/news-de\\\/radici-x-salone-del-mobile-2022\\\/\",\"name\":\"Mail\u00e4nder M\u00f6belmesse \u201eSalone del Mobile 2022\u201c | Radici\",\"isPartOf\":{\"@id\":\"https:\\\/\\\/www.radicicarpet.it\\\/de\\\/#website\"},\"primaryImageOfPage\":{\"@id\":\"https:\\\/\\\/www.radicicarpet.it\\\/de\\\/news-de\\\/radici-x-salone-del-mobile-2022\\\/#primaryimage\"},\"image\":{\"@id\":\"https:\\\/\\\/www.radicicarpet.it\\\/de\\\/news-de\\\/radici-x-salone-del-mobile-2022\\\/#primaryimage\"},\"thumbnailUrl\":\"https:\\\/\\\/www.radicicarpet.it\\\/app\\\/uploads\\\/2023\\\/10\\\/Copertina-7.webp\",\"datePublished\":\"2022-06-06T10:33:00+00:00\",\"dateModified\":\"2023-12-22T09:13:11+00:00\",\"author\":{\"@id\":\"https:\\\/\\\/www.radicicarpet.it\\\/de\\\/#\\\/schema\\\/person\\\/17665ade8c4d839cac4f0be6566ddc53\"},\"description\":\"Auf der EquipHotel 2022 pr\u00e4sentiert Radici eine in Zusammenarbeit mit der Designerin Chiara Andreatti entworfene neue Design-Kollektion f\u00fcr textile Bodenbel\u00e4ge.\",\"breadcrumb\":{\"@id\":\"https:\\\/\\\/www.radicicarpet.it\\\/de\\\/news-de\\\/radici-x-salone-del-mobile-2022\\\/#breadcrumb\"},\"inLanguage\":\"de-DE\",\"potentialAction\":[{\"@type\":\"ReadAction\",\"target\":[\"https:\\\/\\\/www.radicicarpet.it\\\/de\\\/news-de\\\/radici-x-salone-del-mobile-2022\\\/\"]}]},{\"@type\":\"ImageObject\",\"inLanguage\":\"de-DE\",\"@id\":\"https:\\\/\\\/www.radicicarpet.it\\\/de\\\/news-de\\\/radici-x-salone-del-mobile-2022\\\/#primaryimage\",\"url\":\"https:\\\/\\\/www.radicicarpet.it\\\/app\\\/uploads\\\/2023\\\/10\\\/Copertina-7.webp\",\"contentUrl\":\"https:\\\/\\\/www.radicicarpet.it\\\/app\\\/uploads\\\/2023\\\/10\\\/Copertina-7.webp\",\"width\":1288,\"height\":1288},{\"@type\":\"BreadcrumbList\",\"@id\":\"https:\\\/\\\/www.radicicarpet.it\\\/de\\\/news-de\\\/radici-x-salone-del-mobile-2022\\\/#breadcrumb\",\"itemListElement\":[{\"@type\":\"ListItem\",\"position\":1,\"name\":\"Home\",\"item\":\"https:\\\/\\\/www.radicicarpet.it\\\/de\\\/\"},{\"@type\":\"ListItem\",\"position\":2,\"name\":\"Mail\u00e4nder M\u00f6belmesse \u201eSalone del Mobile 2022\u201c\"}]},{\"@type\":\"WebSite\",\"@id\":\"https:\\\/\\\/www.radicicarpet.it\\\/de\\\/#website\",\"url\":\"https:\\\/\\\/www.radicicarpet.it\\\/de\\\/\",\"name\":\"Radici Moquette\",\"description\":\"\",\"potentialAction\":[{\"@type\":\"SearchAction\",\"target\":{\"@type\":\"EntryPoint\",\"urlTemplate\":\"https:\\\/\\\/www.radicicarpet.it\\\/de\\\/?s={search_term_string}\"},\"query-input\":{\"@type\":\"PropertyValueSpecification\",\"valueRequired\":true,\"valueName\":\"search_term_string\"}}],\"inLanguage\":\"de-DE\"},{\"@type\":\"Person\",\"@id\":\"https:\\\/\\\/www.radicicarpet.it\\\/de\\\/#\\\/schema\\\/person\\\/17665ade8c4d839cac4f0be6566ddc53\",\"name\":\"Valentina Gamba\",\"image\":{\"@type\":\"ImageObject\",\"inLanguage\":\"de-DE\",\"@id\":\"https:\\\/\\\/secure.gravatar.com\\\/avatar\\\/14952b16d336fc85aa3ff8024840b9e1c17781a1ca7c3414c220bf2ec8c7ccb3?s=96&d=mm&r=g\",\"url\":\"https:\\\/\\\/secure.gravatar.com\\\/avatar\\\/14952b16d336fc85aa3ff8024840b9e1c17781a1ca7c3414c220bf2ec8c7ccb3?s=96&d=mm&r=g\",\"contentUrl\":\"https:\\\/\\\/secure.gravatar.com\\\/avatar\\\/14952b16d336fc85aa3ff8024840b9e1c17781a1ca7c3414c220bf2ec8c7ccb3?s=96&d=mm&r=g\",\"caption\":\"Valentina Gamba\"}}]}<\/script>\n<!-- \/ Yoast SEO plugin. -->","yoast_head_json":{"title":"Mail\u00e4nder M\u00f6belmesse \u201eSalone del Mobile 2022\u201c | Radici","description":"Auf der EquipHotel 2022 pr\u00e4sentiert Radici eine in Zusammenarbeit mit der Designerin Chiara Andreatti entworfene neue Design-Kollektion f\u00fcr textile Bodenbel\u00e4ge.","robots":{"index":"index","follow":"follow","max-snippet":"max-snippet:-1","max-image-preview":"max-image-preview:large","max-video-preview":"max-video-preview:-1"},"canonical":"https:\/\/www.radicicarpet.it\/de\/news-de\/radici-x-salone-del-mobile-2022\/","og_locale":"de_DE","og_type":"article","og_title":"Mail\u00e4nder M\u00f6belmesse \u201eSalone del Mobile 2022\u201c | Radici","og_description":"Auf der EquipHotel 2022 pr\u00e4sentiert Radici eine in Zusammenarbeit mit der Designerin Chiara Andreatti entworfene neue Design-Kollektion f\u00fcr textile Bodenbel\u00e4ge.","og_url":"https:\/\/www.radicicarpet.it\/de\/news-de\/radici-x-salone-del-mobile-2022\/","og_site_name":"Radici","article_published_time":"2022-06-06T10:33:00+00:00","article_modified_time":"2023-12-22T09:13:11+00:00","og_image":[{"width":1288,"height":1288,"url":"https:\/\/www.radicicarpet.it\/app\/uploads\/2023\/10\/Copertina-7.webp","type":"image\/webp"}],"author":"Valentina Gamba","twitter_card":"summary_large_image","twitter_misc":{"Written by":"Valentina Gamba","Est. reading time":"1 minute"},"schema":{"@context":"https:\/\/schema.org","@graph":[{"@type":"Article","@id":"https:\/\/www.radicicarpet.it\/de\/news-de\/radici-x-salone-del-mobile-2022\/#article","isPartOf":{"@id":"https:\/\/www.radicicarpet.it\/de\/news-de\/radici-x-salone-del-mobile-2022\/"},"author":{"name":"Valentina Gamba","@id":"https:\/\/www.radicicarpet.it\/de\/#\/schema\/person\/17665ade8c4d839cac4f0be6566ddc53"},"headline":"Mail\u00e4nder M\u00f6belmesse \u201eSalone del Mobile 2022\u201c","datePublished":"2022-06-06T10:33:00+00:00","dateModified":"2023-12-22T09:13:11+00:00","mainEntityOfPage":{"@id":"https:\/\/www.radicicarpet.it\/de\/news-de\/radici-x-salone-del-mobile-2022\/"},"wordCount":7,"commentCount":0,"image":{"@id":"https:\/\/www.radicicarpet.it\/de\/news-de\/radici-x-salone-del-mobile-2022\/#primaryimage"},"thumbnailUrl":"https:\/\/www.radicicarpet.it\/app\/uploads\/2023\/10\/Copertina-7.webp","articleSection":["News"],"inLanguage":"de-DE","potentialAction":[{"@type":"CommentAction","name":"Comment","target":["https:\/\/www.radicicarpet.it\/de\/news-de\/radici-x-salone-del-mobile-2022\/#respond"]}]},{"@type":"WebPage","@id":"https:\/\/www.radicicarpet.it\/de\/news-de\/radici-x-salone-del-mobile-2022\/","url":"https:\/\/www.radicicarpet.it\/de\/news-de\/radici-x-salone-del-mobile-2022\/","name":"Mail\u00e4nder M\u00f6belmesse \u201eSalone del Mobile 2022\u201c | Radici","isPartOf":{"@id":"https:\/\/www.radicicarpet.it\/de\/#website"},"primaryImageOfPage":{"@id":"https:\/\/www.radicicarpet.it\/de\/news-de\/radici-x-salone-del-mobile-2022\/#primaryimage"},"image":{"@id":"https:\/\/www.radicicarpet.it\/de\/news-de\/radici-x-salone-del-mobile-2022\/#primaryimage"},"thumbnailUrl":"https:\/\/www.radicicarpet.it\/app\/uploads\/2023\/10\/Copertina-7.webp","datePublished":"2022-06-06T10:33:00+00:00","dateModified":"2023-12-22T09:13:11+00:00","author":{"@id":"https:\/\/www.radicicarpet.it\/de\/#\/schema\/person\/17665ade8c4d839cac4f0be6566ddc53"},"description":"Auf der EquipHotel 2022 pr\u00e4sentiert Radici eine in Zusammenarbeit mit der Designerin Chiara Andreatti entworfene neue Design-Kollektion f\u00fcr textile Bodenbel\u00e4ge.","breadcrumb":{"@id":"https:\/\/www.radicicarpet.it\/de\/news-de\/radici-x-salone-del-mobile-2022\/#breadcrumb"},"inLanguage":"de-DE","potentialAction":[{"@type":"ReadAction","target":["https:\/\/www.radicicarpet.it\/de\/news-de\/radici-x-salone-del-mobile-2022\/"]}]},{"@type":"ImageObject","inLanguage":"de-DE","@id":"https:\/\/www.radicicarpet.it\/de\/news-de\/radici-x-salone-del-mobile-2022\/#primaryimage","url":"https:\/\/www.radicicarpet.it\/app\/uploads\/2023\/10\/Copertina-7.webp","contentUrl":"https:\/\/www.radicicarpet.it\/app\/uploads\/2023\/10\/Copertina-7.webp","width":1288,"height":1288},{"@type":"BreadcrumbList","@id":"https:\/\/www.radicicarpet.it\/de\/news-de\/radici-x-salone-del-mobile-2022\/#breadcrumb","itemListElement":[{"@type":"ListItem","position":1,"name":"Home","item":"https:\/\/www.radicicarpet.it\/de\/"},{"@type":"ListItem","position":2,"name":"Mail\u00e4nder M\u00f6belmesse \u201eSalone del Mobile 2022\u201c"}]},{"@type":"WebSite","@id":"https:\/\/www.radicicarpet.it\/de\/#website","url":"https:\/\/www.radicicarpet.it\/de\/","name":"Radici Moquette","description":"","potentialAction":[{"@type":"SearchAction","target":{"@type":"EntryPoint","urlTemplate":"https:\/\/www.radicicarpet.it\/de\/?s={search_term_string}"},"query-input":{"@type":"PropertyValueSpecification","valueRequired":true,"valueName":"search_term_string"}}],"inLanguage":"de-DE"},{"@type":"Person","@id":"https:\/\/www.radicicarpet.it\/de\/#\/schema\/person\/17665ade8c4d839cac4f0be6566ddc53","name":"Valentina Gamba","image":{"@type":"ImageObject","inLanguage":"de-DE","@id":"https:\/\/secure.gravatar.com\/avatar\/14952b16d336fc85aa3ff8024840b9e1c17781a1ca7c3414c220bf2ec8c7ccb3?s=96&d=mm&r=g","url":"https:\/\/secure.gravatar.com\/avatar\/14952b16d336fc85aa3ff8024840b9e1c17781a1ca7c3414c220bf2ec8c7ccb3?s=96&d=mm&r=g","contentUrl":"https:\/\/secure.gravatar.com\/avatar\/14952b16d336fc85aa3ff8024840b9e1c17781a1ca7c3414c220bf2ec8c7ccb3?s=96&d=mm&r=g","caption":"Valentina Gamba"}}]}},"_links":{"self":[{"href":"https:\/\/www.radicicarpet.it\/de\/wp-json\/wp\/v2\/posts\/12956","targetHints":{"allow":["GET"]}}],"collection":[{"href":"https:\/\/www.radicicarpet.it\/de\/wp-json\/wp\/v2\/posts"}],"about":[{"href":"https:\/\/www.radicicarpet.it\/de\/wp-json\/wp\/v2\/types\/post"}],"author":[{"embeddable":true,"href":"https:\/\/www.radicicarpet.it\/de\/wp-json\/wp\/v2\/users\/5"}],"replies":[{"embeddable":true,"href":"https:\/\/www.radicicarpet.it\/de\/wp-json\/wp\/v2\/comments?post=12956"}],"version-history":[{"count":3,"href":"https:\/\/www.radicicarpet.it\/de\/wp-json\/wp\/v2\/posts\/12956\/revisions"}],"predecessor-version":[{"id":14642,"href":"https:\/\/www.radicicarpet.it\/de\/wp-json\/wp\/v2\/posts\/12956\/revisions\/14642"}],"wp:featuredmedia":[{"embeddable":true,"href":"https:\/\/www.radicicarpet.it\/de\/wp-json\/wp\/v2\/media\/12957"}],"wp:attachment":[{"href":"https:\/\/www.radicicarpet.it\/de\/wp-json\/wp\/v2\/media?parent=12956"}],"wp:term":[{"taxonomy":"category","embeddable":true,"href":"https:\/\/www.radicicarpet.it\/de\/wp-json\/wp\/v2\/categories?post=12956"},{"taxonomy":"post_tag","embeddable":true,"href":"https:\/\/www.radicicarpet.it\/de\/wp-json\/wp\/v2\/tags?post=12956"}],"curies":[{"name":"wp","href":"https:\/\/api.w.org\/{rel}","templated":true}]}}